{"id":33699,"date":"2024-06-28T08:45:42","date_gmt":"2024-06-28T06:45:42","guid":{"rendered":"https:\/\/plsk.eu\/lista-malych-projektow-rekomendowanych-do-dofinansowania-i-nabor-ogloszony-przez-euroregion-karpacki\/"},"modified":"2025-01-07T09:15:33","modified_gmt":"2025-01-07T08:15:33","slug":"zoznam-malych-projektov-na-schvalenie-na-spolufinancovanie-vyzva-vyhlasena-euroregionom-karpaty","status":"publish","type":"post","link":"https:\/\/plsk.eu\/sk\/zoznam-malych-projektov-na-schvalenie-na-spolufinancovanie-vyzva-vyhlasena-euroregionom-karpaty\/","title":{"rendered":"Zoznam mal\u00fdch projektov na schv\u00e1lenie na spolufinancovanie &#8211; v\u00fdzva vyhl\u00e1sen\u00e1 Euroregi\u00f3nom Karpaty"},"content":{"rendered":"\n<p>D\u0148a 27. j\u00fana 2024 sa v Rzesz\u00f3we uskuto\u010dnilo 2. zasadnutie V\u00fdboru pre mal\u00e9 projekty programu Interreg Po\u013esko-Slovensko 2021-2027 realizovan\u00e9ho Euroregi\u00f3nom Karpaty.<\/p>\n\n\n\n<p>V\u00fdbor schv\u00e1lil financovanie 15 mal\u00fdch projektov v r\u00e1mci 1. v\u00fdzvy na predkladanie projektov v r\u00e1mci priority 3. Kreat\u00edvne a turisticky atrakt\u00edvne pohrani\u010die vo v\u00fd\u0161ke takmer 1 mili\u00f3na eur, teda do v\u00fd\u0161ky dostupnej alok\u00e1cie pre v\u00fdzvu.<\/p>\n\n\n\n<p>Zoznam projektov schv\u00e1len\u00fdch na financovanie sa nach\u00e1dza ni\u017e\u0161ie:<\/p>\n\n\n\n<p><a href=\"https:\/\/plsk.eu\/wp-content\/uploads\/2024\/10\/Lista-malych-projektow-zatwierdzonych-do-dofinansowania-Karpaty.pdf\">Zoznam projektov schv\u00e1len\u00fdch na financovanie (pdf) 141.0 KB<\/a><\/p>\n\n\n\n<p>Zoznam projektov neschv\u00e1len\u00fdch na financovanie sa nach\u00e1dza ni\u017e\u0161ie:<\/p>\n\n\n\n<p><a href=\"https:\/\/plsk.eu\/wp-content\/uploads\/2024\/10\/Lista-malych-projektow-niezatwierdzonych-do-dofinansowania-Karpaty.pdf\">Zoznam projektov neschv\u00e1len\u00fdch na financovanie (pdf) 109.0 KB<\/a><\/p>\n","protected":false},"excerpt":{"rendered":"<p>D\u0148a 27. j\u00fana 2024 sa v Rzesz\u00f3we uskuto\u010dnilo 2. zasadnutie V\u00fdboru pre mal\u00e9 projekty programu Interreg Po\u013esko-Slovensko 2021-2027 realizovan\u00e9ho Euroregi\u00f3nom Karpaty. V\u00fdbor schv\u00e1lil financovanie 15 mal\u00fdch projektov v r\u00e1mci 1. v\u00fdzvy na predkladanie projektov v r\u00e1mci priority 3. Kreat\u00edvne a turisticky atrakt\u00edvne pohrani\u010die vo v\u00fd\u0161ke takmer 1 mili\u00f3na eur, teda do v\u00fd\u0161ky dostupnej alok\u00e1cie pre [&hellip;]<\/p>\n","protected":false},"author":22,"featured_media":38478,"comment_status":"open","ping_status":"open","sticky":false,"template":"","format":"standard","meta":{"_acf_changed":false,"inline_featured_image":false,"_themeisle_gutenberg_block_has_review":false,"footnotes":"","_links_to":"","_links_to_target":""},"categories":[1839],"tags":[],"class_list":["post-33699","post","type-post","status-publish","format-standard","has-post-thumbnail","hentry","category-bez-kategorii"],"acf":[],"_links":{"self":[{"href":"https:\/\/plsk.eu\/sk\/wp-json\/wp\/v2\/posts\/33699","targetHints":{"allow":["GET"]}}],"collection":[{"href":"https:\/\/plsk.eu\/sk\/wp-json\/wp\/v2\/posts"}],"about":[{"href":"https:\/\/plsk.eu\/sk\/wp-json\/wp\/v2\/types\/post"}],"author":[{"embeddable":true,"href":"https:\/\/plsk.eu\/sk\/wp-json\/wp\/v2\/users\/22"}],"replies":[{"embeddable":true,"href":"https:\/\/plsk.eu\/sk\/wp-json\/wp\/v2\/comments?post=33699"}],"version-history":[{"count":2,"href":"https:\/\/plsk.eu\/sk\/wp-json\/wp\/v2\/posts\/33699\/revisions"}],"predecessor-version":[{"id":33702,"href":"https:\/\/plsk.eu\/sk\/wp-json\/wp\/v2\/posts\/33699\/revisions\/33702"}],"wp:featuredmedia":[{"embeddable":true,"href":"https:\/\/plsk.eu\/sk\/wp-json\/wp\/v2\/media\/38478"}],"wp:attachment":[{"href":"https:\/\/plsk.eu\/sk\/wp-json\/wp\/v2\/media?parent=33699"}],"wp:term":[{"taxonomy":"category","embeddable":true,"href":"https:\/\/plsk.eu\/sk\/wp-json\/wp\/v2\/categories?post=33699"},{"taxonomy":"post_tag","embeddable":true,"href":"https:\/\/plsk.eu\/sk\/wp-json\/wp\/v2\/tags?post=33699"}],"curies":[{"name":"wp","href":"https:\/\/api.w.org\/{rel}","templated":true}]}}