{"id":33861,"date":"2023-10-25T14:05:00","date_gmt":"2023-10-25T12:05:00","guid":{"rendered":"https:\/\/plsk.eu\/i-nabor-malych-projektow-ogloszony-przez-stowarzyszenie-region-beskidy\/"},"modified":"2025-01-07T09:30:10","modified_gmt":"2025-01-07T08:30:10","slug":"i-nabor-malych-projektow-ogloszony-przez-stowarzyszenie-region-beskidy","status":"publish","type":"post","link":"https:\/\/plsk.eu\/sk\/i-nabor-malych-projektow-ogloszony-przez-stowarzyszenie-region-beskidy\/","title":{"rendered":"Prv\u00e1 v\u00fdzva na predkladanie \u017eiadost\u00ed o pr\u00edspevok pre mal\u00e9 projekty Zdru\u017eenie &#8222;Regi\u00f3n Beskydy\u201d"},"content":{"rendered":"\n<p>Zdru\u017eenie &#8222;Regi\u00f3n Beskydy\u201d vyhlasuje d\u0148a 24.10.2023 prv\u00fa v\u00fdzvu na predkladanie \u017eiadost\u00ed o&nbsp;pr\u00edspevok pre mal\u00e9 projekty v&nbsp;r\u00e1mci Priority 3. Tvoriv\u00e9 a&nbsp;turisticky atrakt\u00edvne pohrani\u010die programu Interreg Po\u013esko \u2013 Slovensko&nbsp; 2021 \u2013 2027.<\/p>\n\n\n\n<p>Podrobn\u00e9 inform\u00e1cie<a href=\"http:\/\/www.euroregion-beskidy.pl\/sk\/nabory-sk\/\" rel=\"nofollow noopener\" target=\"_blank\">&nbsp;n\u00e1jdete tu (kliknite).<\/a><\/p>\n\n\n\n<p><strong>N\u00e1zov a&nbsp;adresa in\u0161tit\u00facie, ktor\u00e1 vyhlasuje v\u00fdzvu:<\/strong><\/p>\n\n\n\n<p>Zdru\u017eenie&nbsp;&#8222;Regi\u00f3n Beskydy\u201d<\/p>\n\n\n\n<p>ul. Widok 18\/3<\/p>\n\n\n\n<p>43-300 Bielsko-Bia\u0142a<\/p>\n\n\n\n<p>tel: +48 33 488 89 24<\/p>\n\n\n\n<p>e-mail:&nbsp;<a href=\"mailto:n.lesinska@euroregion-beskidy.pl\">n.lesinska@euroregion-beskidy.pl<\/a>,&nbsp;<a href=\"mailto:b.baranska@euroregion-beskidy.pl\">b.baranska@euroregion-beskidy.pl<\/a><\/p>\n\n\n\n<p><a href=\"http:\/\/www.euroregion-beskidy.pl\/sk\/\" rel=\"nofollow noopener\" target=\"_blank\">http:\/\/www.euroregion-beskidy.pl\/sk\/<\/a><\/p>\n","protected":false},"excerpt":{"rendered":"<p>Zdru\u017eenie &#8222;Regi\u00f3n Beskydy\u201d vyhlasuje d\u0148a 24.10.2023 prv\u00fa v\u00fdzvu na predkladanie \u017eiadost\u00ed o&nbsp;pr\u00edspevok pre mal\u00e9 projekty v&nbsp;r\u00e1mci Priority 3. Tvoriv\u00e9 a&nbsp;turisticky atrakt\u00edvne pohrani\u010die programu Interreg Po\u013esko \u2013 Slovensko&nbsp; 2021 \u2013 2027. Podrobn\u00e9 inform\u00e1cie&nbsp;n\u00e1jdete tu (kliknite). N\u00e1zov a&nbsp;adresa in\u0161tit\u00facie, ktor\u00e1 vyhlasuje v\u00fdzvu: Zdru\u017eenie&nbsp;&#8222;Regi\u00f3n Beskydy\u201d ul. Widok 18\/3 43-300 Bielsko-Bia\u0142a tel: +48 33 488 89 24 e-mail:&nbsp;n.lesinska@euroregion-beskidy.pl,&nbsp;b.baranska@euroregion-beskidy.pl http:\/\/www.euroregion-beskidy.pl\/sk\/<\/p>\n","protected":false},"author":22,"featured_media":38478,"comment_status":"open","ping_status":"open","sticky":false,"template":"","format":"standard","meta":{"_acf_changed":false,"inline_featured_image":false,"_themeisle_gutenberg_block_has_review":false,"footnotes":"","_links_to":"","_links_to_target":""},"categories":[1839],"tags":[],"class_list":["post-33861","post","type-post","status-publish","format-standard","has-post-thumbnail","hentry","category-bez-kategorii"],"acf":[],"_links":{"self":[{"href":"https:\/\/plsk.eu\/sk\/wp-json\/wp\/v2\/posts\/33861","targetHints":{"allow":["GET"]}}],"collection":[{"href":"https:\/\/plsk.eu\/sk\/wp-json\/wp\/v2\/posts"}],"about":[{"href":"https:\/\/plsk.eu\/sk\/wp-json\/wp\/v2\/types\/post"}],"author":[{"embeddable":true,"href":"https:\/\/plsk.eu\/sk\/wp-json\/wp\/v2\/users\/22"}],"replies":[{"embeddable":true,"href":"https:\/\/plsk.eu\/sk\/wp-json\/wp\/v2\/comments?post=33861"}],"version-history":[{"count":1,"href":"https:\/\/plsk.eu\/sk\/wp-json\/wp\/v2\/posts\/33861\/revisions"}],"predecessor-version":[{"id":33862,"href":"https:\/\/plsk.eu\/sk\/wp-json\/wp\/v2\/posts\/33861\/revisions\/33862"}],"wp:featuredmedia":[{"embeddable":true,"href":"https:\/\/plsk.eu\/sk\/wp-json\/wp\/v2\/media\/38478"}],"wp:attachment":[{"href":"https:\/\/plsk.eu\/sk\/wp-json\/wp\/v2\/media?parent=33861"}],"wp:term":[{"taxonomy":"category","embeddable":true,"href":"https:\/\/plsk.eu\/sk\/wp-json\/wp\/v2\/categories?post=33861"},{"taxonomy":"post_tag","embeddable":true,"href":"https:\/\/plsk.eu\/sk\/wp-json\/wp\/v2\/tags?post=33861"}],"curies":[{"name":"wp","href":"https:\/\/api.w.org\/{rel}","templated":true}]}}