{"id":33863,"date":"2023-10-25T14:00:00","date_gmt":"2023-10-25T12:00:00","guid":{"rendered":"https:\/\/plsk.eu\/i-nabor-malych-projektow-ogloszony-przez-samorzadowy-kraj-zylinski\/"},"modified":"2025-01-07T09:30:59","modified_gmt":"2025-01-07T08:30:59","slug":"prva-vyzva-na-predkladanie-ziadosti-o-prispevok-pre-male-projekty-zilinsky-samospravny-kraj","status":"publish","type":"post","link":"https:\/\/plsk.eu\/sk\/prva-vyzva-na-predkladanie-ziadosti-o-prispevok-pre-male-projekty-zilinsky-samospravny-kraj\/","title":{"rendered":"Prv\u00e1 v\u00fdzva na predkladanie \u017eiadost\u00ed o pr\u00edspevok pre mal\u00e9 projekty \u017dilinsk\u00fd samospr\u00e1vny kraj"},"content":{"rendered":"\n<p id=\"yui_patched_v3_11_0_1_1697630546772_412\">\u017dilinsk\u00fd&nbsp;samospr\u00e1vny kraj vyhlasuje d\u0148a 24.10.2023 prv\u00fa v\u00fdzvu na predkladanie \u017eiadost\u00ed o&nbsp;pr\u00edspevok pre mal\u00e9 projekty v&nbsp;r\u00e1mci Priority 4.&nbsp;Spolupr\u00e1ca medzi in\u0161tit\u00faciami a&nbsp;obyvate\u013emi pohrani\u010dia programu Interreg Po\u013esko \u2013 Slovensko&nbsp; 2021 \u2013 2027.<\/p>\n\n\n\n<p>Podrobn\u00e9 inform\u00e1cie<a href=\"https:\/\/www.zilinskazupa.sk\/sk\/eurofondy\/programove-obdobie-2021-2027\/fond-malych-projektov\/-fundusz-malych-projektow-interreg-pl-sk\/sk\/1-vyzva-predkladanie-ziadosti-prispevok-male-projekty-z-efrr-ramci-priority-4-spolupraca-medzi-instituciami-obyv.html\" rel=\"nofollow noopener\" target=\"_blank\">&nbsp;n\u00e1jdete tu (kliknite).<\/a><\/p>\n\n\n\n<p><strong>N\u00e1zov a&nbsp;adresa in\u0161tit\u00facie, ktor\u00e1 vyhlasuje v\u00fdzvu:<\/strong><\/p>\n\n\n\n<p>\u017dilinsk\u00fd samospr\u00e1vny kraj<\/p>\n\n\n\n<p>Komensk\u00e9ho 48<\/p>\n\n\n\n<p>011 09&nbsp; \u017dilina<\/p>\n\n\n\n<p>Tel.: + 421 41 5032 175; + 421 41 5032 307; + 421 41 5032 340<\/p>\n\n\n\n<p>e-mail:&nbsp;<a href=\"javascript:decodeEmail('ks!apuzaksniliz~pmfkslp')\">plskfmp@zilinskazupa.sk<\/a><a href=\"mailto:plskfmp@zilinskazupa.sk%C2%A0\">&nbsp;<\/a><\/p>\n\n\n\n<p><a href=\"http:\/\/www.regionzilina.sk\/\" rel=\"nofollow noopener\" target=\"_blank\">www.regionzilina.sk<\/a><\/p>\n","protected":false},"excerpt":{"rendered":"<p>\u017dilinsk\u00fd&nbsp;samospr\u00e1vny kraj vyhlasuje d\u0148a 24.10.2023 prv\u00fa v\u00fdzvu na predkladanie \u017eiadost\u00ed o&nbsp;pr\u00edspevok pre mal\u00e9 projekty v&nbsp;r\u00e1mci Priority 4.&nbsp;Spolupr\u00e1ca medzi in\u0161tit\u00faciami a&nbsp;obyvate\u013emi pohrani\u010dia programu Interreg Po\u013esko \u2013 Slovensko&nbsp; 2021 \u2013 2027. Podrobn\u00e9 inform\u00e1cie&nbsp;n\u00e1jdete tu (kliknite). N\u00e1zov a&nbsp;adresa in\u0161tit\u00facie, ktor\u00e1 vyhlasuje v\u00fdzvu: \u017dilinsk\u00fd samospr\u00e1vny kraj Komensk\u00e9ho 48 011 09&nbsp; \u017dilina Tel.: + 421 41 5032 175; + 421 [&hellip;]<\/p>\n","protected":false},"author":22,"featured_media":38478,"comment_status":"open","ping_status":"open","sticky":false,"template":"","format":"standard","meta":{"_acf_changed":false,"inline_featured_image":false,"_themeisle_gutenberg_block_has_review":false,"footnotes":"","_links_to":"","_links_to_target":""},"categories":[1839],"tags":[],"class_list":["post-33863","post","type-post","status-publish","format-standard","has-post-thumbnail","hentry","category-bez-kategorii"],"acf":[],"_links":{"self":[{"href":"https:\/\/plsk.eu\/sk\/wp-json\/wp\/v2\/posts\/33863","targetHints":{"allow":["GET"]}}],"collection":[{"href":"https:\/\/plsk.eu\/sk\/wp-json\/wp\/v2\/posts"}],"about":[{"href":"https:\/\/plsk.eu\/sk\/wp-json\/wp\/v2\/types\/post"}],"author":[{"embeddable":true,"href":"https:\/\/plsk.eu\/sk\/wp-json\/wp\/v2\/users\/22"}],"replies":[{"embeddable":true,"href":"https:\/\/plsk.eu\/sk\/wp-json\/wp\/v2\/comments?post=33863"}],"version-history":[{"count":1,"href":"https:\/\/plsk.eu\/sk\/wp-json\/wp\/v2\/posts\/33863\/revisions"}],"predecessor-version":[{"id":33864,"href":"https:\/\/plsk.eu\/sk\/wp-json\/wp\/v2\/posts\/33863\/revisions\/33864"}],"wp:featuredmedia":[{"embeddable":true,"href":"https:\/\/plsk.eu\/sk\/wp-json\/wp\/v2\/media\/38478"}],"wp:attachment":[{"href":"https:\/\/plsk.eu\/sk\/wp-json\/wp\/v2\/media?parent=33863"}],"wp:term":[{"taxonomy":"category","embeddable":true,"href":"https:\/\/plsk.eu\/sk\/wp-json\/wp\/v2\/categories?post=33863"},{"taxonomy":"post_tag","embeddable":true,"href":"https:\/\/plsk.eu\/sk\/wp-json\/wp\/v2\/tags?post=33863"}],"curies":[{"name":"wp","href":"https:\/\/api.w.org\/{rel}","templated":true}]}}