{"id":33867,"date":"2023-10-18T14:07:00","date_gmt":"2023-10-18T12:07:00","guid":{"rendered":"https:\/\/plsk.eu\/i-nabor-malych-projektow-ogloszony-przez-samorzadowy-kraj-preszowski\/"},"modified":"2025-01-07T09:33:26","modified_gmt":"2025-01-07T08:33:26","slug":"prva-vyzva-na-predkladanie-ziadosti-o-prispevok-pre-male-projekty-presovsky-samospravny-kraj","status":"publish","type":"post","link":"https:\/\/plsk.eu\/sk\/prva-vyzva-na-predkladanie-ziadosti-o-prispevok-pre-male-projekty-presovsky-samospravny-kraj\/","title":{"rendered":"Prv\u00e1 v\u00fdzva na predkladanie \u017eiadost\u00ed o pr\u00edspevok pre mal\u00e9 projekty Pre\u0161ovsk\u00fd samospr\u00e1vny kraj"},"content":{"rendered":"\n<p id=\"yui_patched_v3_11_0_1_1697630546772_412\">Pre\u0161ovsk\u00fd samospr\u00e1vny kraj vyhlasuje d\u0148a 16.10.2023 prv\u00fa v\u00fdzvu na predkladanie \u017eiadost\u00ed o&nbsp;pr\u00edspevok pre mal\u00e9 projekty v&nbsp;r\u00e1mci Priority 4.&nbsp;Spolupr\u00e1ca medzi in\u0161tit\u00faciami a&nbsp;obyvate\u013emi pohrani\u010dia programu Interreg Po\u013esko \u2013 Slovensko&nbsp; 2021 \u2013 2027.<\/p>\n\n\n\n<p>Podrobn\u00e9 inform\u00e1cie<a href=\"https:\/\/www.po-kraj.sk\/sk\/samosprava\/vyzvy-granty\/cezhranicne-programy\/program-cezhranicnej-spoluprace-polsko-slovensko-2021-2027\/vyzvy\/pl-sk-2021-2027-male-projekty-priorita-4-prva-vyzva.html\" rel=\"nofollow noopener\" target=\"_blank\">&nbsp;n\u00e1jdete tu (kliknite).<\/a><\/p>\n\n\n\n<p><strong>N\u00e1zov a&nbsp;adresa in\u0161tit\u00facie, ktor\u00e1 vyhlasuje v\u00fdzvu:<\/strong><\/p>\n\n\n\n<p>Pre\u0161ovsk\u00fd samospr\u00e1vny kraj<\/p>\n\n\n\n<p>N\u00e1mestie mieru 2&nbsp;<\/p>\n\n\n\n<p>080 01&nbsp;Pre\u0161ov<\/p>\n\n\n\n<p>tel.+ 421&nbsp;51&nbsp;7081&nbsp;572<\/p>\n\n\n\n<p>e-mail:<a href=\"mailto:fmp@psk.sk\">&nbsp;fmp@psk.sk<\/a>&nbsp;<\/p>\n\n\n\n<p><a href=\"https:\/\/www.po-kraj.sk\/\" rel=\"nofollow noopener\" target=\"_blank\">www.po-kraj.sk<\/a><\/p>\n","protected":false},"excerpt":{"rendered":"<p>Pre\u0161ovsk\u00fd samospr\u00e1vny kraj vyhlasuje d\u0148a 16.10.2023 prv\u00fa v\u00fdzvu na predkladanie \u017eiadost\u00ed o&nbsp;pr\u00edspevok pre mal\u00e9 projekty v&nbsp;r\u00e1mci Priority 4.&nbsp;Spolupr\u00e1ca medzi in\u0161tit\u00faciami a&nbsp;obyvate\u013emi pohrani\u010dia programu Interreg Po\u013esko \u2013 Slovensko&nbsp; 2021 \u2013 2027. Podrobn\u00e9 inform\u00e1cie&nbsp;n\u00e1jdete tu (kliknite). N\u00e1zov a&nbsp;adresa in\u0161tit\u00facie, ktor\u00e1 vyhlasuje v\u00fdzvu: Pre\u0161ovsk\u00fd samospr\u00e1vny kraj N\u00e1mestie mieru 2&nbsp; 080 01&nbsp;Pre\u0161ov tel.+ 421&nbsp;51&nbsp;7081&nbsp;572 e-mail:&nbsp;fmp@psk.sk&nbsp; www.po-kraj.sk<\/p>\n","protected":false},"author":22,"featured_media":38478,"comment_status":"open","ping_status":"open","sticky":false,"template":"","format":"standard","meta":{"_acf_changed":false,"inline_featured_image":false,"_themeisle_gutenberg_block_has_review":false,"footnotes":"","_links_to":"","_links_to_target":""},"categories":[1839],"tags":[],"class_list":["post-33867","post","type-post","status-publish","format-standard","has-post-thumbnail","hentry","category-bez-kategorii"],"acf":[],"_links":{"self":[{"href":"https:\/\/plsk.eu\/sk\/wp-json\/wp\/v2\/posts\/33867","targetHints":{"allow":["GET"]}}],"collection":[{"href":"https:\/\/plsk.eu\/sk\/wp-json\/wp\/v2\/posts"}],"about":[{"href":"https:\/\/plsk.eu\/sk\/wp-json\/wp\/v2\/types\/post"}],"author":[{"embeddable":true,"href":"https:\/\/plsk.eu\/sk\/wp-json\/wp\/v2\/users\/22"}],"replies":[{"embeddable":true,"href":"https:\/\/plsk.eu\/sk\/wp-json\/wp\/v2\/comments?post=33867"}],"version-history":[{"count":2,"href":"https:\/\/plsk.eu\/sk\/wp-json\/wp\/v2\/posts\/33867\/revisions"}],"predecessor-version":[{"id":33869,"href":"https:\/\/plsk.eu\/sk\/wp-json\/wp\/v2\/posts\/33867\/revisions\/33869"}],"wp:featuredmedia":[{"embeddable":true,"href":"https:\/\/plsk.eu\/sk\/wp-json\/wp\/v2\/media\/38478"}],"wp:attachment":[{"href":"https:\/\/plsk.eu\/sk\/wp-json\/wp\/v2\/media?parent=33867"}],"wp:term":[{"taxonomy":"category","embeddable":true,"href":"https:\/\/plsk.eu\/sk\/wp-json\/wp\/v2\/categories?post=33867"},{"taxonomy":"post_tag","embeddable":true,"href":"https:\/\/plsk.eu\/sk\/wp-json\/wp\/v2\/tags?post=33867"}],"curies":[{"name":"wp","href":"https:\/\/api.w.org\/{rel}","templated":true}]}}