{"id":33870,"date":"2023-10-18T14:08:00","date_gmt":"2023-10-18T12:08:00","guid":{"rendered":"https:\/\/plsk.eu\/i-nabor-malych-projektow-ogloszony-przez-stowarzyszenie-euroregion-karpacki\/"},"modified":"2025-01-07T09:32:39","modified_gmt":"2025-01-07T08:32:39","slug":"prva-vyzva-na-predkladanie-ziadosti-o-prispevok-pre-male-projekty-zdruzenie-karpatsky-euroregion-polsko","status":"publish","type":"post","link":"https:\/\/plsk.eu\/sk\/prva-vyzva-na-predkladanie-ziadosti-o-prispevok-pre-male-projekty-zdruzenie-karpatsky-euroregion-polsko\/","title":{"rendered":"Prv\u00e1 v\u00fdzva na predkladanie \u017eiadost\u00ed o pr\u00edspevok pre mal\u00e9 projekty Zdru\u017eenie Karpatsk\u00fd euroregi\u00f3n Po\u013esko"},"content":{"rendered":"\n<p id=\"yui_patched_v3_11_0_1_1697630546772_412\">Zdru\u017eenie Karpatsk\u00fd euroregi\u00f3n Po\u013esko vyhlasuje d\u0148a 16.10.2023 prv\u00fa v\u00fdzvu na predkladanie \u017eiadost\u00ed o&nbsp;pr\u00edspevok pre mal\u00e9 projekty v&nbsp;r\u00e1mci Priority 3. Tvoriv\u00e9 a&nbsp;turisticky atrakt\u00edvne pohrani\u010die programu Interreg Po\u013esko \u2013 Slovensko&nbsp; 2021 \u2013 2027.<\/p>\n\n\n\n<p>Podrobn\u00e9 inform\u00e1cie<a href=\"https:\/\/www.karpacki.pl\/sk\/eurofondov\/fond-malych-projektov-program-interreg-polsko-slovensko-2021-2027\/i-nabor-wnioskow\/\" rel=\"nofollow noopener\" target=\"_blank\">&nbsp;n\u00e1jdete tu (kliknite).<\/a><\/p>\n\n\n\n<p><strong>N\u00e1zov a&nbsp;adresa in\u0161tit\u00facie, ktor\u00e1 vyhlasuje v\u00fdzvu:<\/strong><\/p>\n\n\n\n<p>Zdru\u017eenie Karpatsk\u00fd euroregi\u00f3n Po\u013esko<\/p>\n\n\n\n<p>pl. Jana Kili\u0144skiego 2<\/p>\n\n\n\n<p>32-005 Rzesz\u00f3w<\/p>\n\n\n\n<p>tel. +48 17 852 52 05<\/p>\n\n\n\n<p>e-mail:&nbsp;<a href=\"mailto:sekretariat@karpacki.pl\">sekretariat@karpacki.pl<\/a><\/p>\n\n\n\n<p><a href=\"http:\/\/www.karpacki.pl\/\" rel=\"nofollow noopener\" target=\"_blank\">www.karpacki.pl<\/a><\/p>\n","protected":false},"excerpt":{"rendered":"<p>Zdru\u017eenie Karpatsk\u00fd euroregi\u00f3n Po\u013esko vyhlasuje d\u0148a 16.10.2023 prv\u00fa v\u00fdzvu na predkladanie \u017eiadost\u00ed o&nbsp;pr\u00edspevok pre mal\u00e9 projekty v&nbsp;r\u00e1mci Priority 3. Tvoriv\u00e9 a&nbsp;turisticky atrakt\u00edvne pohrani\u010die programu Interreg Po\u013esko \u2013 Slovensko&nbsp; 2021 \u2013 2027. Podrobn\u00e9 inform\u00e1cie&nbsp;n\u00e1jdete tu (kliknite). N\u00e1zov a&nbsp;adresa in\u0161tit\u00facie, ktor\u00e1 vyhlasuje v\u00fdzvu: Zdru\u017eenie Karpatsk\u00fd euroregi\u00f3n Po\u013esko pl. Jana Kili\u0144skiego 2 32-005 Rzesz\u00f3w tel. +48 17 852 [&hellip;]<\/p>\n","protected":false},"author":22,"featured_media":38478,"comment_status":"open","ping_status":"open","sticky":false,"template":"","format":"standard","meta":{"_acf_changed":false,"inline_featured_image":false,"_themeisle_gutenberg_block_has_review":false,"footnotes":"","_links_to":"","_links_to_target":""},"categories":[1839],"tags":[],"class_list":["post-33870","post","type-post","status-publish","format-standard","has-post-thumbnail","hentry","category-bez-kategorii"],"acf":[],"_links":{"self":[{"href":"https:\/\/plsk.eu\/sk\/wp-json\/wp\/v2\/posts\/33870","targetHints":{"allow":["GET"]}}],"collection":[{"href":"https:\/\/plsk.eu\/sk\/wp-json\/wp\/v2\/posts"}],"about":[{"href":"https:\/\/plsk.eu\/sk\/wp-json\/wp\/v2\/types\/post"}],"author":[{"embeddable":true,"href":"https:\/\/plsk.eu\/sk\/wp-json\/wp\/v2\/users\/22"}],"replies":[{"embeddable":true,"href":"https:\/\/plsk.eu\/sk\/wp-json\/wp\/v2\/comments?post=33870"}],"version-history":[{"count":1,"href":"https:\/\/plsk.eu\/sk\/wp-json\/wp\/v2\/posts\/33870\/revisions"}],"predecessor-version":[{"id":33871,"href":"https:\/\/plsk.eu\/sk\/wp-json\/wp\/v2\/posts\/33870\/revisions\/33871"}],"wp:featuredmedia":[{"embeddable":true,"href":"https:\/\/plsk.eu\/sk\/wp-json\/wp\/v2\/media\/38478"}],"wp:attachment":[{"href":"https:\/\/plsk.eu\/sk\/wp-json\/wp\/v2\/media?parent=33870"}],"wp:term":[{"taxonomy":"category","embeddable":true,"href":"https:\/\/plsk.eu\/sk\/wp-json\/wp\/v2\/categories?post=33870"},{"taxonomy":"post_tag","embeddable":true,"href":"https:\/\/plsk.eu\/sk\/wp-json\/wp\/v2\/tags?post=33870"}],"curies":[{"name":"wp","href":"https:\/\/api.w.org\/{rel}","templated":true}]}}