{"id":33872,"date":"2023-10-18T14:09:00","date_gmt":"2023-10-18T12:09:00","guid":{"rendered":"https:\/\/plsk.eu\/i-nabor-malych-projektow-ogloszony-przez-euwt-tatry\/"},"modified":"2025-01-07T09:31:52","modified_gmt":"2025-01-07T08:31:52","slug":"prva-vyzva-na-predkladanie-ziadosti-o-prispevok-pre-male-projekty-europske-zoskupenie-uzemnej-spoluprace-tatry","status":"publish","type":"post","link":"https:\/\/plsk.eu\/sk\/prva-vyzva-na-predkladanie-ziadosti-o-prispevok-pre-male-projekty-europske-zoskupenie-uzemnej-spoluprace-tatry\/","title":{"rendered":"Prv\u00e1 v\u00fdzva na predkladanie \u017eiadost\u00ed o pr\u00edspevok pre mal\u00e9 projekty Eur\u00f3pske zoskupenie \u00fazemnej spolupr\u00e1ce TATRY"},"content":{"rendered":"\n<p>Eur\u00f3pske zoskupenie \u00fazemnej spolupr\u00e1ce TATRY s&nbsp;r. o. vyhlasuje d\u0148a 16.10.2023 prv\u00fa v\u00fdzvu na predkladanie \u017eiadost\u00ed o&nbsp;pr\u00edspevok pre mal\u00e9 projekty v&nbsp;r\u00e1mci Priority 3. Tvoriv\u00e9 a&nbsp;turisticky atrakt\u00edvne pohrani\u010die programu Interreg Po\u013esko \u2013 Slovensko&nbsp; 2021 \u2013 2027.<\/p>\n\n\n\n<p>Podrobn\u00e9 inform\u00e1cie<a href=\"https:\/\/www.fmp-tatry.eu\/sk\/clanok\/prva-vyzva-na-predkladanie-ziadosti-o-prispevok-pre-male-projekty\/14\" rel=\"nofollow noopener\" target=\"_blank\">&nbsp;n\u00e1jdete tu (kliknite).<\/a><\/p>\n\n\n\n<p><strong>N\u00e1zov a&nbsp;adresa in\u0161tit\u00facie, ktor\u00e1 vyhlasuje v\u00fdzvu:<\/strong><\/p>\n\n\n\n<p>Eur\u00f3pske zoskupenie \u00fazemnej spolupr\u00e1ce TATRY s&nbsp;r.o.<br>ulica Sobieskiego 2<br>34-400 Nowy Targ, Po\u013esko<br>tel.+48 18 266 69 53<br>e-mail:&nbsp;<a href=\"mailto:info@fmp-tatry.eu\">info@fmp-tatry.eu<\/a><\/p>\n\n\n\n<p><a href=\"https:\/\/www.fmp-tatry.eu\/\" rel=\"nofollow noopener\" target=\"_blank\">www.fmp-tatry.eu\/<\/a><\/p>\n","protected":false},"excerpt":{"rendered":"<p>Eur\u00f3pske zoskupenie \u00fazemnej spolupr\u00e1ce TATRY s&nbsp;r. o. vyhlasuje d\u0148a 16.10.2023 prv\u00fa v\u00fdzvu na predkladanie \u017eiadost\u00ed o&nbsp;pr\u00edspevok pre mal\u00e9 projekty v&nbsp;r\u00e1mci Priority 3. Tvoriv\u00e9 a&nbsp;turisticky atrakt\u00edvne pohrani\u010die programu Interreg Po\u013esko \u2013 Slovensko&nbsp; 2021 \u2013 2027. Podrobn\u00e9 inform\u00e1cie&nbsp;n\u00e1jdete tu (kliknite). N\u00e1zov a&nbsp;adresa in\u0161tit\u00facie, ktor\u00e1 vyhlasuje v\u00fdzvu: Eur\u00f3pske zoskupenie \u00fazemnej spolupr\u00e1ce TATRY s&nbsp;r.o.ulica Sobieskiego 234-400 Nowy Targ, Po\u013eskotel.+48 [&hellip;]<\/p>\n","protected":false},"author":22,"featured_media":38478,"comment_status":"open","ping_status":"open","sticky":false,"template":"","format":"standard","meta":{"_acf_changed":false,"inline_featured_image":false,"_themeisle_gutenberg_block_has_review":false,"footnotes":"","_links_to":"","_links_to_target":""},"categories":[1839],"tags":[],"class_list":["post-33872","post","type-post","status-publish","format-standard","has-post-thumbnail","hentry","category-bez-kategorii"],"acf":[],"_links":{"self":[{"href":"https:\/\/plsk.eu\/sk\/wp-json\/wp\/v2\/posts\/33872","targetHints":{"allow":["GET"]}}],"collection":[{"href":"https:\/\/plsk.eu\/sk\/wp-json\/wp\/v2\/posts"}],"about":[{"href":"https:\/\/plsk.eu\/sk\/wp-json\/wp\/v2\/types\/post"}],"author":[{"embeddable":true,"href":"https:\/\/plsk.eu\/sk\/wp-json\/wp\/v2\/users\/22"}],"replies":[{"embeddable":true,"href":"https:\/\/plsk.eu\/sk\/wp-json\/wp\/v2\/comments?post=33872"}],"version-history":[{"count":1,"href":"https:\/\/plsk.eu\/sk\/wp-json\/wp\/v2\/posts\/33872\/revisions"}],"predecessor-version":[{"id":33873,"href":"https:\/\/plsk.eu\/sk\/wp-json\/wp\/v2\/posts\/33872\/revisions\/33873"}],"wp:featuredmedia":[{"embeddable":true,"href":"https:\/\/plsk.eu\/sk\/wp-json\/wp\/v2\/media\/38478"}],"wp:attachment":[{"href":"https:\/\/plsk.eu\/sk\/wp-json\/wp\/v2\/media?parent=33872"}],"wp:term":[{"taxonomy":"category","embeddable":true,"href":"https:\/\/plsk.eu\/sk\/wp-json\/wp\/v2\/categories?post=33872"},{"taxonomy":"post_tag","embeddable":true,"href":"https:\/\/plsk.eu\/sk\/wp-json\/wp\/v2\/tags?post=33872"}],"curies":[{"name":"wp","href":"https:\/\/api.w.org\/{rel}","templated":true}]}}