{"id":40413,"date":"2025-04-25T04:20:35","date_gmt":"2025-04-25T02:20:35","guid":{"rendered":"https:\/\/plsk.eu\/?p=40413"},"modified":"2025-10-09T13:29:22","modified_gmt":"2025-10-09T11:29:22","slug":"rozhovor-zdokonalovanie-spoluprace-v-oblasti-krizoveho-riadenia-polskych-a-slovenskych-zachrannych-sluzieb","status":"publish","type":"post","link":"https:\/\/plsk.eu\/sk\/rozhovor-zdokonalovanie-spoluprace-v-oblasti-krizoveho-riadenia-polskych-a-slovenskych-zachrannych-sluzieb\/","title":{"rendered":"Rozhovor: \u201eZlep\u0161enie spolupr\u00e1ce v oblasti kr\u00edzov\u00e9ho riadenia po\u013esk\u00fdch a slovensk\u00fdch z\u00e1chrann\u00fdch slu\u017eieb\u201c"},"content":{"rendered":"\n<p><strong>Pokra\u010dujeme v s\u00e9rii rozhovorov s prij\u00edmate\u013emi, v ktor\u00fdch zbierame n\u00e1zory a sk\u00fasenosti os\u00f4b priamo zapojen\u00fdch do realiz\u00e1cie projektov financovan\u00fdch z eur\u00f3pskych prostriedkov v r\u00e1mci Programu Interreg Po\u013esko \u2013 Slovensko.<\/strong><\/p>\n\n\n\n<p>Projekt \u201eZlep\u0161enie spolupr\u00e1ce v oblasti kr\u00edzov\u00e9ho riadenia po\u013esk\u00fdch a slovensk\u00fdch z\u00e1chrann\u00fdch slu\u017eieb\u201c sa realizuje v spolupr\u00e1ci \u0161iestich susediacich partnerov: Kr\u00e1sno nad Kysucou, \u010cadca, O\u0161\u010dadnica, Skalit\u00e9, Mil\u00f3wka a Rajcza.<\/p>\n\n\n\n<p>Rozhovor sme uskuto\u010dnili s paniami Joannou Kohut \u2013 z\u00e1stupky\u0148ou ved\u00faceho oddelenia invest\u00edci\u00ed a rozvoja obce Mil\u00f3wka a Alicjou Owczarzy \u2013 ved\u00facou oddelenia propag\u00e1cie a cezhrani\u010dnej spolupr\u00e1ce na Obecnom \u00farade v Rajczy.<\/p>\n\n\n\n<p>Dobr\u00fd de\u0148 d\u00e1my. \u010eakujeme v\u00e1m ve\u013emi pekne za mo\u017enos\u0165 uskuto\u010dni\u0165 rozhovor.<\/p>\n\n\n\n<div class=\"wp-block-group\"><div class=\"wp-block-group__inner-container is-layout-constrained wp-block-group-is-layout-constrained\">\n<h2 class=\"wp-block-heading\"><strong>Ak\u00e9 s\u00fa hlavn\u00e9 ciele projektu?<\/strong><\/h2>\n\n\n\n<p><strong>JK:<\/strong> Hlavn\u00fdm cie\u013eom n\u00e1\u0161ho projektu je predov\u0161etk\u00fdm vytvorenie spolo\u010dn\u00e9ho syst\u00e9mu varovania, monitorovania a reakcie v kr\u00edzov\u00fdch situ\u00e1ci\u00e1ch, najm\u00e4 prostredn\u00edctvom jednotiek dobrovo\u013en\u00e9ho hasi\u010dsk\u00e9ho zboru, a to ako na po\u013eskej, tak aj na slovenskej strane. Av\u0161ak syst\u00e9m nie je jedin\u00fdm cie\u013eom v \u010fal\u0161ej perspekt\u00edve spolupr\u00e1ce. V pr\u00edpade r\u00f4znych hrozieb bud\u00fa m\u00f4c\u0165 dobrovo\u013en\u00edci spoji\u0165 sily a vyu\u017e\u00edva\u0165 zak\u00fapen\u00e9 vybavenie, \u010d\u00edm si bud\u00fa navz\u00e1jom pom\u00e1ha\u0165 a podporova\u0165 sa. Okrem toho sa v r\u00e1mci projektu uskuto\u010dnia \u0161kolenia a vzdel\u00e1vacie stretnutia ur\u010den\u00e9 pre obyvate\u013eov r\u00f4znych vekov\u00fdch skup\u00edn, ktor\u00fdch cie\u013eom je odovzda\u0165 vedomosti o spr\u00e1vnom spr\u00e1van\u00ed a schopnosti reagova\u0165 v pr\u00edpade katastrofy alebo ohrozenia.<\/p>\n\n\n\n<p><strong>AO:<\/strong> D\u00f4le\u017eit\u00e9 je aj to, \u017ee spolo\u010dn\u00fd syst\u00e9m varovania, v\u010faka ktor\u00e9mu bud\u00fa m\u00f4c\u0165 jednotky DHZ z n\u00e1\u0161ho partnerstva r\u00fdchlo a efekt\u00edvne reagova\u0165 na udalosti na pohrani\u010d\u00ed, bude fungova\u0165 aj v n\u00e1ro\u010dnom, horskom a zalesnenom ter\u00e9ne.<\/p>\n\n\n\n<h2 class=\"wp-block-heading\"><strong>Ak\u00e9 s\u00fa siln\u00e9 str\u00e1nky projektu?<\/strong><\/h2>\n\n\n\n<p><strong>JK:<\/strong> Silnou str\u00e1nkou projektu je n\u00e1jdenie spolo\u010dn\u00e9ho cie\u013ea \u010dinnosti, ktor\u00fd je prioritou pre na\u0161e miestne komunity. Vz\u00e1jomn\u00e9 zapojenie partnerov do pr\u00edpravy a realiz\u00e1cie projektu ukazuje, do akej miery m\u00f4\u017eeme zaru\u010di\u0165 \u00faspech a naplnenie z\u00e1merov. Ve\u013ek\u00e9 nasadenie a vynalo\u017een\u00e9 prostriedky zo strany partnerov na realiz\u00e1ciu \u00falohy potvrdzuj\u00fa v\u00e1\u017enos\u0165 prijatej spolupr\u00e1ce v prospech \u010dinnost\u00ed pre obyvate\u013eov na oboch stran\u00e1ch hranice. Skupina partnerov, ktor\u00e1 nadviazala spolupr\u00e1cu na realiz\u00e1ciu tohto projektu, s\u00fa osoby s obrovsk\u00fdmi sk\u00fasenos\u0165ami so z\u00edskavan\u00edm extern\u00fdch fondov. Maj\u00fa rozsiahle sk\u00fasenosti a vedomosti v oblasti realiz\u00e1cie projektov, spr\u00e1vneho priebehu \u010dinnost\u00ed, primeran\u00fdch z\u00e1sad propag\u00e1cie. Napriek tomu, \u017ee nesed\u00edme v jednej kancel\u00e1rii, odovzd\u00e1vame si v\u0161etky inform\u00e1cie priebe\u017ene pod\u013ea potreby, \u010do sved\u010d\u00ed o na\u0161ej vysokej zodpovednosti a plnen\u00ed vz\u00e1jomn\u00fdch z\u00e1v\u00e4zkov. Okrem toho, ka\u017ed\u00fd partner pri vstupe do projektu zabezpe\u010dil jeho realiz\u00e1ciu po ekonomickej str\u00e1nke. Uvedomujeme si tie\u017e, \u017ee technol\u00f3gie vo svete napreduj\u00fa tak r\u00fdchlo, \u017ee je potrebn\u00e9 urobi\u0165 ve\u013ea, aby sme s t\u00fdmito rie\u0161eniami dr\u017eali krok a mohli zav\u00e1dza\u0165 rie\u0161enia, ktor\u00e9 u\u013eah\u010duj\u00fa \u017eivot a zvy\u0161uj\u00fa komfort \u017eivota a fungovania miestnych komun\u00edt.<\/p>\n\n\n\n<p><strong>AO:<\/strong> Rovnako d\u00f4le\u017eit\u00e9 je, \u017ee projekt v\u010faka svojej inovat\u00edvnosti sp\u00e1ja \u010dinnosti zameran\u00e9 na ochranu kl\u00edmy s bezpe\u010dnos\u0165ou obyvate\u013eov a ochranou ekosyst\u00e9mov. V na\u0161ich obciach \u017eije mnoho ohrozen\u00fdch druhov zvierat a vt\u00e1kov, ktor\u00e9 chr\u00e1nia smernice E\u00da, a v\u010faka posilneniu bezpe\u010dnosti m\u00f4\u017eeme chr\u00e1ni\u0165 aj tieto ekosyst\u00e9my pred po\u017eiarmi a v pr\u00edpade ohrozenia r\u00fdchlo reagova\u0165.<\/p>\n\n\n\n<h2 class=\"wp-block-heading\"><strong>Pre\u010do ste si vybrali pr\u00e1ve Interreg?<\/strong><\/h2>\n\n\n\n<p><strong>JK:<\/strong> Interreg sme si vybrali predov\u0161etk\u00fdm preto, \u017ee v r\u00e1mci tohto programu sme u\u017e realizovali mno\u017estvo projektov, a to ako v r\u00e1mci ve\u013ek\u00fdch, tak aj mal\u00fdch v\u00fdziev. Podpora poradensk\u00fdch t\u00edmov a zamestnancov programov\u00fdch in\u0161tit\u00faci\u00ed je v ka\u017edej f\u00e1ze realiz\u00e1cie na\u0161ich projektov v\u017edy komplexn\u00e1, odborn\u00e1 a cielen\u00e1. V\u00fdzvam predch\u00e1dza s\u00e9ria \u0161kolen\u00ed a mo\u017enos\u0165 konzult\u00e1cie projektov v kontexte spr\u00e1vneho stanovenia cie\u013eov pl\u00e1novan\u00fdch z\u00e1merov. Okrem toho je v r\u00e1mci programu mo\u017en\u00e9 z\u00edska\u0165 relat\u00edvne vysok\u00e9 percento finan\u010dnej podpory na realiz\u00e1ciu zam\u00fd\u0161\u013ean\u00fdch \u010dinnost\u00ed. Keby nebolo tejto podpory, mnoh\u00e9 z\u00e1mery by sa nedali realizova\u0165 z rozpo\u010dtov\u00fdch prostriedkov samospr\u00e1vnych jednotiek.<\/p>\n\n\n\n<p><strong>AO:<\/strong> Interreg podporuje na\u0161e aktivity u\u017e mnoho rokov, pl\u00e1novanie v\u00fdziev n\u00e1m umo\u017e\u0148uje pripravi\u0165 si dokument\u00e1ciu s predstihom a program reaguje na na\u0161e potreby.<\/p>\n\n\n\n<h2 class=\"wp-block-heading\"><strong>\u010co tento program pon\u00faka v porovnan\u00ed s in\u00fdmi?<\/strong><\/h2>\n\n\n\n<p><strong>JK:<\/strong> V r\u00e1mci programu Interreg sa realizuj\u00fa ciele, ktor\u00e9 podporuj\u00fa inovat\u00edvne a nov\u00e9 rie\u0161enia. Interreg podporuje v\u00fdmenu sk\u00fasenost\u00ed medzi spolo\u010densk\u00fdmi skupinami, realizuje sa politika region\u00e1lneho rozvoja na podporu rastu zamestnanosti. Okrem toho sa realizuj\u00fa aktivity, ktor\u00e9 sp\u00e1jaj\u00fa obyvate\u013eov obc\u00ed na oboch stran\u00e1ch hranice prostredn\u00edctvom ich integr\u00e1cie pri realiz\u00e1cii spolo\u010dn\u00fdch \u010dinnost\u00ed, \u010do m\u00e1 pozit\u00edvny vplyv na medzigenera\u010dn\u00fa v\u00fdmenu a nadregion\u00e1lnu spolupr\u00e1cu, a z\u00e1rove\u0148 zvy\u0161uje turistick\u00fa atraktivitu obc\u00ed. Do programu sa m\u00f4\u017eu zapoji\u0165 r\u00f4zne subjekty, \u010do znamen\u00e1, \u017ee realizovan\u00e9 \u010dinnosti zasahuj\u00fa r\u00f4zne oblasti a prispievaj\u00fa k zv\u00fd\u0161eniu komfortu \u017eivota obyvate\u013eov pohrani\u010dia.<\/p>\n\n\n\n<p><strong>AO:<\/strong> Ako som u\u017e spom\u00ednala, v\u00fdzvy s\u00fa pl\u00e1novan\u00e9 \u2013 pozn\u00e1me term\u00edny a oblasti v\u00fdziev, m\u00e1me \u010das na pr\u00edpravu dokument\u00e1cie a vytvorenie projektov\u00e9ho konceptu. Tieto \u010dinnosti s\u00fa v\u00fdsledkom predch\u00e1dzaj\u00facich konzult\u00e1ci\u00ed, rozhovorov a stretnut\u00ed, teda toho, \u010do in\u00fdm programom \u010dasto ch\u00fdba. Navy\u0161e m\u00e1me mo\u017enos\u0165 konzult\u00e1ci\u00ed, poradenstva a dost\u00e1vame podporu v ka\u017edej f\u00e1ze \u2013 a to je pr\u00e1ve v\u00fdnimo\u010dnos\u0165 tohto programu.<\/p>\n\n\n\n<h2 class=\"wp-block-heading\"><strong>Ak\u00e9 v\u00fdhody projekt prin\u00e1\u0161a?<\/strong><\/h2>\n\n\n\n<p><strong>JK:<\/strong> Je ich ve\u013ea. Predov\u0161etk\u00fdm zlep\u0161enie spolupr\u00e1ce v oblasti kr\u00edzov\u00e9ho riadenia, vr\u00e1tane v\u00fdmeny sk\u00fasenost\u00ed a \u0161tandardiz\u00e1cie vybavenia z\u00e1chrann\u00fdch slu\u017eieb v pohrani\u010dnej oblasti, ako aj zvy\u0161ovanie povedomia miestnej komunity a pohrani\u010dn\u00fdch organiz\u00e1ci\u00ed o potrebe ochrany \u017eivotn\u00e9ho prostredia, reakcie v pr\u00edpade \u017eiveln\u00fdch katastrof a poskytovania vz\u00e1jomnej pomoci.<\/p>\n\n\n\n<p><strong>AO:<\/strong> Podpora pre jednotky DHZ, ktor\u00e1 n\u00e1sledne vedie k zv\u00fd\u0161eniu bezpe\u010dnosti regi\u00f3nu pohrani\u010dia. D\u00f4le\u017eit\u00e1 je aj integr\u00e1cia bezpe\u010dnostn\u00fdch zlo\u017eiek z n\u00e1\u0161ho pohrani\u010dia. \u010eal\u0161\u00edmi pr\u00ednosmi s\u00fa aj zv\u00fd\u0161en\u00e1 ochrana n\u00e1\u0161ho ekosyst\u00e9mu \u2013 m\u00e1me cenn\u00e9 druhy rastl\u00edn a \u017eivo\u010d\u00edchov, ktor\u00e9 s\u00fa chr\u00e1nen\u00e9 v pr\u00edrodn\u00fdch rezerv\u00e1ci\u00e1ch a v Chr\u00e1nenej krajinnej oblasti \u017dywiec na \u00fazem\u00ed na\u0161ich obc\u00ed.<\/p>\n\n\n\n<h2 class=\"wp-block-heading\"><strong>Kedy a kde uvid\u00edme v\u00fdsledky?<\/strong><\/h2>\n\n\n\n<p><strong>JK:<\/strong> Pokia\u013e ide o obec Mil\u00f3wka, 30. decembra 2024 sme prevzali stredn\u00e9 z\u00e1sahov\u00e9 hasi\u010dsk\u00e9 vozidlo zak\u00fapen\u00e9 v r\u00e1mci projektu. V roku 2025 sa uskuto\u010dnia \u0161kolenia a vzdel\u00e1vacie a s\u00fa\u0165a\u017en\u00e9 stretnutia pre jednotky DHZ zapojen\u00e9 do projektu. Okrem toho sa v tomto roku zavedie spolo\u010dn\u00fd syst\u00e9m varovania. Ostatn\u00ed partneri tie\u017e zak\u00fapili potrebn\u00e9 vybavenie a v\u0161etci sa pripravujeme na spolo\u010dn\u00e9 aktivity s jeho vyu\u017eit\u00edm.<\/p>\n\n\n\n<p><strong>AO:<\/strong> V najbli\u017e\u0161om \u010dase zak\u00fapime spolo\u010dn\u00fd syst\u00e9m varovania, v lete za\u010dneme so spolo\u010dn\u00fdmi s\u00fa\u0165a\u017eami DHZ, tak\u017ee spolupr\u00e1ca organiz\u00e1ci\u00ed u\u017e vznik\u00e1 a jej prv\u00e9 v\u00fdsledky uvid\u00edme u\u017e o nieko\u013eko mesiacov.<\/p>\n\n\n\n<h2 class=\"wp-block-heading\"><strong>\u010c\u00edm sa v\u00e1\u0161 projekt odli\u0161uje od in\u00fdch cezhrani\u010dn\u00fdch aktiv\u00edt?<\/strong><\/h2>\n\n\n\n<p><strong>JK:<\/strong> N\u00e1\u0161 projekt predov\u0161etk\u00fdm zav\u00e1dza technologicky modern\u00e9 rie\u0161enia ur\u010den\u00e9 na spolo\u010dn\u00e9 zapojenie sa z\u00e1chrann\u00fdch slu\u017eieb na oboch stran\u00e1ch hranice v pr\u00edpade v\u00fdskytu hrozieb, ktor\u00e9 n\u00e1m m\u00f4\u017ee neo\u010dak\u00e1vane prinies\u0165 realita. \u00da\u010das\u0165 na \u0161koleniach, s\u00fa\u0165a\u017eiach a spolo\u010dn\u00e9 vzdel\u00e1vanie skup\u00edn obyvate\u013eov v oblasti spr\u00e1vneho reagovania na r\u00f4zne nebezpe\u010dn\u00e9 javy rob\u00ed tento projekt v\u00fdnimo\u010dn\u00fdm. Vy\u017eaduje si od partnerov v\u00e4\u010d\u0161ie zapojenie, z\u00edskanie dodato\u010dn\u00fdch vedomost\u00ed, v\u00e4\u010d\u0161ie \u010dasov\u00e9 nasadenie a osobn\u00fa anga\u017eovanos\u0165 v aktivit\u00e1ch. Projekt reaguje na potreby miestnych komun\u00edt, ale aj t\u00fdch obyvate\u013eov, ktor\u00ed bez oh\u013eadu na rizik\u00e1 prin\u00e1\u0161aj\u00fa pomoc kedyko\u013evek.<\/p>\n\n\n\n<p><strong>AO:<\/strong> V\u00fdnimo\u010dnos\u0165 tohto projektu spo\u010d\u00edva v reakcii na skuto\u010dn\u00e9 probl\u00e9my pohrani\u010dia: n\u00e1ro\u010dn\u00fd ter\u00e9n, hory, lesy \u2013 ochrana obyvate\u013estva, ochrana pohrani\u010dia, ako aj ochrana kl\u00edmy v tak\u00fdchto podmienkach si vy\u017eaduje v\u00e4\u010d\u0161ie \u00fasilie, vedomosti a vyu\u017e\u00edvanie sk\u00fasenost\u00ed, ktor\u00e9 mo\u017eno z\u00edska\u0165 pr\u00e1ve v takomto partnerstve. V\u010faka realiz\u00e1cii tohto projektu m\u00f4\u017eeme \u0161koli\u0165, spozn\u00e1va\u0165 a u\u010di\u0165 sa.<\/p>\n\n\n\n<h2 class=\"wp-block-heading\"><strong>Splnila spolupr\u00e1ca va\u0161e o\u010dak\u00e1vania?<\/strong><\/h2>\n\n\n\n<p><strong>JK:<\/strong> \u00c1no, ur\u010dite. V\u010faka dobrej spolupr\u00e1ci a anga\u017eovanosti partnerov prebiehala realiz\u00e1cia \u00falohy bez v\u00e4\u010d\u0161\u00edch probl\u00e9mov.<\/p>\n\n\n\n<p><strong>AO:<\/strong> Treba zd\u00f4razni\u0165, \u017ee sme susedia a spolu s partnermi realizujeme mnoho projektov, t\u00e1to spolupr\u00e1ca zodpoved\u00e1 potreb\u00e1m v\u0161etk\u00fdch partnerov, chceme ju rozv\u00edja\u0165 a pokra\u010dova\u0165 v nej.<\/p>\n\n\n\n<h2 class=\"wp-block-heading\"><strong>Rozhodli by ste sa znovu pre realiz\u00e1ciu cezhrani\u010dn\u00e9ho projektu?<\/strong><\/h2>\n\n\n\n<p><strong>JK:<\/strong> Ur\u010dite \u00e1no. Predov\u0161etk\u00fdm je mo\u017en\u00e9 rozdeli\u0165 si zodpovednos\u0165 za realizovan\u00e9 \u00falohy. Ak partneri projektu chc\u00fa dosiahnu\u0165 stanoven\u00fd cie\u013e a ved\u00fa \u00falohy tak, \u017ee jeden s druh\u00fdm r\u00e1taj\u00fa, vznikne dobr\u00fd t\u00edm \u013eud\u00ed, vtedy m\u00f4\u017ee by\u0165 realiz\u00e1cia cezhrani\u010dn\u00fdch projektov nielen mo\u017en\u00e1, ale aj \u017eiaduca. My by sme sa bez v\u00e1hania rozhodli realizova\u0165 \u010fal\u0161\u00ed cezhrani\u010dn\u00fd projekt.<\/p>\n\n\n\n<p><strong>AO:<\/strong> Samozrejme, ka\u017ed\u00fd projekt je novou v\u00fdzvou, ale aj nov\u00fdmi n\u00e1padmi a cie\u013emi, ktor\u00e9 spolo\u010dne realizujeme. Sme otvoren\u00ed nov\u00fdm v\u00fdzvam a u\u017e sa nevieme do\u010dka\u0165 \u010fal\u0161\u00edch projektov.<\/p>\n\n\n\n<h2 class=\"wp-block-heading\"><strong>M\u00e1 spolupr\u00e1ca zmysel a oplat\u00ed sa?<\/strong><\/h2>\n\n\n\n<p><strong>JK: <\/strong>V\u00e4\u010d\u0161\u00ed po\u010det \u013eud\u00ed zapojen\u00fdch do realiz\u00e1cie projektu zvy\u0161uje \u0161ance na \u00faspech a dosiahnutie stanoven\u00fdch v\u00fdsledkov. To povzbudzuje k v\u00e4\u010d\u0161ej medzin\u00e1rodnej aktivite v oblasti prekon\u00e1vania stereotypov a predsudkov existuj\u00facich na oboch stran\u00e1ch hranice, ako aj k prekon\u00e1vaniu \u0161t\u00e1tnej hranice ako soci\u00e1lnej, infra\u0161trukt\u00farnej a kult\u00farnej bari\u00e9ry. Cezhrani\u010dn\u00e1 a medziregion\u00e1lna spolupr\u00e1ca posil\u0148uje dobr\u00e9 susedsk\u00e9 vz\u0165ahy medzi krajinami, zaru\u010duje stabilitu a zabezpe\u010duje partnersk\u00fd a vyv\u00e1\u017een\u00fd soci\u00e1lno-ekonomick\u00fd rozvoj.<\/p>\n\n\n\n<p><strong>AO:<\/strong> Samozrejme, \u017ee sa oplat\u00ed. U\u017e roky budujeme partnerstv\u00e1 a v\u010faka na\u0161ej spolupr\u00e1ci znovu objavujeme na\u0161e pohrani\u010die. Spozn\u00e1vame \u013eud\u00ed, budujeme infra\u0161trukt\u00faru, ktor\u00e1 n\u00e1s sp\u00e1ja. U\u017e tu nie s\u00fa m\u00fary ani hranice, je tu jeden spolo\u010dn\u00fd priestor, ktor\u00fd sa kult\u00farne a jazykovo l\u00ed\u0161i, ale my to premie\u0148ame na v\u00fdhodu \u2013 to je n\u00e1\u0161 zisk! Sme budovatelia spolo\u010denstva, ktor\u00e9 z\u00edskava nov\u00e9 sk\u00fasenosti, vedomosti a identitu.<\/p>\n\n\n\n<h2 class=\"wp-block-heading\"><strong>Ak\u00e9 \u0165a\u017ekosti ste pri realiz\u00e1cii zaznamenali?<\/strong><\/h2>\n\n\n\n<p><strong>JK:<\/strong> V z\u00e1sade sme po\u010das realiz\u00e1cie nenarazili na \u017eiadne probl\u00e9my.<\/p>\n\n\n\n<p><strong>AO:<\/strong> Pod\u013ea m\u00f4jho n\u00e1zoru je najv\u00e4\u010d\u0161ou prek\u00e1\u017ekou verejn\u00e9 obstar\u00e1vanie \u2013 to v\u00fdrazne komplikuje situ\u00e1ciu a odr\u00e1dza menej sk\u00fasen\u00fdch partnerov a niekedy s t\u00fdm maj\u00fa probl\u00e9m aj t\u00ed ve\u013emi sk\u00fasen\u00ed.<\/p>\n\n\n\n<h2 class=\"wp-block-heading\"><strong>Bezpe\u010dn\u00e9 pohrani\u010die \u2013 \u010do to znamen\u00e1?<\/strong><\/h2>\n\n\n\n<p><strong>JK:<\/strong> Bezpe\u010dn\u00e9 pohrani\u010die je tak\u00e9 miesto, kde sa ka\u017ed\u00fd obyvate\u013e c\u00edti bezpe\u010dne. Tvoria ho mnoh\u00e9 faktory, medzi in\u00fdmi spolupr\u00e1ca medzi z\u00e1chrann\u00fdmi slu\u017ebami a subjektmi, realiz\u00e1cia \u010dinnost\u00ed na z\u00e1klade predch\u00e1dzaj\u00facich anal\u00fdz v cezhrani\u010dnom kontexte, pripravenos\u0165 na realiz\u00e1ciu z\u00e1sahov v kr\u00edzov\u00fdch situ\u00e1ci\u00e1ch prostredn\u00edctvom posilnenia spolupr\u00e1ce v\u0161etk\u00fdch zlo\u017eiek zodpovedn\u00fdch za bezpe\u010dnos\u0165 na \u00fazem\u00ed n\u00e1\u0161ho pohrani\u010dia.<\/p>\n\n\n\n<p><strong>AO:<\/strong> Pohrani\u010die je d\u00f4le\u017eitou s\u00fa\u010das\u0165ou n\u00e1\u0161ho regi\u00f3nu. Je v\u00fdznamn\u00e9 z kult\u00farneho, geografick\u00e9ho aj pr\u00edrodn\u00e9ho h\u013eadiska. Sme zaviazan\u00ed chr\u00e1ni\u0165 obyvate\u013estvo aj ekosyst\u00e9m. Bezpe\u010dnos\u0165 n\u00e1m m\u00f4\u017eu zabezpe\u010di\u0165 primerane vybaven\u00e9 a vy\u0161kolen\u00e9 slu\u017eby. Bezpe\u010dn\u00e9 pohrani\u010die je teda tak\u00e9, ktor\u00e9 je pripraven\u00e9 a odoln\u00e9 vo\u010di hrozb\u00e1m.<\/p>\n\n\n\n<h2 class=\"wp-block-heading\"><strong>\u010co v\u00e1s po\u010das realiz\u00e1cie projektu najviac prekvapilo \u2013 pozit\u00edvne alebo negat\u00edvne?<\/strong><\/h2>\n\n\n\n<p><strong>JK:<\/strong> Ako som u\u017e spom\u00ednala, po\u010das realiz\u00e1cie projektu nenastali \u017eiadne \u0165a\u017ekosti ani negat\u00edvne prekvapenia. Cel\u00e9 obdobie realiz\u00e1cie projektu, podnikan\u00e9 kroky, skvel\u00e1 spolupr\u00e1ca partnerov, zrel\u00e1 a zodpovedn\u00e1 pr\u00e1ca zameran\u00e1 na dosiahnutie cie\u013ea \u2013 to s\u00fa pozit\u00edva tohto projektu. Najviac n\u00e1s te\u0161\u00ed, \u017ee sa n\u00e1m podarilo zak\u00fapi\u0165 hasi\u010dsk\u00e9 vozidlo pre DHZ v Mil\u00f3wke. Pred nami je e\u0161te etapa \u0161kolen\u00ed a vz\u00e1jomn\u00fdch stretnut\u00ed v s\u00fa\u0165a\u017en\u00fdch aktivit\u00e1ch. Ver\u00edme, \u017ee to bude obdobie pln\u00e9 pozit\u00edvnych z\u00e1\u017eitkov a em\u00f3ci\u00ed. Je to \u010das v\u00fdmeny sk\u00fasenost\u00ed a dobr\u00fdch prakt\u00edk. Odnesieme si z toho lekciu vz\u00e1jomnej starostlivosti o zvy\u0161ovanie bezpe\u010dnosti na\u0161ich obyvate\u013eov.<\/p>\n\n\n\n<p><strong>AO:<\/strong> Mysl\u00edm si, \u017ee sme v spr\u00e1vnom momente, aby sme povedali, \u017ee na\u010dasovanie realiz\u00e1cie projektu bolo presn\u00e9. Nech je viac tak\u00fdchto pozit\u00edvnych prekvapen\u00ed!<\/p>\n\n\n\n<p><strong>\u010eakujeme obom d\u00e1mam za rozhovor a prajeme ve\u013ea \u010fal\u0161\u00edch \u00faspechov pri realiz\u00e1cii cezhrani\u010dn\u00fdch projektov!<\/strong><\/p>\n\n\n\n<p>Rozhovor viedla pani Bo\u017cena Mendrek-Ga\u0144czarczyk z Region\u00e1lneho kontaktn\u00e9ho bodu pre Sliezske vojvodstvo.<\/p>\n\n\n\n<div class=\"\">\n\n  <div class=\"widget-image-gallery galRB gal-2596\">\n\n    <div id=\"swiperGalFUll-2596\"\n      class=\"swiper widget-image-gallery__full swiper-initialized swiper-horizontal swiper-pointer-events swiper-backface-hidden\">\n\n      <div class=\"swiper-wrapper\" id=\"swiper-wrapper-2596\" aria-live=\"polite\"\n        style=\"transform: translate3d(0px, 0px, 0px);\">\n\n        \n\n        \n        <div class=\"swiper-slide excludeimg  swiper-slide-active \"\n            tabindex=\"0\"\n        data-sliderId =\"2596\"\n        data-bs-slide-to=\"0\"\n        data-title=\"\" role=\"group\"\n          data-bs-toggle=\"modal\" data-bs-target=\"#exampleModal2596\"\n          aria-label=\"1 \/ 4\"\n          style=\"background: linear-gradient(rgba(211, 211, 211), rgba(211, 211, 211))\">\n\n          <img decoding=\"async\" src=\"https:\/\/plsk.eu\/wp-content\/uploads\/2025\/03\/Milowka.jpg\" class=\"gal_bg_img\" style=\"\n    width: 100% !important;\">\n\n          <img decoding=\"async\" src=\"https:\/\/plsk.eu\/wp-content\/uploads\/2025\/03\/Milowka.jpg\" alt=\"pi\u0119\u0107 os\u00f3b stoi przed nowym wozem specjalistycznym zakupionym w ramach projektu p\u00e4\u0165 \u013eud\u00ed stoj\u00ed pred nov\u00fdm \u0161pecializovan\u00fdm vozidlom zak\u00fapen\u00fdm v r\u00e1mci projektu\" class=\"gal_main_img\" style=\"\">\n        <\/div>\n                \n\n        \n        <div class=\"swiper-slide excludeimg \"\n            tabindex=\"0\"\n        data-sliderId =\"2596\"\n        data-bs-slide-to=\"1\"\n        data-title=\"\" role=\"group\"\n          data-bs-toggle=\"modal\" data-bs-target=\"#exampleModal2596\"\n          aria-label=\"2 \/ 4\"\n          style=\"background: linear-gradient(rgba(211, 211, 211), rgba(211, 211, 211))\">\n\n          <img decoding=\"async\" src=\"https:\/\/plsk.eu\/wp-content\/uploads\/2025\/03\/Rajcza-1-.jpg\" class=\"gal_bg_img\" style=\"\n    width: 100% !important;\">\n\n          <img decoding=\"async\" src=\"https:\/\/plsk.eu\/wp-content\/uploads\/2025\/03\/Rajcza-1-.jpg\" alt=\"nowy w\u00f3z specjalistyczny zakupiony ze \u015brodk\u00f3w programu w ramach projektu nov\u00e9 \u0161pecializovan\u00e9 n\u00e1kladn\u00e9 vozidlo zak\u00fapen\u00e9 z prostriedkov programu v r\u00e1mci projektu\" class=\"gal_main_img\" style=\"\">\n        <\/div>\n                \n\n        \n        <div class=\"swiper-slide excludeimg \"\n            tabindex=\"0\"\n        data-sliderId =\"2596\"\n        data-bs-slide-to=\"2\"\n        data-title=\"\" role=\"group\"\n          data-bs-toggle=\"modal\" data-bs-target=\"#exampleModal2596\"\n          aria-label=\"3 \/ 4\"\n          style=\"background: linear-gradient(rgba(211, 211, 211), rgba(211, 211, 211))\">\n\n          <img decoding=\"async\" src=\"https:\/\/plsk.eu\/wp-content\/uploads\/2025\/03\/Rajcza-2.jpg\" class=\"gal_bg_img\" style=\"\n    width: 100% !important;\">\n\n          <img decoding=\"async\" src=\"https:\/\/plsk.eu\/wp-content\/uploads\/2025\/03\/Rajcza-2.jpg\" alt=\"trzy osoby stoj\u0105 przed sprz\u0119tem specjalistycznym zakupionym ze \u015brodk\u00f3w programu w ramach projektu tri osoby stoja pred \u0161pecializovan\u00fdm zariaden\u00edm zak\u00fapen\u00fdm z prostriedkov programu v r\u00e1mci projektu\" class=\"gal_main_img\" style=\"\">\n        <\/div>\n                \n\n        \n        <div class=\"swiper-slide excludeimg \"\n            tabindex=\"0\"\n        data-sliderId =\"2596\"\n        data-bs-slide-to=\"3\"\n        data-title=\"\" role=\"group\"\n          data-bs-toggle=\"modal\" data-bs-target=\"#exampleModal2596\"\n          aria-label=\"4 \/ 4\"\n          style=\"background: linear-gradient(rgba(211, 211, 211), rgba(211, 211, 211))\">\n\n          <img decoding=\"async\" src=\"https:\/\/plsk.eu\/wp-content\/uploads\/2025\/03\/Rajcza-4.jpeg\" class=\"gal_bg_img\" style=\"\n    width: 100% !important;\">\n\n          <img decoding=\"async\" src=\"https:\/\/plsk.eu\/wp-content\/uploads\/2025\/03\/Rajcza-4.jpeg\" alt=\"kilka os\u00f3b ogl\u0105da wyposa\u017cenie wewn\u0119trzne wozu specjalistycznego zakupionego ze \u015brodk\u00f3w programu w ramach projektu Nieko\u013eko \u013eud\u00ed si prezer\u00e1 vn\u00fatorn\u00e9 vybavenie \u0161pecializovan\u00e9ho vozidla zak\u00fapen\u00e9ho z prostriedkov programu v r\u00e1mci projektu\" class=\"gal_main_img\" style=\"\">\n        <\/div>\n                \n\n\n      <\/div>\n\n\n      <span class=\"swiper-notification\" aria-live=\"assertive\" aria-atomic=\"true\"><\/span>\n\n    <\/div>\n\n    <div id=\"swiperGalThumb-2596\" data-galid=\"2596\"\n      class=\"swiper widget-image-gallery__thumbs swiper-initialized swiper-horizontal swiper-pointer-events swiper-free-mode swiper-backface-hidden swiper-thumbs\">\n      <div class=\"swiper-wrapper\" id=\"swiper-wrapper-2596\" aria-live=\"polite\"\n        style=\"transform: translate3d(0px, 0px, 0px);\">\n\n        \n        \n        <div class=\"swiper-slide swiper-slide-prev\" style=\"width: 139px; margin-right: 30px;\" role=\"group\">\n          <img decoding=\"async\" src=\"https:\/\/plsk.eu\/wp-content\/uploads\/2025\/03\/Milowka.jpg\" alt=\"pi\u0119\u0107 os\u00f3b stoi przed nowym wozem specjalistycznym zakupionym w ramach projektu p\u00e4\u0165 \u013eud\u00ed stoj\u00ed pred nov\u00fdm \u0161pecializovan\u00fdm vozidlom zak\u00fapen\u00fdm v r\u00e1mci projektu\">\n        <\/div>\n        \n        \n        <div class=\"swiper-slide swiper-slide-prev\" style=\"width: 139px; margin-right: 30px;\" role=\"group\">\n          <img decoding=\"async\" src=\"https:\/\/plsk.eu\/wp-content\/uploads\/2025\/03\/Rajcza-1-.jpg\" alt=\"nowy w\u00f3z specjalistyczny zakupiony ze \u015brodk\u00f3w programu w ramach projektu nov\u00e9 \u0161pecializovan\u00e9 n\u00e1kladn\u00e9 vozidlo zak\u00fapen\u00e9 z prostriedkov programu v r\u00e1mci projektu\">\n        <\/div>\n        \n        \n        <div class=\"swiper-slide swiper-slide-prev\" style=\"width: 139px; margin-right: 30px;\" role=\"group\">\n          <img decoding=\"async\" src=\"https:\/\/plsk.eu\/wp-content\/uploads\/2025\/03\/Rajcza-2.jpg\" alt=\"trzy osoby stoj\u0105 przed sprz\u0119tem specjalistycznym zakupionym ze \u015brodk\u00f3w programu w ramach projektu tri osoby stoja pred \u0161pecializovan\u00fdm zariaden\u00edm zak\u00fapen\u00fdm z prostriedkov programu v r\u00e1mci projektu\">\n        <\/div>\n        \n        \n        <div class=\"swiper-slide swiper-slide-prev\" style=\"width: 139px; margin-right: 30px;\" role=\"group\">\n          <img decoding=\"async\" src=\"https:\/\/plsk.eu\/wp-content\/uploads\/2025\/03\/Rajcza-4.jpeg\" alt=\"kilka os\u00f3b ogl\u0105da wyposa\u017cenie wewn\u0119trzne wozu specjalistycznego zakupionego ze \u015brodk\u00f3w programu w ramach projektu Nieko\u013eko \u013eud\u00ed si prezer\u00e1 vn\u00fatorn\u00e9 vybavenie \u0161pecializovan\u00e9ho vozidla zak\u00fapen\u00e9ho z prostriedkov programu v r\u00e1mci projektu\">\n        <\/div>\n        \n\n      <\/div>\n      <span class=\"swiper-notification\" aria-live=\"assertive\" aria-atomic=\"true\"><\/span>\n    <\/div>\n          <!--\n    <div class=\"widget-image-gallery__caption\">\n      <p>Opis zdj\u0119cia5, fot. Jan Kowalski<\/p>\n    <\/div>-->\n\n\n    <div class=\"image-swiper-button-prev swiper-button-prev\" role=\"button\" aria-label=\"Predch\u00e1dzaj\u00faci obr\u00e1zok\"\n      aria-controls=\"swiper-wrapper-2596\" aria-disabled=\"false\">\n    <\/div>\n\n    <div class=\"image-swiper-button-next swiper-button-next swiper-button-disabled\" role=\"button\"\n      aria-label=\"\u010eal\u0161\u00ed obr\u00e1zok\" aria-controls=\"swiper-wrapper-2901\" aria-disabled=\"true\">\n    <\/div>\n\n\n\n\n  <\/div>\n\n  \n  <div class=\"modal fade gal_modal\" id=\"exampleModal2596\" tabindex=\"-1\" aria-hidden=\"true\">\n    <div class=\"modal-dialog\">\n      <div class=\"modal-content\">\n        <div class=\"modal-header\">\n          <button type=\"button\" class=\"btn-close\" data-bs-dismiss=\"modal\" aria-label=\"Zamkn\u0105\u0107\">\n          <img decoding=\"async\"\n              src=\"https:\/\/plsk.eu\/wp-content\/themes\/fundusze\/assets\/images\/close.svg\"\n              alt=Zamkn\u0105\u0107>\n          <span class=\"visually-hidden\">Zamkn\u0105\u0107<\/span>\n        <\/button>\n        <\/div>\n\n          <div class=\"row no_mobile\">\n\n            <div class=\"col-xxl-2 col-xl-2 col-lg-2 col-md-2 col-sm-2 gal_left\">\n              <button type=\"button\" data-bs-target=\"#carouselExample2596\" data-bs-slide=\"prev\"\n                aria-label=\"Predch\u00e1dzaj\u00faci obr\u00e1zok\">\n                <img decoding=\"async\" src=\"https:\/\/plsk.eu\/wp-content\/themes\/fundusze\/assets\/images\/back.svg\" alt=\"\"> <\/button>\n            <\/div>\n\n            <div class=\"col-xxl-8 col-xl-8 col-lg-8 col-md-8 col-sm-8\">\n\n              <div id=\"carouselExample2596\" class=\"carousel slide\" data-bs-interval=\"50000\"\n                data-bs-ride=\"carousel\">\n\n                <div class=\"carousel-inner\">\n\n                  \n                                    <div class=\"carousel-item  active \">\n                    <img decoding=\"async\" src=\"https:\/\/plsk.eu\/wp-content\/uploads\/2025\/03\/Milowka.jpg\" alt=\"pi\u0119\u0107 os\u00f3b stoi przed nowym wozem specjalistycznym zakupionym w ramach projektu p\u00e4\u0165 \u013eud\u00ed stoj\u00ed pred nov\u00fdm \u0161pecializovan\u00fdm vozidlom zak\u00fapen\u00fdm v r\u00e1mci projektu\" class=\"img_all\">\n                    <div class=\"row\">\n\n                      <div class=\"col-xxl-12 col-xl-12 col-lg-12 col-md-12 col-sm-12\">\n                        <div class=\"img_caption\">\n                          <div class=\"cap_text\">\n                                                                                  <\/div>\n                          <div class=\"cap_num\">\n                            <strong> 1 z 4<\/strong>\n                          <\/div>\n\n                        <\/div>\n                      <\/div>\n\n                    <\/div>\n                  <\/div>\n                                    \n                                    <div class=\"carousel-item \">\n                    <img decoding=\"async\" src=\"https:\/\/plsk.eu\/wp-content\/uploads\/2025\/03\/Rajcza-1-.jpg\" alt=\"nowy w\u00f3z specjalistyczny zakupiony ze \u015brodk\u00f3w programu w ramach projektu nov\u00e9 \u0161pecializovan\u00e9 n\u00e1kladn\u00e9 vozidlo zak\u00fapen\u00e9 z prostriedkov programu v r\u00e1mci projektu\" class=\"img_all\">\n                    <div class=\"row\">\n\n                      <div class=\"col-xxl-12 col-xl-12 col-lg-12 col-md-12 col-sm-12\">\n                        <div class=\"img_caption\">\n                          <div class=\"cap_text\">\n                                                                                  <\/div>\n                          <div class=\"cap_num\">\n                            <strong> 2 z 4<\/strong>\n                          <\/div>\n\n                        <\/div>\n                      <\/div>\n\n                    <\/div>\n                  <\/div>\n                                    \n                                    <div class=\"carousel-item \">\n                    <img decoding=\"async\" src=\"https:\/\/plsk.eu\/wp-content\/uploads\/2025\/03\/Rajcza-2.jpg\" alt=\"trzy osoby stoj\u0105 przed sprz\u0119tem specjalistycznym zakupionym ze \u015brodk\u00f3w programu w ramach projektu tri osoby stoja pred \u0161pecializovan\u00fdm zariaden\u00edm zak\u00fapen\u00fdm z prostriedkov programu v r\u00e1mci projektu\" class=\"img_all\">\n                    <div class=\"row\">\n\n                      <div class=\"col-xxl-12 col-xl-12 col-lg-12 col-md-12 col-sm-12\">\n                        <div class=\"img_caption\">\n                          <div class=\"cap_text\">\n                                                                                  <\/div>\n                          <div class=\"cap_num\">\n                            <strong> 3 z 4<\/strong>\n                          <\/div>\n\n                        <\/div>\n                      <\/div>\n\n                    <\/div>\n                  <\/div>\n                                    \n                                    <div class=\"carousel-item \">\n                    <img decoding=\"async\" src=\"https:\/\/plsk.eu\/wp-content\/uploads\/2025\/03\/Rajcza-4.jpeg\" alt=\"kilka os\u00f3b ogl\u0105da wyposa\u017cenie wewn\u0119trzne wozu specjalistycznego zakupionego ze \u015brodk\u00f3w programu w ramach projektu Nieko\u013eko \u013eud\u00ed si prezer\u00e1 vn\u00fatorn\u00e9 vybavenie \u0161pecializovan\u00e9ho vozidla zak\u00fapen\u00e9ho z prostriedkov programu v r\u00e1mci projektu\" class=\"img_all\">\n                    <div class=\"row\">\n\n                      <div class=\"col-xxl-12 col-xl-12 col-lg-12 col-md-12 col-sm-12\">\n                        <div class=\"img_caption\">\n                          <div class=\"cap_text\">\n                                                                                  <\/div>\n                          <div class=\"cap_num\">\n                            <strong> 4 z 4<\/strong>\n                          <\/div>\n\n                        <\/div>\n                      <\/div>\n\n                    <\/div>\n                  <\/div>\n                                    \n                <\/div>\n\n              <\/div>\n\n            <\/div>\n            <div class=\"col-xxl-2 col-xl-2 col-lg-2 col-md-2 col-sm-2 gal_right\">\n              <button type=\"button\" data-bs-target=\"#carouselExample2596\" data-bs-slide=\"next\"\n                aria-label=\"\u010eal\u0161\u00ed obr\u00e1zok\"> <img decoding=\"async\"\n                  src=\"https:\/\/plsk.eu\/wp-content\/themes\/fundusze\/assets\/images\/next.svg\" alt=\"\"><\/button>\n            <\/div>\n\n          <\/div>\n\n\n          <div class=\"row no_desk\">\n\n            <div class=\"col-xxl-8 col-xl-8 col-lg-8 col-md-8 col-sm-8\">\n\n              <div id=\"carouselExample2596mob2596\" class=\"carousel slide\" data-bs-interval=\"50000\"\n                data-bs-ride=\"carousel\">\n\n                <div class=\"carousel-inner\">\n\n                  \n                                    <div class=\"carousel-item  active \">\n                    <img decoding=\"async\" src=\"https:\/\/plsk.eu\/wp-content\/uploads\/2025\/03\/Milowka.jpg\" alt=\"pi\u0119\u0107 os\u00f3b stoi przed nowym wozem specjalistycznym zakupionym w ramach projektu p\u00e4\u0165 \u013eud\u00ed stoj\u00ed pred nov\u00fdm \u0161pecializovan\u00fdm vozidlom zak\u00fapen\u00fdm v r\u00e1mci projektu\" class=\"img_all\">\n                    <div class=\"row\">\n\n                      <div class=\"col-xxl-12 col-xl-12 col-lg-12 col-md-12 col-sm-12\">\n                        <div class=\"img_caption\">\n                          <div class=\"cap_text\">\n                            \n                                                      <\/div>\n                          <div class=\"cap_num\">\n                            <strong> 1 z 4<\/strong>\n                          <\/div>\n\n                        <\/div>\n                      <\/div>\n\n                    <\/div>\n                  <\/div>\n                  \n                                    <div class=\"carousel-item \">\n                    <img decoding=\"async\" src=\"https:\/\/plsk.eu\/wp-content\/uploads\/2025\/03\/Rajcza-1-.jpg\" alt=\"nowy w\u00f3z specjalistyczny zakupiony ze \u015brodk\u00f3w programu w ramach projektu nov\u00e9 \u0161pecializovan\u00e9 n\u00e1kladn\u00e9 vozidlo zak\u00fapen\u00e9 z prostriedkov programu v r\u00e1mci projektu\" class=\"img_all\">\n                    <div class=\"row\">\n\n                      <div class=\"col-xxl-12 col-xl-12 col-lg-12 col-md-12 col-sm-12\">\n                        <div class=\"img_caption\">\n                          <div class=\"cap_text\">\n                            \n                                                      <\/div>\n                          <div class=\"cap_num\">\n                            <strong> 2 z 4<\/strong>\n                          <\/div>\n\n                        <\/div>\n                      <\/div>\n\n                    <\/div>\n                  <\/div>\n                  \n                                    <div class=\"carousel-item \">\n                    <img decoding=\"async\" src=\"https:\/\/plsk.eu\/wp-content\/uploads\/2025\/03\/Rajcza-2.jpg\" alt=\"trzy osoby stoj\u0105 przed sprz\u0119tem specjalistycznym zakupionym ze \u015brodk\u00f3w programu w ramach projektu tri osoby stoja pred \u0161pecializovan\u00fdm zariaden\u00edm zak\u00fapen\u00fdm z prostriedkov programu v r\u00e1mci projektu\" class=\"img_all\">\n                    <div class=\"row\">\n\n                      <div class=\"col-xxl-12 col-xl-12 col-lg-12 col-md-12 col-sm-12\">\n                        <div class=\"img_caption\">\n                          <div class=\"cap_text\">\n                            \n                                                      <\/div>\n                          <div class=\"cap_num\">\n                            <strong> 3 z 4<\/strong>\n                          <\/div>\n\n                        <\/div>\n                      <\/div>\n\n                    <\/div>\n                  <\/div>\n                  \n                                    <div class=\"carousel-item \">\n                    <img decoding=\"async\" src=\"https:\/\/plsk.eu\/wp-content\/uploads\/2025\/03\/Rajcza-4.jpeg\" alt=\"kilka os\u00f3b ogl\u0105da wyposa\u017cenie wewn\u0119trzne wozu specjalistycznego zakupionego ze \u015brodk\u00f3w programu w ramach projektu Nieko\u013eko \u013eud\u00ed si prezer\u00e1 vn\u00fatorn\u00e9 vybavenie \u0161pecializovan\u00e9ho vozidla zak\u00fapen\u00e9ho z prostriedkov programu v r\u00e1mci projektu\" class=\"img_all\">\n                    <div class=\"row\">\n\n                      <div class=\"col-xxl-12 col-xl-12 col-lg-12 col-md-12 col-sm-12\">\n                        <div class=\"img_caption\">\n                          <div class=\"cap_text\">\n                            \n                                                      <\/div>\n                          <div class=\"cap_num\">\n                            <strong> 4 z 4<\/strong>\n                          <\/div>\n\n                        <\/div>\n                      <\/div>\n\n                    <\/div>\n                  <\/div>\n                                  <\/div>\n              <\/div>\n\n            <\/div>\n            <div class=\"col-xxl-2 col-xl-2 col-lg-2 col-md-2 col-sm-12 gal_arrow mb-30px\">\n              <img decoding=\"async\" src=\"https:\/\/plsk.eu\/wp-content\/themes\/fundusze\/assets\/images\/back.svg\"\n                data-bs-target=\"#carouselExample2596mob2596\" data-bs-slide=\"prev\" alt=\"\"> <img decoding=\"async\"\n                src=\"https:\/\/plsk.eu\/wp-content\/themes\/fundusze\/assets\/images\/next.svg\"\n                data-bs-target=\"#carouselExample2596mob2596\" data-bs-slide=\"next\" alt=\"\">\n            <\/div>\n\n          <\/div>\n      <\/div>\n    <\/div>\n  <\/div>\n\n  <\/div><\/div>\n","protected":false},"excerpt":{"rendered":"<p>Pokra\u010dujeme v s\u00e9rii rozhovorov s prij\u00edmate\u013emi, v ktor\u00fdch zbierame n\u00e1zory a sk\u00fasenosti os\u00f4b priamo zapojen\u00fdch do realiz\u00e1cie projektov financovan\u00fdch z eur\u00f3pskych prostriedkov v r\u00e1mci Programu Interreg Po\u013esko \u2013 Slovensko. Projekt \u201eZlep\u0161enie spolupr\u00e1ce v oblasti kr\u00edzov\u00e9ho riadenia po\u013esk\u00fdch a slovensk\u00fdch z\u00e1chrann\u00fdch slu\u017eieb\u201c sa realizuje v spolupr\u00e1ci \u0161iestich susediacich partnerov: Kr\u00e1sno nad Kysucou, \u010cadca, O\u0161\u010dadnica, Skalit\u00e9, Mil\u00f3wka [&hellip;]<\/p>\n","protected":false},"author":22,"featured_media":40028,"comment_status":"closed","ping_status":"open","sticky":false,"template":"","format":"standard","meta":{"_acf_changed":false,"inline_featured_image":false,"_themeisle_gutenberg_block_has_review":false,"footnotes":"","_links_to":"","_links_to_target":""},"categories":[1839,1909],"tags":[],"class_list":["post-40413","post","type-post","status-publish","format-standard","has-post-thumbnail","hentry","category-bez-kategorii","category-strona-glowna-sk"],"acf":[],"_links":{"self":[{"href":"https:\/\/plsk.eu\/sk\/wp-json\/wp\/v2\/posts\/40413","targetHints":{"allow":["GET"]}}],"collection":[{"href":"https:\/\/plsk.eu\/sk\/wp-json\/wp\/v2\/posts"}],"about":[{"href":"https:\/\/plsk.eu\/sk\/wp-json\/wp\/v2\/types\/post"}],"author":[{"embeddable":true,"href":"https:\/\/plsk.eu\/sk\/wp-json\/wp\/v2\/users\/22"}],"replies":[{"embeddable":true,"href":"https:\/\/plsk.eu\/sk\/wp-json\/wp\/v2\/comments?post=40413"}],"version-history":[{"count":7,"href":"https:\/\/plsk.eu\/sk\/wp-json\/wp\/v2\/posts\/40413\/revisions"}],"predecessor-version":[{"id":41841,"href":"https:\/\/plsk.eu\/sk\/wp-json\/wp\/v2\/posts\/40413\/revisions\/41841"}],"wp:featuredmedia":[{"embeddable":true,"href":"https:\/\/plsk.eu\/sk\/wp-json\/wp\/v2\/media\/40028"}],"wp:attachment":[{"href":"https:\/\/plsk.eu\/sk\/wp-json\/wp\/v2\/media?parent=40413"}],"wp:term":[{"taxonomy":"category","embeddable":true,"href":"https:\/\/plsk.eu\/sk\/wp-json\/wp\/v2\/categories?post=40413"},{"taxonomy":"post_tag","embeddable":true,"href":"https:\/\/plsk.eu\/sk\/wp-json\/wp\/v2\/tags?post=40413"}],"curies":[{"name":"wp","href":"https:\/\/api.w.org\/{rel}","templated":true}]}}