{"id":40793,"date":"2025-06-12T08:02:00","date_gmt":"2025-06-12T06:02:00","guid":{"rendered":"https:\/\/plsk.eu\/?p=40793"},"modified":"2025-06-11T13:57:08","modified_gmt":"2025-06-11T11:57:08","slug":"rozhovor-drave-pohranicie","status":"publish","type":"post","link":"https:\/\/plsk.eu\/sk\/rozhovor-drave-pohranicie\/","title":{"rendered":"Rozhovor: &#8222;Drav\u00e9 pohrani\u010die&#8220;"},"content":{"rendered":"\n<p><strong>Pokra\u010dujeme v s\u00e9rii rozhovorov s prij\u00edmate\u013emi, v ktor\u00fdch zbierame n\u00e1zory a sk\u00fasenosti \u013eud\u00ed priamo zapojen\u00fdch do realiz\u00e1cie projektov financovan\u00fdch z eur\u00f3pskych prostriedkov v r\u00e1mci Programu Interreg Po\u013esko \u2013 Slovensko.<\/strong><\/p>\n\n\n\n<p>Rozhovor sme uskuto\u010dnili s pani Karolinou Kawczy\u0144skou z Centra koordin\u00e1cie environment\u00e1lnych projektov vo Var\u0161ave, koordin\u00e1torkou projektu: Drav\u00e9 pohrani\u010die &#8211; cezhrani\u010dn\u00e1 spolupr\u00e1ca pre integrovan\u00fa ochranu ve\u013ek\u00fdch \u0161eliem v Po\u013esku a na Slovensku.<\/p>\n\n\n\n<h2 class=\"wp-block-heading\"><strong>Projekt Drav\u00e9 pohrani\u010die, ktor\u00fd koordinujete v mene Centra koordin\u00e1cie environment\u00e1lnych projektov, zaujme u\u017e samotn\u00fdm n\u00e1zvom. Ak\u00e9 s\u00fa hlavn\u00e9 ciele tohto projektu<\/strong>?<\/h2>\n\n\n\n<p>Hlavn\u00e9 ciele projektu sa s\u00fastre\u010fuj\u00fa na posilnenie cezhrani\u010dnej spolupr\u00e1ce medzi Po\u013eskom a Slovenskom v oblasti ochrany a mana\u017ementu popul\u00e1cie ve\u013ek\u00fdch \u0161eliem \u2013 vlka, rysa a medve\u010fa. Z\u00e1merom je zabezpe\u010di\u0165 dlhodob\u00fa ochranu t\u00fdchto druhov a udr\u017ea\u0165 ich priazniv\u00fd stav popul\u00e1cie na \u00fazem\u00ed pohrani\u010dia.<\/p>\n\n\n\n<p>Jedn\u00fdm z k\u013e\u00fa\u010dov\u00fdch prvkov projektu je vytvorenie jednotn\u00e9ho modelu mana\u017ementu popul\u00e1cie \u0161eliem prostredn\u00edctvom vypracovania spolo\u010dn\u00fdch met\u00f3d monitorovania a syst\u00e9mu v\u00fdmeny \u00fadajov o presunoch zvierat. Na tento \u00fa\u010del vznikne spolo\u010dn\u00e1 datab\u00e1za zalo\u017een\u00e1 na neinvaz\u00edvnych pozorovaniach, fotopasciach a modern\u00fdch technol\u00f3gi\u00e1ch, vr\u00e1tane umelej inteligencie (AI).<\/p>\n\n\n\n<p>Projekt kladie ve\u013ek\u00fd d\u00f4raz aj na vzdel\u00e1vanie a zvy\u0161ovanie povedomia verejnosti. Prostredn\u00edctvom informa\u010dn\u00fdch, komunika\u010dn\u00fdch a vzdel\u00e1vac\u00edch aktiv\u00edt bud\u00fa obyvatelia, turisti a organiz\u00e1cie p\u00f4sobiace v pohrani\u010d\u00ed lep\u0161ie ch\u00e1pa\u0165 potrebu ochrany ve\u013ek\u00fdch \u0161eliem, \u010do prispeje k zv\u00fd\u0161eniu spolo\u010denskej akcept\u00e1cie t\u00fdchto druhov.<\/p>\n\n\n\n<p>Na dosiahnutie stanoven\u00fdch cie\u013eov projekt taktie\u017e predpoklad\u00e1 \u0161tandardiz\u00e1ciu met\u00f3d monitorovania popul\u00e1cie v oboch krajin\u00e1ch, \u010do umo\u017en\u00ed z\u00edskava\u0165 porovnate\u013en\u00e9 a spo\u013eahliv\u00e9 \u00fadaje. K\u013e\u00fa\u010dov\u00fa \u00falohu v tomto procese zohr\u00e1vaj\u00fa modern\u00e9 technol\u00f3gie, ktor\u00e9 zefekt\u00edvnia anal\u00fdzu fotografi\u00ed a z\u00e1znamov a umo\u017enia efekt\u00edvne zhroma\u017e\u010fovanie a spracovanie inform\u00e1ci\u00ed.<\/p>\n\n\n\n<h2 class=\"wp-block-heading\"><strong>Pod zauj\u00edmav\u00fdm n\u00e1zvom sa teda skr\u00fdva mimoriadne d\u00f4le\u017eit\u00fd projekt pre pr\u00edrodn\u00e9 prostredie. Ak\u00e9 s\u00fa jeho hlavn\u00e9 siln\u00e9 str\u00e1nky?<\/strong><\/h2>\n\n\n\n<p>Projekt sa vyzna\u010duje viacer\u00fdmi k\u013e\u00fa\u010dov\u00fdmi prednos\u0165ami, ktor\u00e9 zvy\u0161uj\u00fa jeho efektivitu a dlhodob\u00fd vplyv na ochranu ve\u013ek\u00fdch \u0161eliem v po\u013esko-slovenskom pohrani\u010d\u00ed.<\/p>\n\n\n\n<p>Jednou z najv\u00e4\u010d\u0161\u00edch v\u00fdhod je cezhrani\u010dn\u00e1 spolupr\u00e1ca, v r\u00e1mci ktorej spojilo svoje sily 19 subjektov z Po\u013eska a Slovenska s cie\u013eom efekt\u00edvnej\u0161ie spravova\u0165 popul\u00e1cie vlka, rysa a medve\u010fa. Tak\u00e9to \u0161irok\u00e9 partnerstvo umo\u017e\u0148uje v\u00fdmenu sk\u00fasenost\u00ed, spolo\u010dn\u00e9 ochrann\u00e9 opatrenia a vypracovanie jednotn\u00fdch monitorovac\u00edch met\u00f3d.<\/p>\n\n\n\n<p>\u010eal\u0161ou silnou str\u00e1nkou je vyu\u017e\u00edvanie modern\u00fdch technol\u00f3gi\u00ed, ako je umel\u00e1 inteligencia (AI), fotopasce a pokro\u010dil\u00e9 datab\u00e1zy. V\u010faka nim je monitorovanie popul\u00e1cie presnej\u0161ie a anal\u00fdza \u00fadajov r\u00fdchlej\u0161ia a spo\u013eahlivej\u0161ia.<\/p>\n\n\n\n<h2 class=\"wp-block-heading\"><strong>Projekt sa vyzna\u010duje aj komplexn\u00fdm pr\u00edstupom, ktor\u00fd sp\u00e1ja ekologick\u00e9, vzdel\u00e1vacie a spolo\u010densk\u00e9 aspekty. Aktivity zah\u0155\u0148aj\u00fa nielen monitorovanie a ochranu \u0161eliem, ale aj vzdel\u00e1vanie obyvate\u013eov a turistov, \u010do zvy\u0161uje ekologick\u00e9 povedomie a mieru akcept\u00e1cie ochrany t\u00fdchto druhov<\/strong>?<\/h2>\n\n\n\n<p>Treba zd\u00f4razni\u0165, \u017ee ide o prv\u00fd takto rozsiahly projekt v tomto regi\u00f3ne. Doteraz sa nerealizovali aktivity, ktor\u00e9 by zah\u0155\u0148ali tak komplexn\u00e9 riadenie popul\u00e1cie ve\u013ek\u00fdch \u0161eliem na po\u013esko-slovenskom pohrani\u010d\u00ed. Projekt tak vyp\u013a\u0148a d\u00f4le\u017eit\u00fa medzeru v ochrane t\u00fdchto druhov.<\/p>\n\n\n\n<p>V\u010faka vzdel\u00e1vac\u00edm kampaniam a propaga\u010dn\u00fdm aktivit\u00e1m projekt prispieva k v\u00e4\u010d\u0161iemu spolo\u010densk\u00e9mu povedomiu a akcept\u00e1cii ochrany vlkov, rysov a medve\u010fov. Vzdel\u00e1vanie miestnych komun\u00edt a turistov umo\u017e\u0148uje budova\u0165 porozumenie a spoluzodpovednos\u0165 za ochranu pr\u00edrody.<\/p>\n\n\n\n<p>Najd\u00f4le\u017eitej\u0161ie v\u0161ak je, \u017ee projekt prin\u00e1\u0161a dlhodob\u00e9 v\u00fdsledky \u2013 vypracovan\u00e9 rie\u0161enia umo\u017enia efekt\u00edvnej\u0161ie riadenie popul\u00e1ci\u00ed \u0161eliem nielen po\u010das trvania projektu, ale aj v bud\u00facnosti. V\u010faka tomu bude mo\u017en\u00e9 udr\u017ea\u0165 stabiln\u00fa a zdrav\u00fa popul\u00e1ciu t\u00fdchto k\u013e\u00fa\u010dov\u00fdch druhov pre ekosyst\u00e9m.<\/p>\n\n\n\n<p><strong>Na z\u00e1klade va\u0161ich projektov\u00fdch sk\u00fasenost\u00ed \u2013 \u010do pod\u013ea v\u00e1s prin\u00e1\u0161a Program Interreg v porovnan\u00ed s in\u00fdmi programami?<\/strong><\/p>\n\n\n\n<p>Program Interreg Po\u013esko \u2013 Slovensko sa vyzna\u010duje t\u00fdm, \u017ee kladie osobitn\u00fd d\u00f4raz na cezhrani\u010dn\u00fa spolupr\u00e1cu. Zatia\u013e \u010do mnoh\u00e9 in\u00e9 programy sa zameriavaj\u00fa na aktivity v r\u00e1mci jedn\u00e9ho \u0161t\u00e1tu, Interreg umo\u017e\u0148uje realizova\u0165 spolo\u010dn\u00e9 iniciat\u00edvy na medzin\u00e1rodnej \u00farovni. V pr\u00edpade n\u00e1\u0161ho projektu to znamen\u00e1 efekt\u00edvnej\u0161ie riadenie popul\u00e1ci\u00ed ve\u013ek\u00fdch \u0161eliem na oboch stran\u00e1ch po\u013esko-slovenskej hranice.<\/p>\n\n\n\n<p>\u010eal\u0161ou v\u00fdhodou je flexibilita financovania. Program umo\u017e\u0148uje kombinova\u0165 r\u00f4zne aktivity \u2013 od vedeck\u00e9ho v\u00fdskumu, cez v\u00fdvoj monitorovac\u00edch syst\u00e9mov, a\u017e po environment\u00e1lne vzdel\u00e1vanie verejnosti. V\u010faka tomu projekt pokr\u00fdva ochranu zvierat aj aktivity zameran\u00e9 na zv\u00fd\u0161enie ekologick\u00e9ho povedomia obyvate\u013eov a turistov.<\/p>\n\n\n\n<p>Interreg sa taktie\u017e vyzna\u010duje siln\u00fdm d\u00f4razom na ochranu pr\u00edrody a biodiverzity. Mnoh\u00e9 in\u00e9 programy maj\u00fa \u0161irok\u00fd tematick\u00fd z\u00e1ber, zatia\u013e \u010do Interreg podporuje konkr\u00e9tne ekologick\u00e9 iniciat\u00edvy, \u010do umo\u017e\u0148uje \u00fa\u010dinnej\u0161iu ochranu vlkov, rysov a medve\u010fov.<\/p>\n\n\n\n<p>Navy\u0161e, projekty financovan\u00e9 z programu Interreg s\u00fa navrhnut\u00e9 s oh\u013eadom na dlhodob\u00fd efekt. Znamen\u00e1 to, \u017ee vypracovan\u00e9 rie\u0161enia \u2013 ako napr\u00edklad spolo\u010dn\u00e1 datab\u00e1za \u010di jednotn\u00e9 met\u00f3dy monitorovania \u2013 bud\u00fa ma\u0165 trval\u00fd vplyv na ochranu pr\u00edrody aj po ukon\u010den\u00ed financovania.<\/p>\n\n\n\n<p>Zhrnut\u00e9 a pod\u010diarknut\u00e9 \u2013 Interreg je najlep\u0161ou vo\u013ebou, preto\u017ee sp\u00e1ja cezhrani\u010dn\u00fa spolupr\u00e1cu, modern\u00e9 technol\u00f3gie a ekologick\u00e9 ciele \u2013 tri k\u013e\u00fa\u010dov\u00e9 prvky \u00fa\u010dinnej ochrany ve\u013ek\u00fdch \u0161eliem.<\/p>\n\n\n\n<h2 class=\"wp-block-heading\"><strong>Cezhrani\u010dn\u00fd charakter je, samozrejme, hlavnou po\u017eiadavkou projektov realizovan\u00fdch v r\u00e1mci programov, ako je Interreg. Ak\u00e9 v\u00fdhody teda projekt prin\u00e1\u0161a cezhrani\u010dn\u00e9mu regi\u00f3nu \u2013 nielen pre \u017eivotn\u00e9 prostredie, ale aj pre jeho obyvate\u013eov?<\/strong><\/h2>\n\n\n\n<p>Projekt prin\u00e1\u0161a mno\u017estvo v\u00fdhod tak pre ochranu pr\u00edrody, ako aj pre miestne komunity.<\/p>\n\n\n\n<p>Predov\u0161etk\u00fdm zvy\u0161uje \u00fa\u010dinnos\u0165 ochrany ve\u013ek\u00fdch \u0161eliem. V\u010faka spolo\u010dn\u00fdm aktivit\u00e1m Po\u013eska a Slovenska je mo\u017en\u00e9 lep\u0161ie spravova\u0165 popul\u00e1cie vlka, rysa a medve\u010fa a zabezpe\u010di\u0165 ich dlhodob\u00fa ochranu.<\/p>\n\n\n\n<p>Projekt z\u00e1rove\u0148 umo\u017e\u0148uje zlep\u0161i\u0165 kvalitu \u00fadajov o t\u00fdchto druhoch. V\u010faka jednotn\u00fdm met\u00f3dam monitorovania a vytvoreniu spolo\u010dnej datab\u00e1zy z\u00edskame presnej\u0161ie inform\u00e1cie o po\u010detnosti a roz\u0161\u00edren\u00ed zvierat, \u010do pom\u00f4\u017ee pri realiz\u00e1cii \u00fa\u010dinn\u00fdch ochrann\u00fdch opatren\u00ed.<\/p>\n\n\n\n<p>\u010eal\u0161ou d\u00f4le\u017eitou v\u00fdhodou je vyu\u017eitie modern\u00fdch technol\u00f3gi\u00ed, ako je umel\u00e1 inteligencia a fotopasce. V\u010faka nim bude monitorovanie popul\u00e1ci\u00ed efekt\u00edvnej\u0161ie a menej invaz\u00edvne.<\/p>\n\n\n\n<p>Projekt m\u00e1 tie\u017e ve\u013ek\u00fd v\u00fdznam pre miestne komunity a turistov. Vzdel\u00e1vac\u00edmi aktivitami zvy\u0161uje ekologick\u00e9 povedomie, \u010do napom\u00e1ha budova\u0165 vy\u0161\u0161iu mieru akcept\u00e1cie ochrany ve\u013ek\u00fdch \u0161eliem a ich \u00falohy v ekosyst\u00e9me.<\/p>\n\n\n\n<p>Medzin\u00e1rodn\u00e1 spolupr\u00e1ca v r\u00e1mci projektu z\u00e1rove\u0148 prispieva k lep\u0161ej koordin\u00e1cii ochrann\u00fdch opatren\u00ed. In\u0161tit\u00facie zaoberaj\u00face sa ochranou pr\u00edrody na oboch stran\u00e1ch hranice bud\u00fa m\u00f4c\u0165 efekt\u00edvnej\u0161ie zdie\u013ea\u0165 inform\u00e1cie a prij\u00edma\u0165 spolo\u010dn\u00e9 rozhodnutia.<\/p>\n\n\n\n<p>Napokon treba zd\u00f4razni\u0165, \u017ee projekt m\u00e1 dlhodob\u00fd vplyv na cel\u00fd ekosyst\u00e9m. Ochrana ve\u013ek\u00fdch \u0161eliem pom\u00e1ha zachova\u0165 rovnov\u00e1hu v pr\u00edrode, \u010do m\u00e1 pozit\u00edvny dopad na cel\u00e9 \u00fazemie Karp\u00e1t. V\u010faka t\u00fdmto v\u0161etk\u00fdm aktivit\u00e1m projekt nielen\u017ee chr\u00e1ni vlky, rysy a medvede, ale z\u00e1rove\u0148 prispieva k lep\u0161iemu riadeniu pr\u00edrody na po\u013esko-slovenskom pohrani\u010d\u00ed.<\/p>\n\n\n\n<h2 class=\"wp-block-heading\"><strong>Dozvedeli sme sa, \u017ee h\u013ead\u00e1te miesta na pohrani\u010d\u00ed pre n\u00e1stenn\u00e9 ma\u013eby propaguj\u00face projekt. Kedy a kde teda uvid\u00edme v\u00fdsledky \u2013 vr\u00e1tane t\u00fdch, ktor\u00e9 bud\u00fa propagova\u0165 \u201edrav\u00e9\u201c pohrani\u010die?<\/strong><\/h2>\n\n\n\n<p>V\u00fdsledky n\u00e1\u0161ho projektu bud\u00fa vidite\u013en\u00e9 najm\u00e4 v pohrani\u010dn\u00fdch oblastiach Po\u013eska a Slovenska, predov\u0161etk\u00fdm v Karpatoch, kde \u017eij\u00fa vlky, rysy a medvede. Pr\u00e1ve na tomto \u00fazem\u00ed s\u00fa s\u00fastreden\u00e9 na\u0161e aktivity, ako je monitorovanie popul\u00e1ci\u00ed a environment\u00e1lna eduk\u00e1cia.<\/p>\n\n\n\n<p>Prv\u00e9 v\u00fdsledky bude mo\u017en\u00e9 zaznamena\u0165 u\u017e po\u010das realiz\u00e1cie projektu. Spust\u00edme spolo\u010dn\u00e9 monitorovanie \u0161eliem a z\u00e1rove\u0148 za\u010dneme vzdel\u00e1vacie aktivity zameran\u00e9 na miestne komunity a turistov. Vznikn\u00fa napr\u00edklad n\u00e1stenn\u00e9 ma\u013eby (mur\u00e1ly), strategick\u00e1 hra \u010di do\u010dasn\u00e9 tetovania.<\/p>\n\n\n\n<p>Na\u0161ou amb\u00edciou je, aby obyvatelia i n\u00e1v\u0161tevn\u00edci regi\u00f3nu lep\u0161ie porozumeli \u00falohe t\u00fdchto zvierat v ekosyst\u00e9me a mali pr\u00edstup k spo\u013eahliv\u00fdm inform\u00e1ci\u00e1m o ich ochrane.<\/p>\n\n\n\n<p>Pln\u00e9 v\u00fdsledky sa prejavia a\u017e po ukon\u010den\u00ed projektu, ke\u010f na\u0161a datab\u00e1za za\u010dne plne fungova\u0165 a vyvinut\u00e9 v\u00fdskumn\u00e9 met\u00f3dy sa zaved\u00fa do praxe. K\u013e\u00fa\u010dov\u00fd v\u00fdznam m\u00e1 tie\u017e to, \u017ee miestna komunita bude lep\u0161ie informovan\u00e1 o aktivit\u00e1ch s\u00favisiacich s ochranou \u0161eliem a o tom, ako \u017ei\u0165 v s\u00fa\u017eit\u00ed s t\u00fdmito zvieratami.<\/p>\n\n\n\n<p>Najdlh\u0161ie trvaj\u00face \u00fa\u010dinky zaznamen\u00e1me o nieko\u013eko rokov. O\u010dak\u00e1vame, \u017ee sa zlep\u0161\u00ed stav popul\u00e1ci\u00ed ve\u013ek\u00fdch \u0161eliem a na\u0161e spolo\u010dn\u00e9 aktivity a metodika sa stan\u00fa \u0161tandardom v pr\u00edrodovedn\u00fdch v\u00fdskumoch na \u00fazem\u00ed Karp\u00e1t. Projekt tak nielen\u017ee prinesie pr\u00ednosy tu a teraz, ale vytvor\u00ed pevn\u00fd z\u00e1klad pre \u010fal\u0161iu ochranu pr\u00edrody v bud\u00facnosti.<\/p>\n\n\n\n<h2 class=\"wp-block-heading\"><strong>Na z\u00e1ver m\u00e1me ot\u00e1zku t\u00fdkaj\u00facu sa Va\u0161ich postrehov z pr\u00e1ce na projekte. \u010co bolo alebo je pre V\u00e1s najv\u00e4\u010d\u0161\u00edm prekvapen\u00edm \u2013 pozit\u00edvnym alebo negat\u00edvnym \u2013 po\u010das realiz\u00e1cie projektu?<\/strong><\/h2>\n\n\n\n<p>Hoci ve\u013ek\u00e1 \u010das\u0165 projektu je e\u0161te pred nami, u\u017e teraz m\u00e1me nieko\u013eko prekvapen\u00ed, ako pozit\u00edvnych, tak negat\u00edvnych, ktor\u00e9 v\u00fdrazne ovplyvnili priebeh realiz\u00e1cie.<\/p>\n\n\n\n<p>Pozit\u00edvnych prekvapen\u00ed je jednozna\u010dne viac ne\u017e negat\u00edvnych. Prv\u00fdm z nich bolo obrovsk\u00e9 zapojenie partnerov. Spolupr\u00e1ca 19 subjektov z Po\u013eska a Slovenska sa uk\u00e1zala by\u0165 v\u00fdrazne efekt\u00edvnej\u0161ia, ne\u017e sme p\u00f4vodne o\u010dak\u00e1vali. Napriek r\u00f4znym \u0161pecifik\u00e1m a postupom partneri prejavovali ve\u013ek\u00fa ochotu zdie\u013ea\u0165 poznatky a sk\u00fasenosti. V\u010faka tomu ver\u00edme, \u017ee sa podar\u00ed vypracova\u0165 jednotn\u00fa metodiku monitorovania, ktor\u00e1 je k\u013e\u00fa\u010dov\u00e1 pre \u00faspech cel\u00e9ho projektu.<\/p>\n\n\n\n<p>\u010eal\u0161\u00edm pozit\u00edvnym prekvapen\u00edm je vplyv projektu na \u0161ir\u0161iu spolupr\u00e1cu. \u00daspech na\u0161ich aktiv\u00edt sp\u00f4sobil, \u017ee \u010fal\u0161ie organiz\u00e1cie, tak v Po\u013esku, ako aj na Slovensku, prejavili z\u00e1ujem pokra\u010dova\u0165 v aktivit\u00e1ch a roz\u0161\u00edri\u0165 spolupr\u00e1cu na \u010fal\u0161ie \u010dasti Karp\u00e1t, ako aj o priebe\u017en\u00fa spolupr\u00e1cu na realizovanom projekte. To ukazuje, \u017ee n\u00e1\u0161 projekt m\u00f4\u017ee by\u0165 in\u0161pir\u00e1ciou pre bud\u00face iniciat\u00edvy ochrany pr\u00edrody v regi\u00f3ne.<\/p>\n\n\n\n<p>Okrem toho sa projekt dostal do \u0161ir\u0161ieho povedomia, \u010do sved\u010d\u00ed o jeho v\u00fdzname a dopade. V\u010faka tomu m\u00f4\u017eeme na\u0161u my\u0161lienku ochrany ve\u013ek\u00fdch \u0161eliem dosta\u0165 k \u0161ir\u0161iemu okruhu \u013eud\u00ed a in\u0161tit\u00faci\u00ed, \u010do zvy\u0161uje efektivitu na\u0161ich aktiv\u00edt.<\/p>\n\n\n\n<p>Bohu\u017eia\u013e, neobi\u0161lo sa to ani bez negat\u00edvnych prekvapen\u00ed. Jednou z v\u00fdziev bolo prisp\u00f4sobenie monitorovac\u00edch po\u017eiadaviek ter\u00e9nnym podmienkam a mo\u017enostiam tak r\u00f4znorod\u00fdch partnerov. To si vy\u017eiadalo pod\u00e1vanie \u017eiadost\u00ed o zmeny v projekte, \u010do sprev\u00e1dzaj\u00fa obavy o akcept\u00e1ciu t\u00fdchto zmien riadiacimi in\u0161tit\u00faciami. Je to v\u017edy stresuj\u00faci moment, najm\u00e4 ke\u010f sa sna\u017e\u00edme \u010do najr\u00fdchlej\u0161ie prejs\u0165 k realiz\u00e1cii \u010fal\u0161\u00edch et\u00e1p.<\/p>\n\n\n\n<p>Okrem toho sa objavili oneskorenia sp\u00f4soben\u00e9 nedostatkom pon\u00fak od dod\u00e1vate\u013eov. Nedostatok z\u00e1ujmu o verejn\u00e9 obstar\u00e1vania n\u00e1s n\u00fati pred\u013a\u017ei\u0165 projekt, aby sme dodr\u017eali p\u00f4vodn\u00e9 monitorovacie ciele. To spomalilo niektor\u00e9 aktivity, no ver\u00edme, \u017ee sa n\u00e1m podar\u00ed prisp\u00f4sobi\u0165 harmonogram a udr\u017ea\u0165 smer.<\/p>\n\n\n\n<p>Na z\u00e1ver, hoci sme narazili na ur\u010dit\u00e9 \u0165a\u017ekosti, st\u00e1le ver\u00edme, \u017ee projekt m\u00e1 obrovsk\u00fd potenci\u00e1l. V\u010faka pozit\u00edvnym prekvapeniam, ako je anga\u017eovanos\u0165 partnerov \u010di rast\u00face povedomie o projekte, vid\u00edme, \u017ee je to krok k e\u0161te lep\u0161ej ochrane Karp\u00e1t a ich jedine\u010dnej fauny.<\/p>\n\n\n\n<h2 class=\"wp-block-heading\"><strong>Rozhodli by ste sa znova realizova\u0165 cezhrani\u010dn\u00fd projekt?<\/strong><\/h2>\n\n\n\n<p>Ur\u010dite \u00e1no! T\u00e1to sk\u00fasenos\u0165 n\u00e1m uk\u00e1zala, ak\u00fd obrovsk\u00fd potenci\u00e1l spo\u010d\u00edva v medzin\u00e1rodnej spolupr\u00e1ci a ko\u013eko m\u00f4\u017eeme dosiahnu\u0165 spojen\u00edm s\u00edl. Spolupr\u00e1ca medzi Po\u013eskom a Slovenskom n\u00e1m umo\u017enila vytvori\u0165 efekt\u00edvny model ochrany ve\u013ek\u00fdch \u0161eliem, ktor\u00fd u\u017e prin\u00e1\u0161a hmatate\u013en\u00e9 v\u00fdsledky. Preto by sme nielen znova tak\u00fdto projekt realizovali, ale u\u017e pl\u00e1nujeme jeho pokra\u010dovanie.<\/p>\n\n\n\n<p><strong>\u010eakujeme za rozhovor a prajeme ve\u013ea \u00faspechov v projekte!<\/strong><\/p>\n\n\n\n<p><strong>Dorota Le\u015bniak, Grzegorz First, Mar\u0161alsk\u00fd \u00farad Malopo\u013esk\u00e9ho vojvodstva \u2013 RKB Interreg Po\u013esko \u2013 Slovensko 2021-2027<\/strong><\/p>\n\n\n\n<div class=\"\">\n\n  <div class=\"widget-image-gallery galRB gal-9694\">\n\n    <div id=\"swiperGalFUll-9694\"\n      class=\"swiper widget-image-gallery__full swiper-initialized swiper-horizontal swiper-pointer-events swiper-backface-hidden\">\n\n      <div class=\"swiper-wrapper\" id=\"swiper-wrapper-9694\" aria-live=\"polite\"\n        style=\"transform: translate3d(0px, 0px, 0px);\">\n\n        \n\n        \n        <div class=\"swiper-slide excludeimg  swiper-slide-active \"\n            tabindex=\"0\"\n        data-sliderId =\"9694\"\n        data-bs-slide-to=\"0\"\n        data-title=\"\" role=\"group\"\n          data-bs-toggle=\"modal\" data-bs-target=\"#exampleModal9694\"\n          aria-label=\"1 \/ 6\"\n          style=\"background: linear-gradient(rgba(211, 211, 211), rgba(211, 211, 211))\">\n\n          <img decoding=\"async\" src=\"https:\/\/plsk.eu\/wp-content\/uploads\/2025\/06\/Fot.-P.-Armatys-1-scaled.jpg\" class=\"gal_bg_img\" style=\"\n    width: 100% !important;\">\n\n          <img decoding=\"async\" src=\"https:\/\/plsk.eu\/wp-content\/uploads\/2025\/06\/Fot.-P.-Armatys-1-scaled.jpg\" alt=\"Las li\u015bciasty. Na pierwszym planie przewr\u00f3cone drzewo. W tle drzewa z jasno zielonymi li\u015b\u0107mi Listnat\u00fd les. V popred\u00ed le\u017e\u00ed popadan\u00fd strom. V pozad\u00ed s\u00fa stromy so svetlozelen\u00fdmi listami\" class=\"gal_main_img\" style=\"\">\n        <\/div>\n                \n\n        \n        <div class=\"swiper-slide excludeimg \"\n            tabindex=\"0\"\n        data-sliderId =\"9694\"\n        data-bs-slide-to=\"1\"\n        data-title=\"\" role=\"group\"\n          data-bs-toggle=\"modal\" data-bs-target=\"#exampleModal9694\"\n          aria-label=\"2 \/ 6\"\n          style=\"background: linear-gradient(rgba(211, 211, 211), rgba(211, 211, 211))\">\n\n          <img decoding=\"async\" src=\"https:\/\/plsk.eu\/wp-content\/uploads\/2025\/06\/Karolina-Kawczynska-3-scaled.jpg\" class=\"gal_bg_img\" style=\"\n    width: 100% !important;\">\n\n          <img decoding=\"async\" src=\"https:\/\/plsk.eu\/wp-content\/uploads\/2025\/06\/Karolina-Kawczynska-3-scaled.jpg\" alt=\"Grupa kobiet i m\u0119\u017cczyzn pozuje do zdj\u0119cia w lesie podczas wizyty studyjnej w ramach projektu Skupina \u017eien a mu\u017eov p\u00f3zuje na fotografii v lese po\u010das \u0161tudijnej n\u00e1v\u0161tevy v r\u00e1mci projektu\" class=\"gal_main_img\" style=\"\">\n        <\/div>\n                \n\n        \n        <div class=\"swiper-slide excludeimg \"\n            tabindex=\"0\"\n        data-sliderId =\"9694\"\n        data-bs-slide-to=\"2\"\n        data-title=\"\" role=\"group\"\n          data-bs-toggle=\"modal\" data-bs-target=\"#exampleModal9694\"\n          aria-label=\"3 \/ 6\"\n          style=\"background: linear-gradient(rgba(211, 211, 211), rgba(211, 211, 211))\">\n\n          <img decoding=\"async\" src=\"https:\/\/plsk.eu\/wp-content\/uploads\/2025\/06\/Karolina-Kawczynska-2.jpg\" class=\"gal_bg_img\" style=\"\n    width: 100% !important;\">\n\n          <img decoding=\"async\" src=\"https:\/\/plsk.eu\/wp-content\/uploads\/2025\/06\/Karolina-Kawczynska-2.jpg\" alt=\"Grupa kobiet i m\u0119\u017cczyzn w lesie podczas wizyty studyjnej w ramach projektu Skupina \u017eien a mu\u017eov v lese po\u010das \u0161tudijnej n\u00e1v\u0161tevy v r\u00e1mci projektu\" class=\"gal_main_img\" style=\"\">\n        <\/div>\n                \n\n        \n        <div class=\"swiper-slide excludeimg \"\n            tabindex=\"0\"\n        data-sliderId =\"9694\"\n        data-bs-slide-to=\"3\"\n        data-title=\"\" role=\"group\"\n          data-bs-toggle=\"modal\" data-bs-target=\"#exampleModal9694\"\n          aria-label=\"4 \/ 6\"\n          style=\"background: linear-gradient(rgba(211, 211, 211), rgba(211, 211, 211))\">\n\n          <img decoding=\"async\" src=\"https:\/\/plsk.eu\/wp-content\/uploads\/2025\/06\/Karolina-Kawczynska-1-scaled.jpg\" class=\"gal_bg_img\" style=\"\n    width: 100% !important;\">\n\n          <img decoding=\"async\" src=\"https:\/\/plsk.eu\/wp-content\/uploads\/2025\/06\/Karolina-Kawczynska-1-scaled.jpg\" alt=\"Grupa kobiet i m\u0119\u017cczyzn pozuje do wsp\u00f3lnego zdj\u0119cia w lesie podczas wizyty studyjnej w ramach projektu Skupina \u017eien a mu\u017eov p\u00f3zuje na spolo\u010dnej fotografii v lese po\u010das \u0161tudijnej n\u00e1v\u0161tevy v r\u00e1mci projektu.\" class=\"gal_main_img\" style=\"\">\n        <\/div>\n                \n\n        \n        <div class=\"swiper-slide excludeimg \"\n            tabindex=\"0\"\n        data-sliderId =\"9694\"\n        data-bs-slide-to=\"4\"\n        data-title=\"\" role=\"group\"\n          data-bs-toggle=\"modal\" data-bs-target=\"#exampleModal9694\"\n          aria-label=\"5 \/ 6\"\n          style=\"background: linear-gradient(rgba(211, 211, 211), rgba(211, 211, 211))\">\n\n          <img decoding=\"async\" src=\"https:\/\/plsk.eu\/wp-content\/uploads\/2025\/06\/Fot.-P.-Armatys-4-scaled.jpg\" class=\"gal_bg_img\" style=\"\n    width: 100% !important;\">\n\n          <img decoding=\"async\" src=\"https:\/\/plsk.eu\/wp-content\/uploads\/2025\/06\/Fot.-P.-Armatys-4-scaled.jpg\" alt=\"Krajobraz g\u00f3rski. Na pierwszym tle wida\u0107 polan\u0119 poro\u015bni\u0119t\u0105 traw\u0105. W tle g\u00f3ry poro\u015bni\u0119te drzewami o r\u00f3\u017cnych kolorach li\u015bci. Horsk\u00e1 krajina. V popred\u00ed je l\u00faka pokryt\u00e1 tr\u00e1vou. V pozad\u00ed s\u00fa hory pokryt\u00e9 stromami s listami r\u00f4znych farieb.\" class=\"gal_main_img\" style=\"\">\n        <\/div>\n                \n\n        \n        <div class=\"swiper-slide excludeimg \"\n            tabindex=\"0\"\n        data-sliderId =\"9694\"\n        data-bs-slide-to=\"5\"\n        data-title=\"\" role=\"group\"\n          data-bs-toggle=\"modal\" data-bs-target=\"#exampleModal9694\"\n          aria-label=\"6 \/ 6\"\n          style=\"background: linear-gradient(rgba(211, 211, 211), rgba(211, 211, 211))\">\n\n          <img decoding=\"async\" src=\"https:\/\/plsk.eu\/wp-content\/uploads\/2025\/06\/Fot.-P.-Armatys-3-scaled.jpg\" class=\"gal_bg_img\" style=\"\n    width: 100% !important;\">\n\n          <img decoding=\"async\" src=\"https:\/\/plsk.eu\/wp-content\/uploads\/2025\/06\/Fot.-P.-Armatys-3-scaled.jpg\" alt=\"Las li\u015bciasty. Na pierwszym planie przewr\u00f3cone drzewo. W tle drzewa z jasno zielonymi li\u015b\u0107mi Listnat\u00fd les. V popred\u00ed le\u017e\u00ed popadan\u00fd strom. V pozad\u00ed s\u00fa stromy so svetlozelen\u00fdmi listami.\" class=\"gal_main_img\" style=\"\">\n        <\/div>\n                \n\n\n      <\/div>\n\n\n      <span class=\"swiper-notification\" aria-live=\"assertive\" aria-atomic=\"true\"><\/span>\n\n    <\/div>\n\n    <div id=\"swiperGalThumb-9694\" data-galid=\"9694\"\n      class=\"swiper widget-image-gallery__thumbs swiper-initialized swiper-horizontal swiper-pointer-events swiper-free-mode swiper-backface-hidden swiper-thumbs\">\n      <div class=\"swiper-wrapper\" id=\"swiper-wrapper-9694\" aria-live=\"polite\"\n        style=\"transform: translate3d(0px, 0px, 0px);\">\n\n        \n        \n        <div class=\"swiper-slide swiper-slide-prev\" style=\"width: 139px; margin-right: 30px;\" role=\"group\">\n          <img decoding=\"async\" src=\"https:\/\/plsk.eu\/wp-content\/uploads\/2025\/06\/Fot.-P.-Armatys-1-scaled.jpg\" alt=\"Las li\u015bciasty. Na pierwszym planie przewr\u00f3cone drzewo. W tle drzewa z jasno zielonymi li\u015b\u0107mi Listnat\u00fd les. V popred\u00ed le\u017e\u00ed popadan\u00fd strom. V pozad\u00ed s\u00fa stromy so svetlozelen\u00fdmi listami\">\n        <\/div>\n        \n        \n        <div class=\"swiper-slide swiper-slide-prev\" style=\"width: 139px; margin-right: 30px;\" role=\"group\">\n          <img decoding=\"async\" src=\"https:\/\/plsk.eu\/wp-content\/uploads\/2025\/06\/Karolina-Kawczynska-3-scaled.jpg\" alt=\"Grupa kobiet i m\u0119\u017cczyzn pozuje do zdj\u0119cia w lesie podczas wizyty studyjnej w ramach projektu Skupina \u017eien a mu\u017eov p\u00f3zuje na fotografii v lese po\u010das \u0161tudijnej n\u00e1v\u0161tevy v r\u00e1mci projektu\">\n        <\/div>\n        \n        \n        <div class=\"swiper-slide swiper-slide-prev\" style=\"width: 139px; margin-right: 30px;\" role=\"group\">\n          <img decoding=\"async\" src=\"https:\/\/plsk.eu\/wp-content\/uploads\/2025\/06\/Karolina-Kawczynska-2.jpg\" alt=\"Grupa kobiet i m\u0119\u017cczyzn w lesie podczas wizyty studyjnej w ramach projektu Skupina \u017eien a mu\u017eov v lese po\u010das \u0161tudijnej n\u00e1v\u0161tevy v r\u00e1mci projektu\">\n        <\/div>\n        \n        \n        <div class=\"swiper-slide swiper-slide-prev\" style=\"width: 139px; margin-right: 30px;\" role=\"group\">\n          <img decoding=\"async\" src=\"https:\/\/plsk.eu\/wp-content\/uploads\/2025\/06\/Karolina-Kawczynska-1-scaled.jpg\" alt=\"Grupa kobiet i m\u0119\u017cczyzn pozuje do wsp\u00f3lnego zdj\u0119cia w lesie podczas wizyty studyjnej w ramach projektu Skupina \u017eien a mu\u017eov p\u00f3zuje na spolo\u010dnej fotografii v lese po\u010das \u0161tudijnej n\u00e1v\u0161tevy v r\u00e1mci projektu.\">\n        <\/div>\n        \n        \n        <div class=\"swiper-slide swiper-slide-prev\" style=\"width: 139px; margin-right: 30px;\" role=\"group\">\n          <img decoding=\"async\" src=\"https:\/\/plsk.eu\/wp-content\/uploads\/2025\/06\/Fot.-P.-Armatys-4-scaled.jpg\" alt=\"Krajobraz g\u00f3rski. Na pierwszym tle wida\u0107 polan\u0119 poro\u015bni\u0119t\u0105 traw\u0105. W tle g\u00f3ry poro\u015bni\u0119te drzewami o r\u00f3\u017cnych kolorach li\u015bci. Horsk\u00e1 krajina. V popred\u00ed je l\u00faka pokryt\u00e1 tr\u00e1vou. V pozad\u00ed s\u00fa hory pokryt\u00e9 stromami s listami r\u00f4znych farieb.\">\n        <\/div>\n        \n        \n        <div class=\"swiper-slide swiper-slide-prev\" style=\"width: 139px; margin-right: 30px;\" role=\"group\">\n          <img decoding=\"async\" src=\"https:\/\/plsk.eu\/wp-content\/uploads\/2025\/06\/Fot.-P.-Armatys-3-scaled.jpg\" alt=\"Las li\u015bciasty. Na pierwszym planie przewr\u00f3cone drzewo. W tle drzewa z jasno zielonymi li\u015b\u0107mi Listnat\u00fd les. V popred\u00ed le\u017e\u00ed popadan\u00fd strom. V pozad\u00ed s\u00fa stromy so svetlozelen\u00fdmi listami.\">\n        <\/div>\n        \n\n      <\/div>\n      <span class=\"swiper-notification\" aria-live=\"assertive\" aria-atomic=\"true\"><\/span>\n    <\/div>\n          <!--\n    <div class=\"widget-image-gallery__caption\">\n      <p>Opis zdj\u0119cia5, fot. Jan Kowalski<\/p>\n    <\/div>-->\n\n\n    <div class=\"image-swiper-button-prev swiper-button-prev\" role=\"button\" aria-label=\"Predch\u00e1dzaj\u00faci obr\u00e1zok\"\n      aria-controls=\"swiper-wrapper-9694\" aria-disabled=\"false\">\n    <\/div>\n\n    <div class=\"image-swiper-button-next swiper-button-next swiper-button-disabled\" role=\"button\"\n      aria-label=\"\u010eal\u0161\u00ed obr\u00e1zok\" aria-controls=\"swiper-wrapper-4360\" aria-disabled=\"true\">\n    <\/div>\n\n\n\n\n  <\/div>\n\n  \n  <div class=\"modal fade gal_modal\" id=\"exampleModal9694\" tabindex=\"-1\" aria-hidden=\"true\">\n    <div class=\"modal-dialog\">\n      <div class=\"modal-content\">\n        <div class=\"modal-header\">\n          <button type=\"button\" class=\"btn-close\" data-bs-dismiss=\"modal\" aria-label=\"Zamkn\u0105\u0107\">\n          <img decoding=\"async\"\n              src=\"https:\/\/plsk.eu\/wp-content\/themes\/fundusze\/assets\/images\/close.svg\"\n              alt=Zamkn\u0105\u0107>\n          <span class=\"visually-hidden\">Zamkn\u0105\u0107<\/span>\n        <\/button>\n        <\/div>\n\n          <div class=\"row no_mobile\">\n\n            <div class=\"col-xxl-2 col-xl-2 col-lg-2 col-md-2 col-sm-2 gal_left\">\n              <button type=\"button\" data-bs-target=\"#carouselExample9694\" data-bs-slide=\"prev\"\n                aria-label=\"Predch\u00e1dzaj\u00faci obr\u00e1zok\">\n                <img decoding=\"async\" src=\"https:\/\/plsk.eu\/wp-content\/themes\/fundusze\/assets\/images\/back.svg\" alt=\"\"> <\/button>\n            <\/div>\n\n            <div class=\"col-xxl-8 col-xl-8 col-lg-8 col-md-8 col-sm-8\">\n\n              <div id=\"carouselExample9694\" class=\"carousel slide\" data-bs-interval=\"50000\"\n                data-bs-ride=\"carousel\">\n\n                <div class=\"carousel-inner\">\n\n                  \n                                    <div class=\"carousel-item  active \">\n                    <img decoding=\"async\" src=\"https:\/\/plsk.eu\/wp-content\/uploads\/2025\/06\/Fot.-P.-Armatys-1-scaled.jpg\" alt=\"Las li\u015bciasty. Na pierwszym planie przewr\u00f3cone drzewo. W tle drzewa z jasno zielonymi li\u015b\u0107mi Listnat\u00fd les. V popred\u00ed le\u017e\u00ed popadan\u00fd strom. V pozad\u00ed s\u00fa stromy so svetlozelen\u00fdmi listami\" class=\"img_all\">\n                    <div class=\"row\">\n\n                      <div class=\"col-xxl-12 col-xl-12 col-lg-12 col-md-12 col-sm-12\">\n                        <div class=\"img_caption\">\n                          <div class=\"cap_text\">\n                                                        <br>Autor: Pawe\u0142 Armatys                          <\/div>\n                          <div class=\"cap_num\">\n                            <strong> 1 z 6<\/strong>\n                          <\/div>\n\n                        <\/div>\n                      <\/div>\n\n                    <\/div>\n                  <\/div>\n                                    \n                                    <div class=\"carousel-item \">\n                    <img decoding=\"async\" src=\"https:\/\/plsk.eu\/wp-content\/uploads\/2025\/06\/Karolina-Kawczynska-3-scaled.jpg\" alt=\"Grupa kobiet i m\u0119\u017cczyzn pozuje do zdj\u0119cia w lesie podczas wizyty studyjnej w ramach projektu Skupina \u017eien a mu\u017eov p\u00f3zuje na fotografii v lese po\u010das \u0161tudijnej n\u00e1v\u0161tevy v r\u00e1mci projektu\" class=\"img_all\">\n                    <div class=\"row\">\n\n                      <div class=\"col-xxl-12 col-xl-12 col-lg-12 col-md-12 col-sm-12\">\n                        <div class=\"img_caption\">\n                          <div class=\"cap_text\">\n                                                        <br>Autor: Karolina Kawczy\u0144ska                          <\/div>\n                          <div class=\"cap_num\">\n                            <strong> 2 z 6<\/strong>\n                          <\/div>\n\n                        <\/div>\n                      <\/div>\n\n                    <\/div>\n                  <\/div>\n                                    \n                                    <div class=\"carousel-item \">\n                    <img decoding=\"async\" src=\"https:\/\/plsk.eu\/wp-content\/uploads\/2025\/06\/Karolina-Kawczynska-2.jpg\" alt=\"Grupa kobiet i m\u0119\u017cczyzn w lesie podczas wizyty studyjnej w ramach projektu Skupina \u017eien a mu\u017eov v lese po\u010das \u0161tudijnej n\u00e1v\u0161tevy v r\u00e1mci projektu\" class=\"img_all\">\n                    <div class=\"row\">\n\n                      <div class=\"col-xxl-12 col-xl-12 col-lg-12 col-md-12 col-sm-12\">\n                        <div class=\"img_caption\">\n                          <div class=\"cap_text\">\n                                                        <br>Autor: Karolina Kawczy\u0144ska                          <\/div>\n                          <div class=\"cap_num\">\n                            <strong> 3 z 6<\/strong>\n                          <\/div>\n\n                        <\/div>\n                      <\/div>\n\n                    <\/div>\n                  <\/div>\n                                    \n                                    <div class=\"carousel-item \">\n                    <img decoding=\"async\" src=\"https:\/\/plsk.eu\/wp-content\/uploads\/2025\/06\/Karolina-Kawczynska-1-scaled.jpg\" alt=\"Grupa kobiet i m\u0119\u017cczyzn pozuje do wsp\u00f3lnego zdj\u0119cia w lesie podczas wizyty studyjnej w ramach projektu Skupina \u017eien a mu\u017eov p\u00f3zuje na spolo\u010dnej fotografii v lese po\u010das \u0161tudijnej n\u00e1v\u0161tevy v r\u00e1mci projektu.\" class=\"img_all\">\n                    <div class=\"row\">\n\n                      <div class=\"col-xxl-12 col-xl-12 col-lg-12 col-md-12 col-sm-12\">\n                        <div class=\"img_caption\">\n                          <div class=\"cap_text\">\n                                                        <br>Autor: Karolina Kawczy\u0144ska                          <\/div>\n                          <div class=\"cap_num\">\n                            <strong> 4 z 6<\/strong>\n                          <\/div>\n\n                        <\/div>\n                      <\/div>\n\n                    <\/div>\n                  <\/div>\n                                    \n                                    <div class=\"carousel-item \">\n                    <img decoding=\"async\" src=\"https:\/\/plsk.eu\/wp-content\/uploads\/2025\/06\/Fot.-P.-Armatys-4-scaled.jpg\" alt=\"Krajobraz g\u00f3rski. Na pierwszym tle wida\u0107 polan\u0119 poro\u015bni\u0119t\u0105 traw\u0105. W tle g\u00f3ry poro\u015bni\u0119te drzewami o r\u00f3\u017cnych kolorach li\u015bci. Horsk\u00e1 krajina. V popred\u00ed je l\u00faka pokryt\u00e1 tr\u00e1vou. V pozad\u00ed s\u00fa hory pokryt\u00e9 stromami s listami r\u00f4znych farieb.\" class=\"img_all\">\n                    <div class=\"row\">\n\n                      <div class=\"col-xxl-12 col-xl-12 col-lg-12 col-md-12 col-sm-12\">\n                        <div class=\"img_caption\">\n                          <div class=\"cap_text\">\n                                                        <br>Autor: Pawe\u0142 Armatys                          <\/div>\n                          <div class=\"cap_num\">\n                            <strong> 5 z 6<\/strong>\n                          <\/div>\n\n                        <\/div>\n                      <\/div>\n\n                    <\/div>\n                  <\/div>\n                                    \n                                    <div class=\"carousel-item \">\n                    <img decoding=\"async\" src=\"https:\/\/plsk.eu\/wp-content\/uploads\/2025\/06\/Fot.-P.-Armatys-3-scaled.jpg\" alt=\"Las li\u015bciasty. Na pierwszym planie przewr\u00f3cone drzewo. W tle drzewa z jasno zielonymi li\u015b\u0107mi Listnat\u00fd les. V popred\u00ed le\u017e\u00ed popadan\u00fd strom. V pozad\u00ed s\u00fa stromy so svetlozelen\u00fdmi listami.\" class=\"img_all\">\n                    <div class=\"row\">\n\n                      <div class=\"col-xxl-12 col-xl-12 col-lg-12 col-md-12 col-sm-12\">\n                        <div class=\"img_caption\">\n                          <div class=\"cap_text\">\n                                                        <br>Autor: Pawe\u0142 Armatys                          <\/div>\n                          <div class=\"cap_num\">\n                            <strong> 6 z 6<\/strong>\n                          <\/div>\n\n                        <\/div>\n                      <\/div>\n\n                    <\/div>\n                  <\/div>\n                                    \n                <\/div>\n\n              <\/div>\n\n            <\/div>\n            <div class=\"col-xxl-2 col-xl-2 col-lg-2 col-md-2 col-sm-2 gal_right\">\n              <button type=\"button\" data-bs-target=\"#carouselExample9694\" data-bs-slide=\"next\"\n                aria-label=\"\u010eal\u0161\u00ed obr\u00e1zok\"> <img decoding=\"async\"\n                  src=\"https:\/\/plsk.eu\/wp-content\/themes\/fundusze\/assets\/images\/next.svg\" alt=\"\"><\/button>\n            <\/div>\n\n          <\/div>\n\n\n          <div class=\"row no_desk\">\n\n            <div class=\"col-xxl-8 col-xl-8 col-lg-8 col-md-8 col-sm-8\">\n\n              <div id=\"carouselExample9694mob9694\" class=\"carousel slide\" data-bs-interval=\"50000\"\n                data-bs-ride=\"carousel\">\n\n                <div class=\"carousel-inner\">\n\n                  \n                                    <div class=\"carousel-item  active \">\n                    <img decoding=\"async\" src=\"https:\/\/plsk.eu\/wp-content\/uploads\/2025\/06\/Fot.-P.-Armatys-1-scaled.jpg\" alt=\"Las li\u015bciasty. Na pierwszym planie przewr\u00f3cone drzewo. W tle drzewa z jasno zielonymi li\u015b\u0107mi Listnat\u00fd les. V popred\u00ed le\u017e\u00ed popadan\u00fd strom. V pozad\u00ed s\u00fa stromy so svetlozelen\u00fdmi listami\" class=\"img_all\">\n                    <div class=\"row\">\n\n                      <div class=\"col-xxl-12 col-xl-12 col-lg-12 col-md-12 col-sm-12\">\n                        <div class=\"img_caption\">\n                          <div class=\"cap_text\">\n                            \n                            <br>Autor: Pawe\u0142 Armatys                          <\/div>\n                          <div class=\"cap_num\">\n                            <strong> 1 z 6<\/strong>\n                          <\/div>\n\n                        <\/div>\n                      <\/div>\n\n                    <\/div>\n                  <\/div>\n                  \n                                    <div class=\"carousel-item \">\n                    <img decoding=\"async\" src=\"https:\/\/plsk.eu\/wp-content\/uploads\/2025\/06\/Karolina-Kawczynska-3-scaled.jpg\" alt=\"Grupa kobiet i m\u0119\u017cczyzn pozuje do zdj\u0119cia w lesie podczas wizyty studyjnej w ramach projektu Skupina \u017eien a mu\u017eov p\u00f3zuje na fotografii v lese po\u010das \u0161tudijnej n\u00e1v\u0161tevy v r\u00e1mci projektu\" class=\"img_all\">\n                    <div class=\"row\">\n\n                      <div class=\"col-xxl-12 col-xl-12 col-lg-12 col-md-12 col-sm-12\">\n                        <div class=\"img_caption\">\n                          <div class=\"cap_text\">\n                            \n                            <br>Autor: Karolina Kawczy\u0144ska                          <\/div>\n                          <div class=\"cap_num\">\n                            <strong> 2 z 6<\/strong>\n                          <\/div>\n\n                        <\/div>\n                      <\/div>\n\n                    <\/div>\n                  <\/div>\n                  \n                                    <div class=\"carousel-item \">\n                    <img decoding=\"async\" src=\"https:\/\/plsk.eu\/wp-content\/uploads\/2025\/06\/Karolina-Kawczynska-2.jpg\" alt=\"Grupa kobiet i m\u0119\u017cczyzn w lesie podczas wizyty studyjnej w ramach projektu Skupina \u017eien a mu\u017eov v lese po\u010das \u0161tudijnej n\u00e1v\u0161tevy v r\u00e1mci projektu\" class=\"img_all\">\n                    <div class=\"row\">\n\n                      <div class=\"col-xxl-12 col-xl-12 col-lg-12 col-md-12 col-sm-12\">\n                        <div class=\"img_caption\">\n                          <div class=\"cap_text\">\n                            \n                            <br>Autor: Karolina Kawczy\u0144ska                          <\/div>\n                          <div class=\"cap_num\">\n                            <strong> 3 z 6<\/strong>\n                          <\/div>\n\n                        <\/div>\n                      <\/div>\n\n                    <\/div>\n                  <\/div>\n                  \n                                    <div class=\"carousel-item \">\n                    <img decoding=\"async\" src=\"https:\/\/plsk.eu\/wp-content\/uploads\/2025\/06\/Karolina-Kawczynska-1-scaled.jpg\" alt=\"Grupa kobiet i m\u0119\u017cczyzn pozuje do wsp\u00f3lnego zdj\u0119cia w lesie podczas wizyty studyjnej w ramach projektu Skupina \u017eien a mu\u017eov p\u00f3zuje na spolo\u010dnej fotografii v lese po\u010das \u0161tudijnej n\u00e1v\u0161tevy v r\u00e1mci projektu.\" class=\"img_all\">\n                    <div class=\"row\">\n\n                      <div class=\"col-xxl-12 col-xl-12 col-lg-12 col-md-12 col-sm-12\">\n                        <div class=\"img_caption\">\n                          <div class=\"cap_text\">\n                            \n                            <br>Autor: Karolina Kawczy\u0144ska                          <\/div>\n                          <div class=\"cap_num\">\n                            <strong> 4 z 6<\/strong>\n                          <\/div>\n\n                        <\/div>\n                      <\/div>\n\n                    <\/div>\n                  <\/div>\n                  \n                                    <div class=\"carousel-item \">\n                    <img decoding=\"async\" src=\"https:\/\/plsk.eu\/wp-content\/uploads\/2025\/06\/Fot.-P.-Armatys-4-scaled.jpg\" alt=\"Krajobraz g\u00f3rski. Na pierwszym tle wida\u0107 polan\u0119 poro\u015bni\u0119t\u0105 traw\u0105. W tle g\u00f3ry poro\u015bni\u0119te drzewami o r\u00f3\u017cnych kolorach li\u015bci. Horsk\u00e1 krajina. V popred\u00ed je l\u00faka pokryt\u00e1 tr\u00e1vou. V pozad\u00ed s\u00fa hory pokryt\u00e9 stromami s listami r\u00f4znych farieb.\" class=\"img_all\">\n                    <div class=\"row\">\n\n                      <div class=\"col-xxl-12 col-xl-12 col-lg-12 col-md-12 col-sm-12\">\n                        <div class=\"img_caption\">\n                          <div class=\"cap_text\">\n                            \n                            <br>Autor: Pawe\u0142 Armatys                          <\/div>\n                          <div class=\"cap_num\">\n                            <strong> 5 z 6<\/strong>\n                          <\/div>\n\n                        <\/div>\n                      <\/div>\n\n                    <\/div>\n                  <\/div>\n                  \n                                    <div class=\"carousel-item \">\n                    <img decoding=\"async\" src=\"https:\/\/plsk.eu\/wp-content\/uploads\/2025\/06\/Fot.-P.-Armatys-3-scaled.jpg\" alt=\"Las li\u015bciasty. Na pierwszym planie przewr\u00f3cone drzewo. W tle drzewa z jasno zielonymi li\u015b\u0107mi Listnat\u00fd les. V popred\u00ed le\u017e\u00ed popadan\u00fd strom. V pozad\u00ed s\u00fa stromy so svetlozelen\u00fdmi listami.\" class=\"img_all\">\n                    <div class=\"row\">\n\n                      <div class=\"col-xxl-12 col-xl-12 col-lg-12 col-md-12 col-sm-12\">\n                        <div class=\"img_caption\">\n                          <div class=\"cap_text\">\n                            \n                            <br>Autor: Pawe\u0142 Armatys                          <\/div>\n                          <div class=\"cap_num\">\n                            <strong> 6 z 6<\/strong>\n                          <\/div>\n\n                        <\/div>\n                      <\/div>\n\n                    <\/div>\n                  <\/div>\n                                  <\/div>\n              <\/div>\n\n            <\/div>\n            <div class=\"col-xxl-2 col-xl-2 col-lg-2 col-md-2 col-sm-12 gal_arrow mb-30px\">\n              <img decoding=\"async\" src=\"https:\/\/plsk.eu\/wp-content\/themes\/fundusze\/assets\/images\/back.svg\"\n                data-bs-target=\"#carouselExample9694mob9694\" data-bs-slide=\"prev\" alt=\"\"> <img decoding=\"async\"\n                src=\"https:\/\/plsk.eu\/wp-content\/themes\/fundusze\/assets\/images\/next.svg\"\n                data-bs-target=\"#carouselExample9694mob9694\" data-bs-slide=\"next\" alt=\"\">\n            <\/div>\n\n          <\/div>\n      <\/div>\n    <\/div>\n  <\/div>\n\n  ","protected":false},"excerpt":{"rendered":"<p>Pokra\u010dujeme v s\u00e9rii rozhovorov s prij\u00edmate\u013emi, v ktor\u00fdch zbierame n\u00e1zory a sk\u00fasenosti \u013eud\u00ed priamo zapojen\u00fdch do realiz\u00e1cie projektov financovan\u00fdch z eur\u00f3pskych prostriedkov v r\u00e1mci Programu Interreg Po\u013esko \u2013 Slovensko. Rozhovor sme uskuto\u010dnili s pani Karolinou Kawczy\u0144skou z Centra koordin\u00e1cie environment\u00e1lnych projektov vo Var\u0161ave, koordin\u00e1torkou projektu: Drav\u00e9 pohrani\u010die &#8211; cezhrani\u010dn\u00e1 spolupr\u00e1ca pre integrovan\u00fa ochranu ve\u013ek\u00fdch \u0161eliem [&hellip;]<\/p>\n","protected":false},"author":22,"featured_media":40796,"comment_status":"closed","ping_status":"open","sticky":false,"template":"","format":"standard","meta":{"_acf_changed":false,"inline_featured_image":false,"_themeisle_gutenberg_block_has_review":false,"footnotes":"","_links_to":"","_links_to_target":""},"categories":[1909,1839],"tags":[],"class_list":["post-40793","post","type-post","status-publish","format-standard","has-post-thumbnail","hentry","category-strona-glowna-sk","category-bez-kategorii"],"acf":[],"_links":{"self":[{"href":"https:\/\/plsk.eu\/sk\/wp-json\/wp\/v2\/posts\/40793","targetHints":{"allow":["GET"]}}],"collection":[{"href":"https:\/\/plsk.eu\/sk\/wp-json\/wp\/v2\/posts"}],"about":[{"href":"https:\/\/plsk.eu\/sk\/wp-json\/wp\/v2\/types\/post"}],"author":[{"embeddable":true,"href":"https:\/\/plsk.eu\/sk\/wp-json\/wp\/v2\/users\/22"}],"replies":[{"embeddable":true,"href":"https:\/\/plsk.eu\/sk\/wp-json\/wp\/v2\/comments?post=40793"}],"version-history":[{"count":2,"href":"https:\/\/plsk.eu\/sk\/wp-json\/wp\/v2\/posts\/40793\/revisions"}],"predecessor-version":[{"id":40804,"href":"https:\/\/plsk.eu\/sk\/wp-json\/wp\/v2\/posts\/40793\/revisions\/40804"}],"wp:featuredmedia":[{"embeddable":true,"href":"https:\/\/plsk.eu\/sk\/wp-json\/wp\/v2\/media\/40796"}],"wp:attachment":[{"href":"https:\/\/plsk.eu\/sk\/wp-json\/wp\/v2\/media?parent=40793"}],"wp:term":[{"taxonomy":"category","embeddable":true,"href":"https:\/\/plsk.eu\/sk\/wp-json\/wp\/v2\/categories?post=40793"},{"taxonomy":"post_tag","embeddable":true,"href":"https:\/\/plsk.eu\/sk\/wp-json\/wp\/v2\/tags?post=40793"}],"curies":[{"name":"wp","href":"https:\/\/api.w.org\/{rel}","templated":true}]}}