{"id":41526,"date":"2025-09-22T09:28:52","date_gmt":"2025-09-22T07:28:52","guid":{"rendered":"https:\/\/plsk.eu\/?p=41526"},"modified":"2025-09-22T09:29:16","modified_gmt":"2025-09-22T07:29:16","slug":"co-sa-deje-v-projektoch-cestou-dreva-pamiatkami-drevenej-architektury-a-prirodneho-dedicstva-vo-wisle-a-ruzomberku","status":"publish","type":"post","link":"https:\/\/plsk.eu\/sk\/co-sa-deje-v-projektoch-cestou-dreva-pamiatkami-drevenej-architektury-a-prirodneho-dedicstva-vo-wisle-a-ruzomberku\/","title":{"rendered":"\u010co sa deje v projektoch? &#8211; Cestou dreva &#8211; pamiatkami drevenej architekt\u00fary a pr\u00edrodn\u00e9ho dedi\u010dstva vo Wisle a Ru\u017eomberku"},"content":{"rendered":"\n<h3 class=\"wp-block-heading\"><strong>Pokra\u010dujeme v s\u00e9rii rozhovorov s prij\u00edmate\u013emi, v ktor\u00fdch zis\u0165ujeme n\u00e1zory a sk\u00fasenosti \u013eud\u00ed priamo zapojen\u00fdch do realiz\u00e1cie projektov spolufinancovan\u00fdch z eur\u00f3pskych fondov v r\u00e1mci programu Interreg Po\u013esko &#8211; Slovensko.<\/strong><\/h3>\n\n\n\n<p>Projekt Cestou dreva &#8211; medzi pamiatkami drevenej architekt\u00fary a pr\u00edrodn\u00e9ho dedi\u010dstva vo Wisle a Ru\u017eomberku sa realizuje v spolupr\u00e1ci dvoch partnerov: miest Wisla a Ru\u017eomberk.<\/p>\n\n\n\n<p>Rozhovor sme viedli s pani Wioletou Karas z Mestsk\u00e9ho \u00faradu vo Wisle.<\/p>\n\n\n\n<h3 class=\"wp-block-heading\"><strong>Dobr\u00fd de\u0148, pani Wioleta. \u010eakujem v\u00e1m za mo\u017enos\u0165 uskuto\u010dni\u0165 rozhovor.<br>Na \u00favod, pros\u00edm, vysvetlite, ak\u00e9 s\u00fa hlavn\u00e9 ciele projektu?<\/strong> <\/h3>\n\n\n\n<p>Hlavn\u00fdm cie\u013eom projektu je vytvorenie spolo\u010dnej turistickej ponuky a propag\u00e1cia cezhrani\u010dnej oblasti Doln\u00e9ho Liptova a T\u011b\u0161\u00ednskeho Sliezska. K\u013e\u00fa\u010dov\u00fdm prvkom je vyu\u017eitie modern\u00fdch marketingov\u00fdch n\u00e1strojov a elektronick\u00fdch platforiem &#8211; vr\u00e1tane mobilnej aplik\u00e1cie &#8211; ktor\u00e9 bud\u00fa prezentova\u0165 objekty drevenej, kult\u00farnej a historickej architekt\u00fary s prihliadnut\u00edm na pr\u00edrodn\u00e9 hodnoty regi\u00f3nu. Aplik\u00e1cia umo\u017en\u00ed aj prezent\u00e1ciu turistick\u00fdch tr\u00e1s, \u010do e\u0161te viac zv\u00fd\u0161i atraktivitu a dostupnos\u0165 t\u00fdchto objektov pre n\u00e1v\u0161tevn\u00edkov. Cie\u013eom projektu je zv\u00fd\u0161i\u0165 turistick\u00fa atraktivitu regi\u00f3nu, pln\u0161ie vyu\u017ei\u0165 jeho kult\u00farny, pr\u00edrodn\u00fd a historick\u00fd potenci\u00e1l a zavies\u0165 efekt\u00edvne rie\u0161enia riadenia turistick\u00e9ho ruchu vo vybran\u00fdch lokalit\u00e1ch.&nbsp; V r\u00e1mci aktiv\u00edt na po\u013eskej strane sa vytvor\u00ed nov\u00fd \u00fasek pe\u0161ej a cyklistickej trasy v \u00fadol\u00ed rieky Czarna Wiselka vr\u00e1tane v\u00fdstavby mosta pre pe\u0161\u00edch a cyklistov cez rieku Ma\u0142a Wis\u0142a. Trasa povedie od Habsburskej hospod\u00e1rskej osady vo Wisle-Czarne smerom k predpoliu vodnej n\u00e1dr\u017ee na jazere Czernia\u0144ski. Na slovenskej strane, v oblasti Vlkol\u00ednca, sa pl\u00e1nuje realiz\u00e1cia prvkov drobnej architekt\u00fary, ako s\u00fa nov\u00e9 osvetlenie, lavi\u010dky, stojany na bicykle a informa\u010dn\u00e9 tabule; okrem toho sa zrealizuje turistick\u00fd informa\u010dn\u00fd syst\u00e9m.<\/p>\n\n\n\n<h3 class=\"wp-block-heading\"><strong>Ak\u00e9 s\u00fa siln\u00e9 str\u00e1nky v\u00e1\u0161ho projektu?<\/strong><\/h3>\n\n\n\n<p>Silnou str\u00e1nkou projektu je nepochybne jeho cezhrani\u010dn\u00fd charakter &#8211; sp\u00e1ja turistick\u00fd potenci\u00e1l Doln\u00e9ho Liptova a T\u011b\u0161\u00ednskeho Sliezska, \u010d\u00edm vytv\u00e1ra ucelen\u00fa ponuku pre n\u00e1v\u0161tevn\u00edkov. Vyu\u017eitie modern\u00fdch technol\u00f3gi\u00ed, ako je mobiln\u00e1 aplik\u00e1cia, u\u013eah\u010duje pr\u00edstup k inform\u00e1ci\u00e1m o atrakci\u00e1ch a turistick\u00fdch tras\u00e1ch. Projekt zah\u0155\u0148a aj konkr\u00e9tne invest\u00edcie do infra\u0161trukt\u00fary na oboch stran\u00e1ch hranice &#8211; vr\u00e1tane turistickej a cyklistickej trasy s mostom vo Visle a moderniz\u00e1cie verejn\u00fdch priestranstiev vo Vlkol\u00ednci. To v\u0161etko zvy\u0161uje komfort n\u00e1v\u0161tevn\u00edkov a podporuje propag\u00e1ciu kult\u00farneho a pr\u00edrodn\u00e9ho dedi\u010dstva regi\u00f3nu.<\/p>\n\n\n\n<h3 class=\"wp-block-heading\"><strong>Pre\u010do ste si vybrali pr\u00e1ve Interreg?<\/strong><\/h3>\n\n\n\n<p>Tento program najlep\u0161ie vyhovoval povahe n\u00e1\u0161ho projektu, preto\u017ee sme od za\u010diatku po\u010d\u00edtali s cezhrani\u010dnou spolupr\u00e1cou. Chceli sme spoji\u0165 potenci\u00e1l dvoch regi\u00f3nov &#8211; po\u013esk\u00e9ho a slovensk\u00e9ho &#8211; a vytvori\u0165 spolo\u010dn\u00fa turistick\u00fa ponuku. Program Interreg pon\u00faka konkr\u00e9tne mo\u017enosti, a to tak z h\u013eadiska financovania, ako aj podpory partnerskej spolupr\u00e1ce. V\u010faka programu sme mohli nielen pl\u00e1nova\u0165, ale aj realizova\u0165 invest\u00edcie na oboch stran\u00e1ch hranice.<\/p>\n\n\n\n<h3 class=\"wp-block-heading\"><strong>\u010co pon\u00faka tento program v porovnan\u00ed s in\u00fdmi?<\/strong><\/h3>\n\n\n\n<p>Interreg je pre n\u00e1s predov\u0161etk\u00fdm pr\u00edle\u017eitos\u0165ou na skuto\u010dn\u00fa spolupr\u00e1cu s na\u0161imi slovensk\u00fdmi susedmi. In\u00e9 programy \u010dasto funguj\u00fa len na n\u00e1rodnej \u00farovni, zatia\u013e \u010do tu m\u00f4\u017eeme spolo\u010dne pl\u00e1nova\u0165 a realizova\u0165 projekty, ktor\u00e9 sp\u00e1jaj\u00fa oba regi\u00f3ny. Efekt je tak ove\u013ea vidite\u013enej\u0161\u00ed a pre n\u00e1s v\u0161etk\u00fdch uspokojivej\u0161\u00ed.<\/p>\n\n\n\n<h3 class=\"wp-block-heading\"><strong>Ak\u00e9 s\u00fa v\u00fdhody projektu Cestou dreva?<\/strong><\/h3>\n\n\n\n<p>Projekt prin\u00e1\u0161a obyvate\u013eom a turistom mnoho v\u00fdhod &#8211; umo\u017e\u0148uje im lep\u0161ie spozna\u0165 kult\u00farne a pr\u00edrodn\u00e9 dedi\u010dstvo na\u0161ich regi\u00f3nov a zlep\u0161uje turistick\u00fa infra\u0161trukt\u00faru: chodn\u00edky, cyklotrasy, drobn\u00fa architekt\u00faru &#8211; \u010do zvy\u0161uje komfort rekre\u00e1cie. Po\u010das realiz\u00e1cie sme na oboch stran\u00e1ch hranice zorganizovali aj festival na podporu kult\u00farnych a turistick\u00fdch hodn\u00f4t, ktor\u00fd e\u0161te viac posilnil spolupr\u00e1cu medzi obcami a pritiahol pozornos\u0165 n\u00e1v\u0161tevn\u00edkov.<\/p>\n\n\n\n<h3 class=\"wp-block-heading\"><strong>Kedy a kde sa prejavia n\u00e1sledky?<\/strong><\/h3>\n\n\n\n<p>Prv\u00e9 v\u00fdsledky projektu s\u00fa u\u017e vidite\u013en\u00e9 &#8211; napr\u00edklad vo Visle-Czarne, kde sa buduje nov\u00fd \u00fasek chodn\u00edka pre chodcov a cyklistov s mostom, a vo Vlkol\u00ednci, kde modernizujeme turistick\u00fa infra\u0161trukt\u00faru. Pr\u00e1ce bud\u00fa prebieha\u0165 po etap\u00e1ch a cel\u00fd projekt pl\u00e1nujeme ukon\u010di\u0165 v apr\u00edli 2026. V\u010faka tomu bud\u00fa m\u00f4c\u0165 obyvatelia a turisti \u010doskoro vyu\u017e\u00edva\u0165 nov\u00e9 atrakcie a zariadenia na oboch stran\u00e1ch hranice.<\/p>\n\n\n\n<h3 class=\"wp-block-heading\"><strong>\u010c\u00edm sa v\u00e1\u0161 projekt odli\u0161uje od in\u00fdch cezhrani\u010dn\u00fdch aktiv\u00edt?<\/strong><\/h3>\n\n\n\n<p>N\u00e1\u0161 projekt sp\u00e1ja propag\u00e1ciu kult\u00farneho dedi\u010dstva so skuto\u010dn\u00fdmi invest\u00edciami na oboch stran\u00e1ch hranice. Vyu\u017e\u00edvame modern\u00e9 technol\u00f3gie, ako napr\u00edklad mobiln\u00fa aplik\u00e1ciu, a spolupr\u00e1ca so slovensk\u00fdmi partnermi je \u00fazka a profesion\u00e1lna, v\u010faka \u010domu s\u00fa aktivity ucelen\u00e9 a reaguj\u00fa na potreby miestnych komun\u00edt.<\/p>\n\n\n\n<h3 class=\"wp-block-heading\"><strong>\u010eakujem v\u00e1m za rozhovor a \u017eel\u00e1m v\u00e1m, aby sa v\u00e1m aj na\u010falej darilo realizova\u0165 va\u0161e cezhrani\u010dn\u00e9 projekty.<\/strong><\/h3>\n\n\n\n<p><strong>Rozhovor viedla Dorota Przy\u0142ucka z Region\u00e1lneho Kontaktn\u00e9ho Bodu Interreg PL-SK v Sliezskom vojvodstve.<\/strong><\/p>\n\n\n\n<div class=\"\">\n\n  <div class=\"widget-image-gallery galRB gal-2919\">\n\n    <div id=\"swiperGalFUll-2919\"\n      class=\"swiper widget-image-gallery__full swiper-initialized swiper-horizontal swiper-pointer-events swiper-backface-hidden\">\n\n      <div class=\"swiper-wrapper\" id=\"swiper-wrapper-2919\" aria-live=\"polite\"\n        style=\"transform: translate3d(0px, 0px, 0px);\">\n\n        \n\n        \n        <div class=\"swiper-slide excludeimg  swiper-slide-active \"\n            tabindex=\"0\"\n        data-sliderId =\"2919\"\n        data-bs-slide-to=\"0\"\n        data-title=\"\" role=\"group\"\n          data-bs-toggle=\"modal\" data-bs-target=\"#exampleModal2919\"\n          aria-label=\"1 \/ 4\"\n          style=\"background: linear-gradient(rgba(211, 211, 211), rgba(211, 211, 211))\">\n\n          <img decoding=\"async\" src=\"https:\/\/plsk.eu\/wp-content\/uploads\/2025\/09\/Droga-drewna-1-.jpg\" class=\"gal_bg_img\" style=\"\n    width: 100% !important;\">\n\n          <img decoding=\"async\" src=\"https:\/\/plsk.eu\/wp-content\/uploads\/2025\/09\/Droga-drewna-1-.jpg\" alt=\"Grupa dzieci rozwi\u0105zuje quizy na stoisku podczas festiwalu w ramach projektu Skupina det\u00ed rie\u0161i kv\u00edzy na st\u00e1nku po\u010das festivalu v r\u00e1mci projektu\" class=\"gal_main_img\" style=\"\">\n        <\/div>\n                \n\n        \n        <div class=\"swiper-slide excludeimg \"\n            tabindex=\"0\"\n        data-sliderId =\"2919\"\n        data-bs-slide-to=\"1\"\n        data-title=\"\" role=\"group\"\n          data-bs-toggle=\"modal\" data-bs-target=\"#exampleModal2919\"\n          aria-label=\"2 \/ 4\"\n          style=\"background: linear-gradient(rgba(211, 211, 211), rgba(211, 211, 211))\">\n\n          <img decoding=\"async\" src=\"https:\/\/plsk.eu\/wp-content\/uploads\/2025\/09\/Droga-drewna-2.jpg\" class=\"gal_bg_img\" style=\"\n    width: 100% !important;\">\n\n          <img decoding=\"async\" src=\"https:\/\/plsk.eu\/wp-content\/uploads\/2025\/09\/Droga-drewna-2.jpg\" alt=\"Rze\u017aba owieczki wykonana z drewna podczas festiwalu w ramach projektu Dreven\u00e1 socha bar\u00e1nka, ktor\u00e1 bola vytvoren\u00e1 po\u010das festivalu v r\u00e1mci projektu\" class=\"gal_main_img\" style=\"\">\n        <\/div>\n                \n\n        \n        <div class=\"swiper-slide excludeimg \"\n            tabindex=\"0\"\n        data-sliderId =\"2919\"\n        data-bs-slide-to=\"2\"\n        data-title=\"\" role=\"group\"\n          data-bs-toggle=\"modal\" data-bs-target=\"#exampleModal2919\"\n          aria-label=\"3 \/ 4\"\n          style=\"background: linear-gradient(rgba(211, 211, 211), rgba(211, 211, 211))\">\n\n          <img decoding=\"async\" src=\"https:\/\/plsk.eu\/wp-content\/uploads\/2025\/09\/Droga-drewna-3.png\" class=\"gal_bg_img\" style=\"\n    width: 100% !important;\">\n\n          <img decoding=\"async\" src=\"https:\/\/plsk.eu\/wp-content\/uploads\/2025\/09\/Droga-drewna-3.png\" alt=\"\u015acie\u017cka pieszo-rowerowa w Dolinie Czarnej w Wi\u015ble, kt\u00f3ra powstaje w ramach projektu dofinansowanego ze \u015brodk\u00f3w europejskich Turistick\u00e1 a cyklistick\u00e1 trasa v \u00fadol\u00ed Czarna vo Wisle, ktor\u00e1 sa buduje v r\u00e1mci projektu spolufinancovan\u00e9ho z eur\u00f3pskych fondov\" class=\"gal_main_img\" style=\"\">\n        <\/div>\n                \n\n        \n        <div class=\"swiper-slide excludeimg \"\n            tabindex=\"0\"\n        data-sliderId =\"2919\"\n        data-bs-slide-to=\"3\"\n        data-title=\"\" role=\"group\"\n          data-bs-toggle=\"modal\" data-bs-target=\"#exampleModal2919\"\n          aria-label=\"4 \/ 4\"\n          style=\"background: linear-gradient(rgba(211, 211, 211), rgba(211, 211, 211))\">\n\n          <img decoding=\"async\" src=\"https:\/\/plsk.eu\/wp-content\/uploads\/2025\/09\/Droga-drewna.jpg\" class=\"gal_bg_img\" style=\"\n    width: 100% !important;\">\n\n          <img decoding=\"async\" src=\"https:\/\/plsk.eu\/wp-content\/uploads\/2025\/09\/Droga-drewna.jpg\" alt=\"Roll-up i balony z logotypem Programu Interreg Polska - S\u0142owacja podczas wydarzenia promocyjnego projektu Roll-up a bal\u00f3ny s logom programu Interreg Po\u013esko-Slovensko po\u010das podujatia na propag\u00e1ciu projektu\" class=\"gal_main_img\" style=\"\">\n        <\/div>\n                \n\n\n      <\/div>\n\n\n      <span class=\"swiper-notification\" aria-live=\"assertive\" aria-atomic=\"true\"><\/span>\n\n    <\/div>\n\n    <div id=\"swiperGalThumb-2919\" data-galid=\"2919\"\n      class=\"swiper widget-image-gallery__thumbs swiper-initialized swiper-horizontal swiper-pointer-events swiper-free-mode swiper-backface-hidden swiper-thumbs\">\n      <div class=\"swiper-wrapper\" id=\"swiper-wrapper-2919\" aria-live=\"polite\"\n        style=\"transform: translate3d(0px, 0px, 0px);\">\n\n        \n        \n        <div class=\"swiper-slide swiper-slide-prev\" style=\"width: 139px; margin-right: 30px;\" role=\"group\">\n          <img decoding=\"async\" src=\"https:\/\/plsk.eu\/wp-content\/uploads\/2025\/09\/Droga-drewna-1-.jpg\" alt=\"Grupa dzieci rozwi\u0105zuje quizy na stoisku podczas festiwalu w ramach projektu Skupina det\u00ed rie\u0161i kv\u00edzy na st\u00e1nku po\u010das festivalu v r\u00e1mci projektu\">\n        <\/div>\n        \n        \n        <div class=\"swiper-slide swiper-slide-prev\" style=\"width: 139px; margin-right: 30px;\" role=\"group\">\n          <img decoding=\"async\" src=\"https:\/\/plsk.eu\/wp-content\/uploads\/2025\/09\/Droga-drewna-2.jpg\" alt=\"Rze\u017aba owieczki wykonana z drewna podczas festiwalu w ramach projektu Dreven\u00e1 socha bar\u00e1nka, ktor\u00e1 bola vytvoren\u00e1 po\u010das festivalu v r\u00e1mci projektu\">\n        <\/div>\n        \n        \n        <div class=\"swiper-slide swiper-slide-prev\" style=\"width: 139px; margin-right: 30px;\" role=\"group\">\n          <img decoding=\"async\" src=\"https:\/\/plsk.eu\/wp-content\/uploads\/2025\/09\/Droga-drewna-3.png\" alt=\"\u015acie\u017cka pieszo-rowerowa w Dolinie Czarnej w Wi\u015ble, kt\u00f3ra powstaje w ramach projektu dofinansowanego ze \u015brodk\u00f3w europejskich Turistick\u00e1 a cyklistick\u00e1 trasa v \u00fadol\u00ed Czarna vo Wisle, ktor\u00e1 sa buduje v r\u00e1mci projektu spolufinancovan\u00e9ho z eur\u00f3pskych fondov\">\n        <\/div>\n        \n        \n        <div class=\"swiper-slide swiper-slide-prev\" style=\"width: 139px; margin-right: 30px;\" role=\"group\">\n          <img decoding=\"async\" src=\"https:\/\/plsk.eu\/wp-content\/uploads\/2025\/09\/Droga-drewna.jpg\" alt=\"Roll-up i balony z logotypem Programu Interreg Polska - S\u0142owacja podczas wydarzenia promocyjnego projektu Roll-up a bal\u00f3ny s logom programu Interreg Po\u013esko-Slovensko po\u010das podujatia na propag\u00e1ciu projektu\">\n        <\/div>\n        \n\n      <\/div>\n      <span class=\"swiper-notification\" aria-live=\"assertive\" aria-atomic=\"true\"><\/span>\n    <\/div>\n          <!--\n    <div class=\"widget-image-gallery__caption\">\n      <p>Opis zdj\u0119cia5, fot. Jan Kowalski<\/p>\n    <\/div>-->\n\n\n    <div class=\"image-swiper-button-prev swiper-button-prev\" role=\"button\" aria-label=\"Predch\u00e1dzaj\u00faci obr\u00e1zok\"\n      aria-controls=\"swiper-wrapper-2919\" aria-disabled=\"false\">\n    <\/div>\n\n    <div class=\"image-swiper-button-next swiper-button-next swiper-button-disabled\" role=\"button\"\n      aria-label=\"\u010eal\u0161\u00ed obr\u00e1zok\" aria-controls=\"swiper-wrapper-9985\" aria-disabled=\"true\">\n    <\/div>\n\n\n\n\n  <\/div>\n\n  \n  <div class=\"modal fade gal_modal\" id=\"exampleModal2919\" tabindex=\"-1\" aria-hidden=\"true\">\n    <div class=\"modal-dialog\">\n      <div class=\"modal-content\">\n        <div class=\"modal-header\">\n          <button type=\"button\" class=\"btn-close\" data-bs-dismiss=\"modal\" aria-label=\"Zamkn\u0105\u0107\">\n          <img decoding=\"async\"\n              src=\"https:\/\/plsk.eu\/wp-content\/themes\/fundusze\/assets\/images\/close.svg\"\n              alt=Zamkn\u0105\u0107>\n          <span class=\"visually-hidden\">Zamkn\u0105\u0107<\/span>\n        <\/button>\n        <\/div>\n\n          <div class=\"row no_mobile\">\n\n            <div class=\"col-xxl-2 col-xl-2 col-lg-2 col-md-2 col-sm-2 gal_left\">\n              <button type=\"button\" data-bs-target=\"#carouselExample2919\" data-bs-slide=\"prev\"\n                aria-label=\"Predch\u00e1dzaj\u00faci obr\u00e1zok\">\n                <img decoding=\"async\" src=\"https:\/\/plsk.eu\/wp-content\/themes\/fundusze\/assets\/images\/back.svg\" alt=\"\"> <\/button>\n            <\/div>\n\n            <div class=\"col-xxl-8 col-xl-8 col-lg-8 col-md-8 col-sm-8\">\n\n              <div id=\"carouselExample2919\" class=\"carousel slide\" data-bs-interval=\"50000\"\n                data-bs-ride=\"carousel\">\n\n                <div class=\"carousel-inner\">\n\n                  \n                                    <div class=\"carousel-item  active \">\n                    <img decoding=\"async\" src=\"https:\/\/plsk.eu\/wp-content\/uploads\/2025\/09\/Droga-drewna-1-.jpg\" alt=\"Grupa dzieci rozwi\u0105zuje quizy na stoisku podczas festiwalu w ramach projektu Skupina det\u00ed rie\u0161i kv\u00edzy na st\u00e1nku po\u010das festivalu v r\u00e1mci projektu\" class=\"img_all\">\n                    <div class=\"row\">\n\n                      <div class=\"col-xxl-12 col-xl-12 col-lg-12 col-md-12 col-sm-12\">\n                        <div class=\"img_caption\">\n                          <div class=\"cap_text\">\n                                                                                  <\/div>\n                          <div class=\"cap_num\">\n                            <strong> 1 z 4<\/strong>\n                          <\/div>\n\n                        <\/div>\n                      <\/div>\n\n                    <\/div>\n                  <\/div>\n                                    \n                                    <div class=\"carousel-item \">\n                    <img decoding=\"async\" src=\"https:\/\/plsk.eu\/wp-content\/uploads\/2025\/09\/Droga-drewna-2.jpg\" alt=\"Rze\u017aba owieczki wykonana z drewna podczas festiwalu w ramach projektu Dreven\u00e1 socha bar\u00e1nka, ktor\u00e1 bola vytvoren\u00e1 po\u010das festivalu v r\u00e1mci projektu\" class=\"img_all\">\n                    <div class=\"row\">\n\n                      <div class=\"col-xxl-12 col-xl-12 col-lg-12 col-md-12 col-sm-12\">\n                        <div class=\"img_caption\">\n                          <div class=\"cap_text\">\n                                                                                  <\/div>\n                          <div class=\"cap_num\">\n                            <strong> 2 z 4<\/strong>\n                          <\/div>\n\n                        <\/div>\n                      <\/div>\n\n                    <\/div>\n                  <\/div>\n                                    \n                                    <div class=\"carousel-item \">\n                    <img decoding=\"async\" src=\"https:\/\/plsk.eu\/wp-content\/uploads\/2025\/09\/Droga-drewna-3.png\" alt=\"\u015acie\u017cka pieszo-rowerowa w Dolinie Czarnej w Wi\u015ble, kt\u00f3ra powstaje w ramach projektu dofinansowanego ze \u015brodk\u00f3w europejskich Turistick\u00e1 a cyklistick\u00e1 trasa v \u00fadol\u00ed Czarna vo Wisle, ktor\u00e1 sa buduje v r\u00e1mci projektu spolufinancovan\u00e9ho z eur\u00f3pskych fondov\" class=\"img_all\">\n                    <div class=\"row\">\n\n                      <div class=\"col-xxl-12 col-xl-12 col-lg-12 col-md-12 col-sm-12\">\n                        <div class=\"img_caption\">\n                          <div class=\"cap_text\">\n                                                                                  <\/div>\n                          <div class=\"cap_num\">\n                            <strong> 3 z 4<\/strong>\n                          <\/div>\n\n                        <\/div>\n                      <\/div>\n\n                    <\/div>\n                  <\/div>\n                                    \n                                    <div class=\"carousel-item \">\n                    <img decoding=\"async\" src=\"https:\/\/plsk.eu\/wp-content\/uploads\/2025\/09\/Droga-drewna.jpg\" alt=\"Roll-up i balony z logotypem Programu Interreg Polska - S\u0142owacja podczas wydarzenia promocyjnego projektu Roll-up a bal\u00f3ny s logom programu Interreg Po\u013esko-Slovensko po\u010das podujatia na propag\u00e1ciu projektu\" class=\"img_all\">\n                    <div class=\"row\">\n\n                      <div class=\"col-xxl-12 col-xl-12 col-lg-12 col-md-12 col-sm-12\">\n                        <div class=\"img_caption\">\n                          <div class=\"cap_text\">\n                                                                                  <\/div>\n                          <div class=\"cap_num\">\n                            <strong> 4 z 4<\/strong>\n                          <\/div>\n\n                        <\/div>\n                      <\/div>\n\n                    <\/div>\n                  <\/div>\n                                    \n                <\/div>\n\n              <\/div>\n\n            <\/div>\n            <div class=\"col-xxl-2 col-xl-2 col-lg-2 col-md-2 col-sm-2 gal_right\">\n              <button type=\"button\" data-bs-target=\"#carouselExample2919\" data-bs-slide=\"next\"\n                aria-label=\"\u010eal\u0161\u00ed obr\u00e1zok\"> <img decoding=\"async\"\n                  src=\"https:\/\/plsk.eu\/wp-content\/themes\/fundusze\/assets\/images\/next.svg\" alt=\"\"><\/button>\n            <\/div>\n\n          <\/div>\n\n\n          <div class=\"row no_desk\">\n\n            <div class=\"col-xxl-8 col-xl-8 col-lg-8 col-md-8 col-sm-8\">\n\n              <div id=\"carouselExample2919mob2919\" class=\"carousel slide\" data-bs-interval=\"50000\"\n                data-bs-ride=\"carousel\">\n\n                <div class=\"carousel-inner\">\n\n                  \n                                    <div class=\"carousel-item  active \">\n                    <img decoding=\"async\" src=\"https:\/\/plsk.eu\/wp-content\/uploads\/2025\/09\/Droga-drewna-1-.jpg\" alt=\"Grupa dzieci rozwi\u0105zuje quizy na stoisku podczas festiwalu w ramach projektu Skupina det\u00ed rie\u0161i kv\u00edzy na st\u00e1nku po\u010das festivalu v r\u00e1mci projektu\" class=\"img_all\">\n                    <div class=\"row\">\n\n                      <div class=\"col-xxl-12 col-xl-12 col-lg-12 col-md-12 col-sm-12\">\n                        <div class=\"img_caption\">\n                          <div class=\"cap_text\">\n                            \n                                                      <\/div>\n                          <div class=\"cap_num\">\n                            <strong> 1 z 4<\/strong>\n                          <\/div>\n\n                        <\/div>\n                      <\/div>\n\n                    <\/div>\n                  <\/div>\n                  \n                                    <div class=\"carousel-item \">\n                    <img decoding=\"async\" src=\"https:\/\/plsk.eu\/wp-content\/uploads\/2025\/09\/Droga-drewna-2.jpg\" alt=\"Rze\u017aba owieczki wykonana z drewna podczas festiwalu w ramach projektu Dreven\u00e1 socha bar\u00e1nka, ktor\u00e1 bola vytvoren\u00e1 po\u010das festivalu v r\u00e1mci projektu\" class=\"img_all\">\n                    <div class=\"row\">\n\n                      <div class=\"col-xxl-12 col-xl-12 col-lg-12 col-md-12 col-sm-12\">\n                        <div class=\"img_caption\">\n                          <div class=\"cap_text\">\n                            \n                                                      <\/div>\n                          <div class=\"cap_num\">\n                            <strong> 2 z 4<\/strong>\n                          <\/div>\n\n                        <\/div>\n                      <\/div>\n\n                    <\/div>\n                  <\/div>\n                  \n                                    <div class=\"carousel-item \">\n                    <img decoding=\"async\" src=\"https:\/\/plsk.eu\/wp-content\/uploads\/2025\/09\/Droga-drewna-3.png\" alt=\"\u015acie\u017cka pieszo-rowerowa w Dolinie Czarnej w Wi\u015ble, kt\u00f3ra powstaje w ramach projektu dofinansowanego ze \u015brodk\u00f3w europejskich Turistick\u00e1 a cyklistick\u00e1 trasa v \u00fadol\u00ed Czarna vo Wisle, ktor\u00e1 sa buduje v r\u00e1mci projektu spolufinancovan\u00e9ho z eur\u00f3pskych fondov\" class=\"img_all\">\n                    <div class=\"row\">\n\n                      <div class=\"col-xxl-12 col-xl-12 col-lg-12 col-md-12 col-sm-12\">\n                        <div class=\"img_caption\">\n                          <div class=\"cap_text\">\n                            \n                                                      <\/div>\n                          <div class=\"cap_num\">\n                            <strong> 3 z 4<\/strong>\n                          <\/div>\n\n                        <\/div>\n                      <\/div>\n\n                    <\/div>\n                  <\/div>\n                  \n                                    <div class=\"carousel-item \">\n                    <img decoding=\"async\" src=\"https:\/\/plsk.eu\/wp-content\/uploads\/2025\/09\/Droga-drewna.jpg\" alt=\"Roll-up i balony z logotypem Programu Interreg Polska - S\u0142owacja podczas wydarzenia promocyjnego projektu Roll-up a bal\u00f3ny s logom programu Interreg Po\u013esko-Slovensko po\u010das podujatia na propag\u00e1ciu projektu\" class=\"img_all\">\n                    <div class=\"row\">\n\n                      <div class=\"col-xxl-12 col-xl-12 col-lg-12 col-md-12 col-sm-12\">\n                        <div class=\"img_caption\">\n                          <div class=\"cap_text\">\n                            \n                                                      <\/div>\n                          <div class=\"cap_num\">\n                            <strong> 4 z 4<\/strong>\n                          <\/div>\n\n                        <\/div>\n                      <\/div>\n\n                    <\/div>\n                  <\/div>\n                                  <\/div>\n              <\/div>\n\n            <\/div>\n            <div class=\"col-xxl-2 col-xl-2 col-lg-2 col-md-2 col-sm-12 gal_arrow mb-30px\">\n              <img decoding=\"async\" src=\"https:\/\/plsk.eu\/wp-content\/themes\/fundusze\/assets\/images\/back.svg\"\n                data-bs-target=\"#carouselExample2919mob2919\" data-bs-slide=\"prev\" alt=\"\"> <img decoding=\"async\"\n                src=\"https:\/\/plsk.eu\/wp-content\/themes\/fundusze\/assets\/images\/next.svg\"\n                data-bs-target=\"#carouselExample2919mob2919\" data-bs-slide=\"next\" alt=\"\">\n            <\/div>\n\n          <\/div>\n      <\/div>\n    <\/div>\n  <\/div>\n\n  ","protected":false},"excerpt":{"rendered":"<p>Pokra\u010dujeme v s\u00e9rii rozhovorov s prij\u00edmate\u013emi, v ktor\u00fdch zis\u0165ujeme n\u00e1zory a sk\u00fasenosti \u013eud\u00ed priamo zapojen\u00fdch do realiz\u00e1cie projektov spolufinancovan\u00fdch z eur\u00f3pskych fondov v r\u00e1mci programu Interreg Po\u013esko &#8211; Slovensko. Projekt Cestou dreva &#8211; medzi pamiatkami drevenej architekt\u00fary a pr\u00edrodn\u00e9ho dedi\u010dstva vo Wisle a Ru\u017eomberku sa realizuje v spolupr\u00e1ci dvoch partnerov: miest Wisla a Ru\u017eomberk. Rozhovor [&hellip;]<\/p>\n","protected":false},"author":131,"featured_media":41527,"comment_status":"closed","ping_status":"open","sticky":false,"template":"","format":"standard","meta":{"_acf_changed":false,"inline_featured_image":false,"_themeisle_gutenberg_block_has_review":false,"footnotes":"","_links_to":"","_links_to_target":""},"categories":[1839,1909],"tags":[],"class_list":["post-41526","post","type-post","status-publish","format-standard","has-post-thumbnail","hentry","category-bez-kategorii","category-strona-glowna-sk"],"acf":[],"_links":{"self":[{"href":"https:\/\/plsk.eu\/sk\/wp-json\/wp\/v2\/posts\/41526","targetHints":{"allow":["GET"]}}],"collection":[{"href":"https:\/\/plsk.eu\/sk\/wp-json\/wp\/v2\/posts"}],"about":[{"href":"https:\/\/plsk.eu\/sk\/wp-json\/wp\/v2\/types\/post"}],"author":[{"embeddable":true,"href":"https:\/\/plsk.eu\/sk\/wp-json\/wp\/v2\/users\/131"}],"replies":[{"embeddable":true,"href":"https:\/\/plsk.eu\/sk\/wp-json\/wp\/v2\/comments?post=41526"}],"version-history":[{"count":5,"href":"https:\/\/plsk.eu\/sk\/wp-json\/wp\/v2\/posts\/41526\/revisions"}],"predecessor-version":[{"id":41540,"href":"https:\/\/plsk.eu\/sk\/wp-json\/wp\/v2\/posts\/41526\/revisions\/41540"}],"wp:featuredmedia":[{"embeddable":true,"href":"https:\/\/plsk.eu\/sk\/wp-json\/wp\/v2\/media\/41527"}],"wp:attachment":[{"href":"https:\/\/plsk.eu\/sk\/wp-json\/wp\/v2\/media?parent=41526"}],"wp:term":[{"taxonomy":"category","embeddable":true,"href":"https:\/\/plsk.eu\/sk\/wp-json\/wp\/v2\/categories?post=41526"},{"taxonomy":"post_tag","embeddable":true,"href":"https:\/\/plsk.eu\/sk\/wp-json\/wp\/v2\/tags?post=41526"}],"curies":[{"name":"wp","href":"https:\/\/api.w.org\/{rel}","templated":true}]}}