{"id":42071,"date":"2025-11-19T07:41:42","date_gmt":"2025-11-19T06:41:42","guid":{"rendered":"https:\/\/plsk.eu\/?p=42071"},"modified":"2025-11-19T08:07:10","modified_gmt":"2025-11-19T07:07:10","slug":"medzinarodne-cvicenie-zachrannych-zloziek","status":"publish","type":"post","link":"https:\/\/plsk.eu\/sk\/medzinarodne-cvicenie-zachrannych-zloziek\/","title":{"rendered":"Medzin\u00e1rodn\u00e9 cvi\u010denie z\u00e1chrann\u00fdch zlo\u017eiek"},"content":{"rendered":"\n<p>V sobotu, 18. okt\u00f3bra 2025, sa v obci Zborov na Slovensku uskuto\u010dnilo taktick\u00e9 cvi\u010denie jednotiek Dobrovo\u013en\u00fdch hasi\u010dsk\u00fdch zborov (DHZ) z Po\u013eska a Slovenska. Cie\u013eom bolo zlep\u0161enie spolupr\u00e1ce z\u00e1chrann\u00fdch zlo\u017eiek, v\u00fdmena sk\u00fasenost\u00ed a zdokona\u013eovanie zru\u010dnost\u00ed v oblasti kr\u00edzov\u00e9ho mana\u017ementu. Cvi\u010denie sa konalo v r\u00e1mci realiz\u00e1cie projektu s n\u00e1zvom \u201eCezhrani\u010dn\u00e1 spolupr\u00e1ca obc\u00ed patriacich k Zdru\u017eeniu obc\u00ed povodia Wis\u0142oky a Pre\u0161ovsk\u00e9ho samospr\u00e1vneho kraja pre zv\u00fd\u0161enie odolnosti vo\u010di pr\u00edrodn\u00fdm katastrof\u00e1m vypl\u00fdvaj\u00facim zo zmeny kl\u00edmy, a to aj prostredn\u00edctvom posilnenia spolupr\u00e1ce z\u00e1chrann\u00fdch zlo\u017eiek v oblasti kr\u00edzov\u00e9ho mana\u017ementu\u201c v r\u00e1mci programu Interreg Po\u013esko \u2013 Slovensko 2021-2027, spolufinancovan\u00e9ho Eur\u00f3pskou \u00faniou.<\/p>\n\n\n\n<p>Cvi\u010denie sa realizovalo s vyu\u017eit\u00edm techniky zak\u00fapenej v r\u00e1mci realizovan\u00e9ho projektu a prebehlo v dvoch etap\u00e1ch:<\/p>\n\n\n\n<ul class=\"wp-block-list\">\n<li>V prvej etape po\u013esk\u00e9 jednotky v spolupr\u00e1ci so slovensk\u00fdmi mali za \u00falohu postavi\u0165 mobiln\u00e9 protipovod\u0148ov\u00e9 z\u00e1brany slovensk\u00e9ho typu, zatia\u013e \u010do po\u013esk\u00e9 jednotky p\u00f4sobiace samostatne budovali z\u00e1brany typu pou\u017e\u00edvan\u00e9ho v Po\u013esku, ktor\u00e9 sa \u010diasto\u010dne l\u00ed\u0161ili od slovensk\u00fdch. Spolo\u010dne bola vytvoren\u00e1 jedna nepriepustn\u00e1 protipovod\u0148ov\u00e1 bari\u00e9ra okolo potoka s celkovou d\u013a\u017ekou 280 metrov.<\/li>\n\n\n\n<li>V druhej etape boli hasi\u010dsk\u00e9 dru\u017estv\u00e1 zapojen\u00e9 do p\u00e1trania a evaku\u00e1cie zranen\u00fdch os\u00f4b. Ich \u00falohou bolo n\u00e1js\u0165 p\u00f4vodne nezn\u00e1my po\u010det os\u00f4b v lesnom ter\u00e9ne. Po\u013esk\u00e9 jednotky poskytovali prv\u00fa predlek\u00e1rsku pomoc, zatia\u013e \u010do slovensk\u00e9 jednotky v spolupr\u00e1ci so Slovensk\u00fdm \u010cerven\u00fdm kr\u00ed\u017eom (S\u010cK) zabezpe\u010dovali transport zranen\u00fdch os\u00f4b do zdravotn\u00e9ho strediska, ktor\u00e9 pripravil Slovensk\u00fd \u010cerven\u00fd kr\u00ed\u017e.<\/li>\n<\/ul>\n\n\n\n<p>Cvi\u010denie bolo ukon\u010den\u00e9 zhrnut\u00edm, po\u010das ktor\u00e9ho sa prediskutovala realiz\u00e1cia jednotliv\u00fdch cie\u013eov. Napriek rozdielom v pou\u017e\u00edvanej z\u00e1chrannej a hasiacej technike bolo spolo\u010dn\u00e9 cvi\u010denie \u010fal\u0161\u00edm pr\u00edkladom toho, \u017ee spolupr\u00e1ca Po\u013eska a Slovenska je na vysokej \u00farovni a ka\u017ed\u00e9 spolo\u010dn\u00e9 cvi\u010denie zvy\u0161uje kompetencie, zru\u010dnosti a vz\u00e1jomn\u00fa s\u00fa\u010dinnos\u0165 jednotiek Dobrovo\u013en\u00fdch hasi\u010dsk\u00fdch zborov. S\u00fa\u010das\u0165ou integr\u00e1cie po\u013esk\u00fdch a slovensk\u00fdch hasi\u010dov bol aj spolo\u010dn\u00fd obed na z\u00e1ver d\u0148a. Celkovo sa na cvi\u010den\u00ed z\u00fa\u010dastnilo sedemn\u00e1s\u0165 dru\u017estiev po\u013esk\u00fdch a slovensk\u00fdch Dobrovo\u013en\u00fdch hasi\u010dsk\u00fdch zborov a Slovensk\u00fd \u010cerven\u00fd kr\u00ed\u017e zo Svidn\u00edka.<\/p>\n\n\n\n<p>Projekt sa realizuje v r\u00e1mci Programu Interreg Po\u013esko \u2013 Slovensko 2021-2027 v partnerstve 16 subjektov: Zdru\u017eenie obc\u00ed povodia Wis\u0142oky (ved\u00faci partner), Po\u013esk\u00e9 obce: Brzyska, Chork\u00f3wka, Mesto Jas\u0142o, Obec Jas\u0142o, Ko\u0142aczyce, Krempna, Osiek Jasielski, S\u0119kowa, Tarnowiec, Slovensk\u00e9 obce: Ni\u017en\u00e1 Polianka (hlavn\u00fd cezhrani\u010dn\u00fd partner), Becherov, Chme\u013eov\u00e1, Mesto Podol\u00ednec, Zborov, Neziskov\u00e1 organiz\u00e1cia \u2013 Slovensk\u00fd \u010cerven\u00fd kr\u00ed\u017e (\u00fazemn\u00fd spolok Svidn\u00edk).<\/p>\n\n\n\n<div class=\"\">\n\n  <div class=\"widget-image-gallery galRB gal-5147\">\n\n    <div id=\"swiperGalFUll-5147\"\n      class=\"swiper widget-image-gallery__full swiper-initialized swiper-horizontal swiper-pointer-events swiper-backface-hidden\">\n\n      <div class=\"swiper-wrapper\" id=\"swiper-wrapper-5147\" aria-live=\"polite\"\n        style=\"transform: translate3d(0px, 0px, 0px);\">\n\n        \n\n        \n        <div class=\"swiper-slide excludeimg  swiper-slide-active \"\n            tabindex=\"0\"\n        data-sliderId =\"5147\"\n        data-bs-slide-to=\"0\"\n        data-title=\"\" role=\"group\"\n          data-bs-toggle=\"modal\" data-bs-target=\"#exampleModal5147\"\n          aria-label=\"1 \/ 10\"\n          style=\"background: linear-gradient(rgba(211, 211, 211), rgba(211, 211, 211))\">\n\n          <img decoding=\"async\" src=\"https:\/\/plsk.eu\/wp-content\/uploads\/2025\/11\/ZGDW-Jaslo_Zborov10_cw.sl_.rat_.jpg\" class=\"gal_bg_img\" style=\"\n    width: 100% !important;\">\n\n          <img decoding=\"async\" src=\"https:\/\/plsk.eu\/wp-content\/uploads\/2025\/11\/ZGDW-Jaslo_Zborov10_cw.sl_.rat_.jpg\" alt=\"Bardzo du\u017ca grupa kilkudziesi\u0119ciu stra\u017cak\u00f3w stoi na boisku sportowym i czeka na zako\u0144czenie \u0107wicze\u0144 stra\u017cackich Ve\u013emi po\u010detn\u00e1 skupina nieko\u013ek\u00fdch desiatok hasi\u010dov stoj\u00ed na \u0161portovom ihrisku a \u010dak\u00e1 na koniec hasi\u010dsk\u00fdch cvi\u010den\u00ed.\" class=\"gal_main_img\" style=\"\">\n        <\/div>\n                \n\n        \n        <div class=\"swiper-slide excludeimg \"\n            tabindex=\"0\"\n        data-sliderId =\"5147\"\n        data-bs-slide-to=\"1\"\n        data-title=\"\" role=\"group\"\n          data-bs-toggle=\"modal\" data-bs-target=\"#exampleModal5147\"\n          aria-label=\"2 \/ 10\"\n          style=\"background: linear-gradient(rgba(211, 211, 211), rgba(211, 211, 211))\">\n\n          <img decoding=\"async\" src=\"https:\/\/plsk.eu\/wp-content\/uploads\/2025\/11\/ZGDW-Jaslo_Zborov2_cw.sl_.rat_.jpg\" class=\"gal_bg_img\" style=\"\n    width: 100% !important;\">\n\n          <img decoding=\"async\" src=\"https:\/\/plsk.eu\/wp-content\/uploads\/2025\/11\/ZGDW-Jaslo_Zborov2_cw.sl_.rat_.jpg\" alt=\"Czterech m\u0119\u017cczyzn w strojach stra\u017cackich stoi i rozmawia. W tle wida\u0107 w\u00f3z stra\u017cacki. \u0160tyria mu\u017ei v hasi\u010dsk\u00fdch uniform\u00e1ch stoja a rozpr\u00e1vaj\u00fa sa. V pozad\u00ed je vidie\u0165 hasi\u010dsk\u00e9 auto.\" class=\"gal_main_img\" style=\"\">\n        <\/div>\n                \n\n        \n        <div class=\"swiper-slide excludeimg \"\n            tabindex=\"0\"\n        data-sliderId =\"5147\"\n        data-bs-slide-to=\"2\"\n        data-title=\"\" role=\"group\"\n          data-bs-toggle=\"modal\" data-bs-target=\"#exampleModal5147\"\n          aria-label=\"3 \/ 10\"\n          style=\"background: linear-gradient(rgba(211, 211, 211), rgba(211, 211, 211))\">\n\n          <img decoding=\"async\" src=\"https:\/\/plsk.eu\/wp-content\/uploads\/2025\/11\/ZGDW-Jaslo_Zborov4_cw.sl_.rat_.jpg\" class=\"gal_bg_img\" style=\"\n    width: 100% !important;\">\n\n          <img decoding=\"async\" src=\"https:\/\/plsk.eu\/wp-content\/uploads\/2025\/11\/ZGDW-Jaslo_Zborov4_cw.sl_.rat_.jpg\" alt=\"Dw\u00f3ch stra\u017cak\u00f3w umieszcza na quadzie transportowym osob\u0119 na noszach Dvaja hasi\u010di umiest\u0148uj\u00fa osobu na nosidl\u00e1 na transportnom \u0161tvorkolke.\" class=\"gal_main_img\" style=\"\">\n        <\/div>\n                \n\n        \n        <div class=\"swiper-slide excludeimg \"\n            tabindex=\"0\"\n        data-sliderId =\"5147\"\n        data-bs-slide-to=\"3\"\n        data-title=\"\" role=\"group\"\n          data-bs-toggle=\"modal\" data-bs-target=\"#exampleModal5147\"\n          aria-label=\"4 \/ 10\"\n          style=\"background: linear-gradient(rgba(211, 211, 211), rgba(211, 211, 211))\">\n\n          <img decoding=\"async\" src=\"https:\/\/plsk.eu\/wp-content\/uploads\/2025\/11\/ZGDW-Jaslo_Zborov5_cw.sl_.rat_.jpg\" class=\"gal_bg_img\" style=\"\n    width: 100% !important;\">\n\n          <img decoding=\"async\" src=\"https:\/\/plsk.eu\/wp-content\/uploads\/2025\/11\/ZGDW-Jaslo_Zborov5_cw.sl_.rat_.jpg\" alt=\"Dw\u00f3ch stra\u017cak\u00f3w przewozi quadem osob\u0119 rann\u0105. Obok quada idzie dw\u00f3ch stra\u017cak\u00f3w z noszami i jeden z plecakiem medycznym Dvaja hasi\u010di prev\u00e1\u017eaj\u00fa zranen\u00fa osobu na \u0161tvorkolke. Dvaja hasi\u010di s nosidlami a jeden s lek\u00e1rskym batohom id\u00fa ved\u013ea \u0161tvorkolky.\" class=\"gal_main_img\" style=\"\">\n        <\/div>\n                \n\n        \n        <div class=\"swiper-slide excludeimg \"\n            tabindex=\"0\"\n        data-sliderId =\"5147\"\n        data-bs-slide-to=\"4\"\n        data-title=\"\" role=\"group\"\n          data-bs-toggle=\"modal\" data-bs-target=\"#exampleModal5147\"\n          aria-label=\"5 \/ 10\"\n          style=\"background: linear-gradient(rgba(211, 211, 211), rgba(211, 211, 211))\">\n\n          <img decoding=\"async\" src=\"https:\/\/plsk.eu\/wp-content\/uploads\/2025\/11\/ZGDW-Jaslo_Zborov6_cw.sl_.rat_.jpg\" class=\"gal_bg_img\" style=\"\n    width: 100% !important;\">\n\n          <img decoding=\"async\" src=\"https:\/\/plsk.eu\/wp-content\/uploads\/2025\/11\/ZGDW-Jaslo_Zborov6_cw.sl_.rat_.jpg\" alt=\"Pi\u0119ciu stra\u017cak\u00f3w montuje mobilne os\u0142ony przeciwpowodziowe. Za stra\u017cakami stoj\u0105 wozy stra\u017cackie z wyposa\u017ceniem P\u00e4\u0165 hasi\u010dov in\u0161taluje mobiln\u00e9 protipovod\u0148ov\u00e9 bari\u00e9ry. Za hasi\u010dmi s\u00fa hasi\u010dsk\u00e9 vozidl\u00e1 s vybaven\u00edm.\" class=\"gal_main_img\" style=\"\">\n        <\/div>\n                \n\n        \n        <div class=\"swiper-slide excludeimg \"\n            tabindex=\"0\"\n        data-sliderId =\"5147\"\n        data-bs-slide-to=\"5\"\n        data-title=\"\" role=\"group\"\n          data-bs-toggle=\"modal\" data-bs-target=\"#exampleModal5147\"\n          aria-label=\"6 \/ 10\"\n          style=\"background: linear-gradient(rgba(211, 211, 211), rgba(211, 211, 211))\">\n\n          <img decoding=\"async\" src=\"https:\/\/plsk.eu\/wp-content\/uploads\/2025\/11\/ZGDW-Jaslo_Zborov9_cw.sl_.rat_.jpg\" class=\"gal_bg_img\" style=\"\n    width: 100% !important;\">\n\n          <img decoding=\"async\" src=\"https:\/\/plsk.eu\/wp-content\/uploads\/2025\/11\/ZGDW-Jaslo_Zborov9_cw.sl_.rat_.jpg\" alt=\"Dw\u00f3ch m\u0119\u017cczyzn i kobieta kl\u0119cz\u0105 przed manekinem i przeprowadzaj\u0105 \u0107wiczenia z udzielania pierwszej pomocy. W tle wida\u0107 innych stra\u017cak\u00f3w uczestnicz\u0105cych w \u0107wiczeniach Dvaja mu\u017ei a jedna \u017eena k\u013ea\u010dia pred figur\u00ednou a vykon\u00e1vaj\u00fa cvi\u010denia prvej pomoci. V pozad\u00ed s\u00fa vidie\u0165 \u010fal\u0161\u00ed hasi\u010di, ktor\u00ed sa z\u00fa\u010dast\u0148uj\u00fa cvi\u010denia.\" class=\"gal_main_img\" style=\"\">\n        <\/div>\n                \n\n        \n        <div class=\"swiper-slide excludeimg \"\n            tabindex=\"0\"\n        data-sliderId =\"5147\"\n        data-bs-slide-to=\"6\"\n        data-title=\"\" role=\"group\"\n          data-bs-toggle=\"modal\" data-bs-target=\"#exampleModal5147\"\n          aria-label=\"7 \/ 10\"\n          style=\"background: linear-gradient(rgba(211, 211, 211), rgba(211, 211, 211))\">\n\n          <img decoding=\"async\" src=\"https:\/\/plsk.eu\/wp-content\/uploads\/2025\/11\/ZGDW-Jaslo_Zborov1_cw.sl_.rat_.jpg\" class=\"gal_bg_img\" style=\"\n    width: 100% !important;\">\n\n          <img decoding=\"async\" src=\"https:\/\/plsk.eu\/wp-content\/uploads\/2025\/11\/ZGDW-Jaslo_Zborov1_cw.sl_.rat_.jpg\" alt=\"Mobilna zapora zbudowana przez stra\u017cak\u00f3w. Przed zapor\u0105 potok. Za zapor\u0105 samochody stra\u017cackie, droga i domy mieszkalne Mobiln\u00e1 priehrada postaven\u00e1 hasi\u010dmi. Potok pred priehradou. Hasi\u010dsk\u00e9 vozidl\u00e1, cesta a obytn\u00e9 domy za priehradou.\" class=\"gal_main_img\" style=\"\">\n        <\/div>\n                \n\n        \n        <div class=\"swiper-slide excludeimg \"\n            tabindex=\"0\"\n        data-sliderId =\"5147\"\n        data-bs-slide-to=\"7\"\n        data-title=\"\" role=\"group\"\n          data-bs-toggle=\"modal\" data-bs-target=\"#exampleModal5147\"\n          aria-label=\"8 \/ 10\"\n          style=\"background: linear-gradient(rgba(211, 211, 211), rgba(211, 211, 211))\">\n\n          <img decoding=\"async\" src=\"https:\/\/plsk.eu\/wp-content\/uploads\/2025\/11\/ZGDW-Jaslo_Zborov3_cw.sl_.rat_.jpg\" class=\"gal_bg_img\" style=\"\n    width: 100% !important;\">\n\n          <img decoding=\"async\" src=\"https:\/\/plsk.eu\/wp-content\/uploads\/2025\/11\/ZGDW-Jaslo_Zborov3_cw.sl_.rat_.jpg\" alt=\"Trzech stra\u017cak\u00f3w odpala mobiln\u0105 pomp\u0119, kt\u00f3ra ma pompowa\u0107 wod\u0119 z potoku Traja hasi\u010di sp\u00fa\u0161\u0165aj\u00fa mobiln\u00e9 \u010derpadlo, aby na\u010derpali vodu z potoka.\" class=\"gal_main_img\" style=\"\">\n        <\/div>\n                \n\n        \n        <div class=\"swiper-slide excludeimg \"\n            tabindex=\"0\"\n        data-sliderId =\"5147\"\n        data-bs-slide-to=\"8\"\n        data-title=\"\" role=\"group\"\n          data-bs-toggle=\"modal\" data-bs-target=\"#exampleModal5147\"\n          aria-label=\"9 \/ 10\"\n          style=\"background: linear-gradient(rgba(211, 211, 211), rgba(211, 211, 211))\">\n\n          <img decoding=\"async\" src=\"https:\/\/plsk.eu\/wp-content\/uploads\/2025\/11\/ZGDW-Jaslo_Zborov8_cw.sl_.rat_.jpg\" class=\"gal_bg_img\" style=\"\n    width: 100% !important;\">\n\n          <img decoding=\"async\" src=\"https:\/\/plsk.eu\/wp-content\/uploads\/2025\/11\/ZGDW-Jaslo_Zborov8_cw.sl_.rat_.jpg\" alt=\"Troje stra\u017cak\u00f3w umieszcza opr\u00f3\u017cnia mobiln\u0105 zapor\u0119 z wody w potoku Traja hasi\u010di vyp\u00fa\u0161\u0165aj\u00fa mobiln\u00fa priehradu z vody v potoku.\" class=\"gal_main_img\" style=\"\">\n        <\/div>\n                \n\n        \n        <div class=\"swiper-slide excludeimg \"\n            tabindex=\"0\"\n        data-sliderId =\"5147\"\n        data-bs-slide-to=\"9\"\n        data-title=\"\" role=\"group\"\n          data-bs-toggle=\"modal\" data-bs-target=\"#exampleModal5147\"\n          aria-label=\"10 \/ 10\"\n          style=\"background: linear-gradient(rgba(211, 211, 211), rgba(211, 211, 211))\">\n\n          <img decoding=\"async\" src=\"https:\/\/plsk.eu\/wp-content\/uploads\/2025\/11\/ZGDW-Jaslo_Zborov7_cw.sl_.rat_.jpg\" class=\"gal_bg_img\" style=\"\n    width: 100% !important;\">\n\n          <img decoding=\"async\" src=\"https:\/\/plsk.eu\/wp-content\/uploads\/2025\/11\/ZGDW-Jaslo_Zborov7_cw.sl_.rat_.jpg\" alt=\"Grupa stra\u017cak\u00f3w opr\u00f3\u017cnia mobilne zapory z wody. Za stra\u017cakami znajduj\u0105 si\u0119 wozy stra\u017cackie Skupina hasi\u010dov vypr\u00e1zd\u0148uje mobiln\u00e9 bari\u00e9ry s vodou. Za hasi\u010dmi s\u00fa hasi\u010dsk\u00e9 vozidl\u00e1.\" class=\"gal_main_img\" style=\"\">\n        <\/div>\n                \n\n\n      <\/div>\n\n\n      <span class=\"swiper-notification\" aria-live=\"assertive\" aria-atomic=\"true\"><\/span>\n\n    <\/div>\n\n    <div id=\"swiperGalThumb-5147\" data-galid=\"5147\"\n      class=\"swiper widget-image-gallery__thumbs swiper-initialized swiper-horizontal swiper-pointer-events swiper-free-mode swiper-backface-hidden swiper-thumbs\">\n      <div class=\"swiper-wrapper\" id=\"swiper-wrapper-5147\" aria-live=\"polite\"\n        style=\"transform: translate3d(0px, 0px, 0px);\">\n\n        \n        \n        <div class=\"swiper-slide swiper-slide-prev\" style=\"width: 139px; margin-right: 30px;\" role=\"group\">\n          <img decoding=\"async\" src=\"https:\/\/plsk.eu\/wp-content\/uploads\/2025\/11\/ZGDW-Jaslo_Zborov10_cw.sl_.rat_.jpg\" alt=\"Bardzo du\u017ca grupa kilkudziesi\u0119ciu stra\u017cak\u00f3w stoi na boisku sportowym i czeka na zako\u0144czenie \u0107wicze\u0144 stra\u017cackich Ve\u013emi po\u010detn\u00e1 skupina nieko\u013ek\u00fdch desiatok hasi\u010dov stoj\u00ed na \u0161portovom ihrisku a \u010dak\u00e1 na koniec hasi\u010dsk\u00fdch cvi\u010den\u00ed.\">\n        <\/div>\n        \n        \n        <div class=\"swiper-slide swiper-slide-prev\" style=\"width: 139px; margin-right: 30px;\" role=\"group\">\n          <img decoding=\"async\" src=\"https:\/\/plsk.eu\/wp-content\/uploads\/2025\/11\/ZGDW-Jaslo_Zborov2_cw.sl_.rat_.jpg\" alt=\"Czterech m\u0119\u017cczyzn w strojach stra\u017cackich stoi i rozmawia. W tle wida\u0107 w\u00f3z stra\u017cacki. \u0160tyria mu\u017ei v hasi\u010dsk\u00fdch uniform\u00e1ch stoja a rozpr\u00e1vaj\u00fa sa. V pozad\u00ed je vidie\u0165 hasi\u010dsk\u00e9 auto.\">\n        <\/div>\n        \n        \n        <div class=\"swiper-slide swiper-slide-prev\" style=\"width: 139px; margin-right: 30px;\" role=\"group\">\n          <img decoding=\"async\" src=\"https:\/\/plsk.eu\/wp-content\/uploads\/2025\/11\/ZGDW-Jaslo_Zborov4_cw.sl_.rat_.jpg\" alt=\"Dw\u00f3ch stra\u017cak\u00f3w umieszcza na quadzie transportowym osob\u0119 na noszach Dvaja hasi\u010di umiest\u0148uj\u00fa osobu na nosidl\u00e1 na transportnom \u0161tvorkolke.\">\n        <\/div>\n        \n        \n        <div class=\"swiper-slide swiper-slide-prev\" style=\"width: 139px; margin-right: 30px;\" role=\"group\">\n          <img decoding=\"async\" src=\"https:\/\/plsk.eu\/wp-content\/uploads\/2025\/11\/ZGDW-Jaslo_Zborov5_cw.sl_.rat_.jpg\" alt=\"Dw\u00f3ch stra\u017cak\u00f3w przewozi quadem osob\u0119 rann\u0105. Obok quada idzie dw\u00f3ch stra\u017cak\u00f3w z noszami i jeden z plecakiem medycznym Dvaja hasi\u010di prev\u00e1\u017eaj\u00fa zranen\u00fa osobu na \u0161tvorkolke. Dvaja hasi\u010di s nosidlami a jeden s lek\u00e1rskym batohom id\u00fa ved\u013ea \u0161tvorkolky.\">\n        <\/div>\n        \n        \n        <div class=\"swiper-slide swiper-slide-prev\" style=\"width: 139px; margin-right: 30px;\" role=\"group\">\n          <img decoding=\"async\" src=\"https:\/\/plsk.eu\/wp-content\/uploads\/2025\/11\/ZGDW-Jaslo_Zborov6_cw.sl_.rat_.jpg\" alt=\"Pi\u0119ciu stra\u017cak\u00f3w montuje mobilne os\u0142ony przeciwpowodziowe. Za stra\u017cakami stoj\u0105 wozy stra\u017cackie z wyposa\u017ceniem P\u00e4\u0165 hasi\u010dov in\u0161taluje mobiln\u00e9 protipovod\u0148ov\u00e9 bari\u00e9ry. Za hasi\u010dmi s\u00fa hasi\u010dsk\u00e9 vozidl\u00e1 s vybaven\u00edm.\">\n        <\/div>\n        \n        \n        <div class=\"swiper-slide swiper-slide-prev\" style=\"width: 139px; margin-right: 30px;\" role=\"group\">\n          <img decoding=\"async\" src=\"https:\/\/plsk.eu\/wp-content\/uploads\/2025\/11\/ZGDW-Jaslo_Zborov9_cw.sl_.rat_.jpg\" alt=\"Dw\u00f3ch m\u0119\u017cczyzn i kobieta kl\u0119cz\u0105 przed manekinem i przeprowadzaj\u0105 \u0107wiczenia z udzielania pierwszej pomocy. W tle wida\u0107 innych stra\u017cak\u00f3w uczestnicz\u0105cych w \u0107wiczeniach Dvaja mu\u017ei a jedna \u017eena k\u013ea\u010dia pred figur\u00ednou a vykon\u00e1vaj\u00fa cvi\u010denia prvej pomoci. V pozad\u00ed s\u00fa vidie\u0165 \u010fal\u0161\u00ed hasi\u010di, ktor\u00ed sa z\u00fa\u010dast\u0148uj\u00fa cvi\u010denia.\">\n        <\/div>\n        \n        \n        <div class=\"swiper-slide swiper-slide-prev\" style=\"width: 139px; margin-right: 30px;\" role=\"group\">\n          <img decoding=\"async\" src=\"https:\/\/plsk.eu\/wp-content\/uploads\/2025\/11\/ZGDW-Jaslo_Zborov1_cw.sl_.rat_.jpg\" alt=\"Mobilna zapora zbudowana przez stra\u017cak\u00f3w. Przed zapor\u0105 potok. Za zapor\u0105 samochody stra\u017cackie, droga i domy mieszkalne Mobiln\u00e1 priehrada postaven\u00e1 hasi\u010dmi. Potok pred priehradou. Hasi\u010dsk\u00e9 vozidl\u00e1, cesta a obytn\u00e9 domy za priehradou.\">\n        <\/div>\n        \n        \n        <div class=\"swiper-slide swiper-slide-prev\" style=\"width: 139px; margin-right: 30px;\" role=\"group\">\n          <img decoding=\"async\" src=\"https:\/\/plsk.eu\/wp-content\/uploads\/2025\/11\/ZGDW-Jaslo_Zborov3_cw.sl_.rat_.jpg\" alt=\"Trzech stra\u017cak\u00f3w odpala mobiln\u0105 pomp\u0119, kt\u00f3ra ma pompowa\u0107 wod\u0119 z potoku Traja hasi\u010di sp\u00fa\u0161\u0165aj\u00fa mobiln\u00e9 \u010derpadlo, aby na\u010derpali vodu z potoka.\">\n        <\/div>\n        \n        \n        <div class=\"swiper-slide swiper-slide-prev\" style=\"width: 139px; margin-right: 30px;\" role=\"group\">\n          <img decoding=\"async\" src=\"https:\/\/plsk.eu\/wp-content\/uploads\/2025\/11\/ZGDW-Jaslo_Zborov8_cw.sl_.rat_.jpg\" alt=\"Troje stra\u017cak\u00f3w umieszcza opr\u00f3\u017cnia mobiln\u0105 zapor\u0119 z wody w potoku Traja hasi\u010di vyp\u00fa\u0161\u0165aj\u00fa mobiln\u00fa priehradu z vody v potoku.\">\n        <\/div>\n        \n        \n        <div class=\"swiper-slide swiper-slide-prev\" style=\"width: 139px; margin-right: 30px;\" role=\"group\">\n          <img decoding=\"async\" src=\"https:\/\/plsk.eu\/wp-content\/uploads\/2025\/11\/ZGDW-Jaslo_Zborov7_cw.sl_.rat_.jpg\" alt=\"Grupa stra\u017cak\u00f3w opr\u00f3\u017cnia mobilne zapory z wody. Za stra\u017cakami znajduj\u0105 si\u0119 wozy stra\u017cackie Skupina hasi\u010dov vypr\u00e1zd\u0148uje mobiln\u00e9 bari\u00e9ry s vodou. Za hasi\u010dmi s\u00fa hasi\u010dsk\u00e9 vozidl\u00e1.\">\n        <\/div>\n        \n\n      <\/div>\n      <span class=\"swiper-notification\" aria-live=\"assertive\" aria-atomic=\"true\"><\/span>\n    <\/div>\n          <!--\n    <div class=\"widget-image-gallery__caption\">\n      <p>Opis zdj\u0119cia5, fot. Jan Kowalski<\/p>\n    <\/div>-->\n\n\n    <div class=\"image-swiper-button-prev swiper-button-prev\" role=\"button\" aria-label=\"Predch\u00e1dzaj\u00faci obr\u00e1zok\"\n      aria-controls=\"swiper-wrapper-5147\" aria-disabled=\"false\">\n    <\/div>\n\n    <div class=\"image-swiper-button-next swiper-button-next swiper-button-disabled\" role=\"button\"\n      aria-label=\"\u010eal\u0161\u00ed obr\u00e1zok\" aria-controls=\"swiper-wrapper-5985\" aria-disabled=\"true\">\n    <\/div>\n\n\n\n\n  <\/div>\n\n  \n  <div class=\"modal fade gal_modal\" id=\"exampleModal5147\" tabindex=\"-1\" aria-hidden=\"true\">\n    <div class=\"modal-dialog\">\n      <div class=\"modal-content\">\n        <div class=\"modal-header\">\n          <button type=\"button\" class=\"btn-close\" data-bs-dismiss=\"modal\" aria-label=\"Zamkn\u0105\u0107\">\n          <img decoding=\"async\"\n              src=\"https:\/\/plsk.eu\/wp-content\/themes\/fundusze\/assets\/images\/close.svg\"\n              alt=Zamkn\u0105\u0107>\n          <span class=\"visually-hidden\">Zamkn\u0105\u0107<\/span>\n        <\/button>\n        <\/div>\n\n          <div class=\"row no_mobile\">\n\n            <div class=\"col-xxl-2 col-xl-2 col-lg-2 col-md-2 col-sm-2 gal_left\">\n              <button type=\"button\" data-bs-target=\"#carouselExample5147\" data-bs-slide=\"prev\"\n                aria-label=\"Predch\u00e1dzaj\u00faci obr\u00e1zok\">\n                <img decoding=\"async\" src=\"https:\/\/plsk.eu\/wp-content\/themes\/fundusze\/assets\/images\/back.svg\" alt=\"\"> <\/button>\n            <\/div>\n\n            <div class=\"col-xxl-8 col-xl-8 col-lg-8 col-md-8 col-sm-8\">\n\n              <div id=\"carouselExample5147\" class=\"carousel slide\" data-bs-interval=\"50000\"\n                data-bs-ride=\"carousel\">\n\n                <div class=\"carousel-inner\">\n\n                  \n                                    <div class=\"carousel-item  active \">\n                    <img decoding=\"async\" src=\"https:\/\/plsk.eu\/wp-content\/uploads\/2025\/11\/ZGDW-Jaslo_Zborov10_cw.sl_.rat_.jpg\" alt=\"Bardzo du\u017ca grupa kilkudziesi\u0119ciu stra\u017cak\u00f3w stoi na boisku sportowym i czeka na zako\u0144czenie \u0107wicze\u0144 stra\u017cackich Ve\u013emi po\u010detn\u00e1 skupina nieko\u013ek\u00fdch desiatok hasi\u010dov stoj\u00ed na \u0161portovom ihrisku a \u010dak\u00e1 na koniec hasi\u010dsk\u00fdch cvi\u010den\u00ed.\" class=\"img_all\">\n                    <div class=\"row\">\n\n                      <div class=\"col-xxl-12 col-xl-12 col-lg-12 col-md-12 col-sm-12\">\n                        <div class=\"img_caption\">\n                          <div class=\"cap_text\">\n                                                                                  <\/div>\n                          <div class=\"cap_num\">\n                            <strong> 1 z 10<\/strong>\n                          <\/div>\n\n                        <\/div>\n                      <\/div>\n\n                    <\/div>\n                  <\/div>\n                                    \n                                    <div class=\"carousel-item \">\n                    <img decoding=\"async\" src=\"https:\/\/plsk.eu\/wp-content\/uploads\/2025\/11\/ZGDW-Jaslo_Zborov2_cw.sl_.rat_.jpg\" alt=\"Czterech m\u0119\u017cczyzn w strojach stra\u017cackich stoi i rozmawia. W tle wida\u0107 w\u00f3z stra\u017cacki. \u0160tyria mu\u017ei v hasi\u010dsk\u00fdch uniform\u00e1ch stoja a rozpr\u00e1vaj\u00fa sa. V pozad\u00ed je vidie\u0165 hasi\u010dsk\u00e9 auto.\" class=\"img_all\">\n                    <div class=\"row\">\n\n                      <div class=\"col-xxl-12 col-xl-12 col-lg-12 col-md-12 col-sm-12\">\n                        <div class=\"img_caption\">\n                          <div class=\"cap_text\">\n                                                                                  <\/div>\n                          <div class=\"cap_num\">\n                            <strong> 2 z 10<\/strong>\n                          <\/div>\n\n                        <\/div>\n                      <\/div>\n\n                    <\/div>\n                  <\/div>\n                                    \n                                    <div class=\"carousel-item \">\n                    <img decoding=\"async\" src=\"https:\/\/plsk.eu\/wp-content\/uploads\/2025\/11\/ZGDW-Jaslo_Zborov4_cw.sl_.rat_.jpg\" alt=\"Dw\u00f3ch stra\u017cak\u00f3w umieszcza na quadzie transportowym osob\u0119 na noszach Dvaja hasi\u010di umiest\u0148uj\u00fa osobu na nosidl\u00e1 na transportnom \u0161tvorkolke.\" class=\"img_all\">\n                    <div class=\"row\">\n\n                      <div class=\"col-xxl-12 col-xl-12 col-lg-12 col-md-12 col-sm-12\">\n                        <div class=\"img_caption\">\n                          <div class=\"cap_text\">\n                                                                                  <\/div>\n                          <div class=\"cap_num\">\n                            <strong> 3 z 10<\/strong>\n                          <\/div>\n\n                        <\/div>\n                      <\/div>\n\n                    <\/div>\n                  <\/div>\n                                    \n                                    <div class=\"carousel-item \">\n                    <img decoding=\"async\" src=\"https:\/\/plsk.eu\/wp-content\/uploads\/2025\/11\/ZGDW-Jaslo_Zborov5_cw.sl_.rat_.jpg\" alt=\"Dw\u00f3ch stra\u017cak\u00f3w przewozi quadem osob\u0119 rann\u0105. Obok quada idzie dw\u00f3ch stra\u017cak\u00f3w z noszami i jeden z plecakiem medycznym Dvaja hasi\u010di prev\u00e1\u017eaj\u00fa zranen\u00fa osobu na \u0161tvorkolke. Dvaja hasi\u010di s nosidlami a jeden s lek\u00e1rskym batohom id\u00fa ved\u013ea \u0161tvorkolky.\" class=\"img_all\">\n                    <div class=\"row\">\n\n                      <div class=\"col-xxl-12 col-xl-12 col-lg-12 col-md-12 col-sm-12\">\n                        <div class=\"img_caption\">\n                          <div class=\"cap_text\">\n                                                                                  <\/div>\n                          <div class=\"cap_num\">\n                            <strong> 4 z 10<\/strong>\n                          <\/div>\n\n                        <\/div>\n                      <\/div>\n\n                    <\/div>\n                  <\/div>\n                                    \n                                    <div class=\"carousel-item \">\n                    <img decoding=\"async\" src=\"https:\/\/plsk.eu\/wp-content\/uploads\/2025\/11\/ZGDW-Jaslo_Zborov6_cw.sl_.rat_.jpg\" alt=\"Pi\u0119ciu stra\u017cak\u00f3w montuje mobilne os\u0142ony przeciwpowodziowe. Za stra\u017cakami stoj\u0105 wozy stra\u017cackie z wyposa\u017ceniem P\u00e4\u0165 hasi\u010dov in\u0161taluje mobiln\u00e9 protipovod\u0148ov\u00e9 bari\u00e9ry. Za hasi\u010dmi s\u00fa hasi\u010dsk\u00e9 vozidl\u00e1 s vybaven\u00edm.\" class=\"img_all\">\n                    <div class=\"row\">\n\n                      <div class=\"col-xxl-12 col-xl-12 col-lg-12 col-md-12 col-sm-12\">\n                        <div class=\"img_caption\">\n                          <div class=\"cap_text\">\n                                                                                  <\/div>\n                          <div class=\"cap_num\">\n                            <strong> 5 z 10<\/strong>\n                          <\/div>\n\n                        <\/div>\n                      <\/div>\n\n                    <\/div>\n                  <\/div>\n                                    \n                                    <div class=\"carousel-item \">\n                    <img decoding=\"async\" src=\"https:\/\/plsk.eu\/wp-content\/uploads\/2025\/11\/ZGDW-Jaslo_Zborov9_cw.sl_.rat_.jpg\" alt=\"Dw\u00f3ch m\u0119\u017cczyzn i kobieta kl\u0119cz\u0105 przed manekinem i przeprowadzaj\u0105 \u0107wiczenia z udzielania pierwszej pomocy. W tle wida\u0107 innych stra\u017cak\u00f3w uczestnicz\u0105cych w \u0107wiczeniach Dvaja mu\u017ei a jedna \u017eena k\u013ea\u010dia pred figur\u00ednou a vykon\u00e1vaj\u00fa cvi\u010denia prvej pomoci. V pozad\u00ed s\u00fa vidie\u0165 \u010fal\u0161\u00ed hasi\u010di, ktor\u00ed sa z\u00fa\u010dast\u0148uj\u00fa cvi\u010denia.\" class=\"img_all\">\n                    <div class=\"row\">\n\n                      <div class=\"col-xxl-12 col-xl-12 col-lg-12 col-md-12 col-sm-12\">\n                        <div class=\"img_caption\">\n                          <div class=\"cap_text\">\n                                                                                  <\/div>\n                          <div class=\"cap_num\">\n                            <strong> 6 z 10<\/strong>\n                          <\/div>\n\n                        <\/div>\n                      <\/div>\n\n                    <\/div>\n                  <\/div>\n                                    \n                                    <div class=\"carousel-item \">\n                    <img decoding=\"async\" src=\"https:\/\/plsk.eu\/wp-content\/uploads\/2025\/11\/ZGDW-Jaslo_Zborov1_cw.sl_.rat_.jpg\" alt=\"Mobilna zapora zbudowana przez stra\u017cak\u00f3w. Przed zapor\u0105 potok. Za zapor\u0105 samochody stra\u017cackie, droga i domy mieszkalne Mobiln\u00e1 priehrada postaven\u00e1 hasi\u010dmi. Potok pred priehradou. Hasi\u010dsk\u00e9 vozidl\u00e1, cesta a obytn\u00e9 domy za priehradou.\" class=\"img_all\">\n                    <div class=\"row\">\n\n                      <div class=\"col-xxl-12 col-xl-12 col-lg-12 col-md-12 col-sm-12\">\n                        <div class=\"img_caption\">\n                          <div class=\"cap_text\">\n                                                                                  <\/div>\n                          <div class=\"cap_num\">\n                            <strong> 7 z 10<\/strong>\n                          <\/div>\n\n                        <\/div>\n                      <\/div>\n\n                    <\/div>\n                  <\/div>\n                                    \n                                    <div class=\"carousel-item \">\n                    <img decoding=\"async\" src=\"https:\/\/plsk.eu\/wp-content\/uploads\/2025\/11\/ZGDW-Jaslo_Zborov3_cw.sl_.rat_.jpg\" alt=\"Trzech stra\u017cak\u00f3w odpala mobiln\u0105 pomp\u0119, kt\u00f3ra ma pompowa\u0107 wod\u0119 z potoku Traja hasi\u010di sp\u00fa\u0161\u0165aj\u00fa mobiln\u00e9 \u010derpadlo, aby na\u010derpali vodu z potoka.\" class=\"img_all\">\n                    <div class=\"row\">\n\n                      <div class=\"col-xxl-12 col-xl-12 col-lg-12 col-md-12 col-sm-12\">\n                        <div class=\"img_caption\">\n                          <div class=\"cap_text\">\n                                                                                  <\/div>\n                          <div class=\"cap_num\">\n                            <strong> 8 z 10<\/strong>\n                          <\/div>\n\n                        <\/div>\n                      <\/div>\n\n                    <\/div>\n                  <\/div>\n                                    \n                                    <div class=\"carousel-item \">\n                    <img decoding=\"async\" src=\"https:\/\/plsk.eu\/wp-content\/uploads\/2025\/11\/ZGDW-Jaslo_Zborov8_cw.sl_.rat_.jpg\" alt=\"Troje stra\u017cak\u00f3w umieszcza opr\u00f3\u017cnia mobiln\u0105 zapor\u0119 z wody w potoku Traja hasi\u010di vyp\u00fa\u0161\u0165aj\u00fa mobiln\u00fa priehradu z vody v potoku.\" class=\"img_all\">\n                    <div class=\"row\">\n\n                      <div class=\"col-xxl-12 col-xl-12 col-lg-12 col-md-12 col-sm-12\">\n                        <div class=\"img_caption\">\n                          <div class=\"cap_text\">\n                                                                                  <\/div>\n                          <div class=\"cap_num\">\n                            <strong> 9 z 10<\/strong>\n                          <\/div>\n\n                        <\/div>\n                      <\/div>\n\n                    <\/div>\n                  <\/div>\n                                    \n                                    <div class=\"carousel-item \">\n                    <img decoding=\"async\" src=\"https:\/\/plsk.eu\/wp-content\/uploads\/2025\/11\/ZGDW-Jaslo_Zborov7_cw.sl_.rat_.jpg\" alt=\"Grupa stra\u017cak\u00f3w opr\u00f3\u017cnia mobilne zapory z wody. Za stra\u017cakami znajduj\u0105 si\u0119 wozy stra\u017cackie Skupina hasi\u010dov vypr\u00e1zd\u0148uje mobiln\u00e9 bari\u00e9ry s vodou. Za hasi\u010dmi s\u00fa hasi\u010dsk\u00e9 vozidl\u00e1.\" class=\"img_all\">\n                    <div class=\"row\">\n\n                      <div class=\"col-xxl-12 col-xl-12 col-lg-12 col-md-12 col-sm-12\">\n                        <div class=\"img_caption\">\n                          <div class=\"cap_text\">\n                                                                                  <\/div>\n                          <div class=\"cap_num\">\n                            <strong> 10 z 10<\/strong>\n                          <\/div>\n\n                        <\/div>\n                      <\/div>\n\n                    <\/div>\n                  <\/div>\n                                    \n                <\/div>\n\n              <\/div>\n\n            <\/div>\n            <div class=\"col-xxl-2 col-xl-2 col-lg-2 col-md-2 col-sm-2 gal_right\">\n              <button type=\"button\" data-bs-target=\"#carouselExample5147\" data-bs-slide=\"next\"\n                aria-label=\"\u010eal\u0161\u00ed obr\u00e1zok\"> <img decoding=\"async\"\n                  src=\"https:\/\/plsk.eu\/wp-content\/themes\/fundusze\/assets\/images\/next.svg\" alt=\"\"><\/button>\n            <\/div>\n\n          <\/div>\n\n\n          <div class=\"row no_desk\">\n\n            <div class=\"col-xxl-8 col-xl-8 col-lg-8 col-md-8 col-sm-8\">\n\n              <div id=\"carouselExample5147mob5147\" class=\"carousel slide\" data-bs-interval=\"50000\"\n                data-bs-ride=\"carousel\">\n\n                <div class=\"carousel-inner\">\n\n                  \n                                    <div class=\"carousel-item  active \">\n                    <img decoding=\"async\" src=\"https:\/\/plsk.eu\/wp-content\/uploads\/2025\/11\/ZGDW-Jaslo_Zborov10_cw.sl_.rat_.jpg\" alt=\"Bardzo du\u017ca grupa kilkudziesi\u0119ciu stra\u017cak\u00f3w stoi na boisku sportowym i czeka na zako\u0144czenie \u0107wicze\u0144 stra\u017cackich Ve\u013emi po\u010detn\u00e1 skupina nieko\u013ek\u00fdch desiatok hasi\u010dov stoj\u00ed na \u0161portovom ihrisku a \u010dak\u00e1 na koniec hasi\u010dsk\u00fdch cvi\u010den\u00ed.\" class=\"img_all\">\n                    <div class=\"row\">\n\n                      <div class=\"col-xxl-12 col-xl-12 col-lg-12 col-md-12 col-sm-12\">\n                        <div class=\"img_caption\">\n                          <div class=\"cap_text\">\n                            \n                                                      <\/div>\n                          <div class=\"cap_num\">\n                            <strong> 1 z 10<\/strong>\n                          <\/div>\n\n                        <\/div>\n                      <\/div>\n\n                    <\/div>\n                  <\/div>\n                  \n                                    <div class=\"carousel-item \">\n                    <img decoding=\"async\" src=\"https:\/\/plsk.eu\/wp-content\/uploads\/2025\/11\/ZGDW-Jaslo_Zborov2_cw.sl_.rat_.jpg\" alt=\"Czterech m\u0119\u017cczyzn w strojach stra\u017cackich stoi i rozmawia. W tle wida\u0107 w\u00f3z stra\u017cacki. \u0160tyria mu\u017ei v hasi\u010dsk\u00fdch uniform\u00e1ch stoja a rozpr\u00e1vaj\u00fa sa. V pozad\u00ed je vidie\u0165 hasi\u010dsk\u00e9 auto.\" class=\"img_all\">\n                    <div class=\"row\">\n\n                      <div class=\"col-xxl-12 col-xl-12 col-lg-12 col-md-12 col-sm-12\">\n                        <div class=\"img_caption\">\n                          <div class=\"cap_text\">\n                            \n                                                      <\/div>\n                          <div class=\"cap_num\">\n                            <strong> 2 z 10<\/strong>\n                          <\/div>\n\n                        <\/div>\n                      <\/div>\n\n                    <\/div>\n                  <\/div>\n                  \n                                    <div class=\"carousel-item \">\n                    <img decoding=\"async\" src=\"https:\/\/plsk.eu\/wp-content\/uploads\/2025\/11\/ZGDW-Jaslo_Zborov4_cw.sl_.rat_.jpg\" alt=\"Dw\u00f3ch stra\u017cak\u00f3w umieszcza na quadzie transportowym osob\u0119 na noszach Dvaja hasi\u010di umiest\u0148uj\u00fa osobu na nosidl\u00e1 na transportnom \u0161tvorkolke.\" class=\"img_all\">\n                    <div class=\"row\">\n\n                      <div class=\"col-xxl-12 col-xl-12 col-lg-12 col-md-12 col-sm-12\">\n                        <div class=\"img_caption\">\n                          <div class=\"cap_text\">\n                            \n                                                      <\/div>\n                          <div class=\"cap_num\">\n                            <strong> 3 z 10<\/strong>\n                          <\/div>\n\n                        <\/div>\n                      <\/div>\n\n                    <\/div>\n                  <\/div>\n                  \n                                    <div class=\"carousel-item \">\n                    <img decoding=\"async\" src=\"https:\/\/plsk.eu\/wp-content\/uploads\/2025\/11\/ZGDW-Jaslo_Zborov5_cw.sl_.rat_.jpg\" alt=\"Dw\u00f3ch stra\u017cak\u00f3w przewozi quadem osob\u0119 rann\u0105. Obok quada idzie dw\u00f3ch stra\u017cak\u00f3w z noszami i jeden z plecakiem medycznym Dvaja hasi\u010di prev\u00e1\u017eaj\u00fa zranen\u00fa osobu na \u0161tvorkolke. Dvaja hasi\u010di s nosidlami a jeden s lek\u00e1rskym batohom id\u00fa ved\u013ea \u0161tvorkolky.\" class=\"img_all\">\n                    <div class=\"row\">\n\n                      <div class=\"col-xxl-12 col-xl-12 col-lg-12 col-md-12 col-sm-12\">\n                        <div class=\"img_caption\">\n                          <div class=\"cap_text\">\n                            \n                                                      <\/div>\n                          <div class=\"cap_num\">\n                            <strong> 4 z 10<\/strong>\n                          <\/div>\n\n                        <\/div>\n                      <\/div>\n\n                    <\/div>\n                  <\/div>\n                  \n                                    <div class=\"carousel-item \">\n                    <img decoding=\"async\" src=\"https:\/\/plsk.eu\/wp-content\/uploads\/2025\/11\/ZGDW-Jaslo_Zborov6_cw.sl_.rat_.jpg\" alt=\"Pi\u0119ciu stra\u017cak\u00f3w montuje mobilne os\u0142ony przeciwpowodziowe. Za stra\u017cakami stoj\u0105 wozy stra\u017cackie z wyposa\u017ceniem P\u00e4\u0165 hasi\u010dov in\u0161taluje mobiln\u00e9 protipovod\u0148ov\u00e9 bari\u00e9ry. Za hasi\u010dmi s\u00fa hasi\u010dsk\u00e9 vozidl\u00e1 s vybaven\u00edm.\" class=\"img_all\">\n                    <div class=\"row\">\n\n                      <div class=\"col-xxl-12 col-xl-12 col-lg-12 col-md-12 col-sm-12\">\n                        <div class=\"img_caption\">\n                          <div class=\"cap_text\">\n                            \n                                                      <\/div>\n                          <div class=\"cap_num\">\n                            <strong> 5 z 10<\/strong>\n                          <\/div>\n\n                        <\/div>\n                      <\/div>\n\n                    <\/div>\n                  <\/div>\n                  \n                                    <div class=\"carousel-item \">\n                    <img decoding=\"async\" src=\"https:\/\/plsk.eu\/wp-content\/uploads\/2025\/11\/ZGDW-Jaslo_Zborov9_cw.sl_.rat_.jpg\" alt=\"Dw\u00f3ch m\u0119\u017cczyzn i kobieta kl\u0119cz\u0105 przed manekinem i przeprowadzaj\u0105 \u0107wiczenia z udzielania pierwszej pomocy. W tle wida\u0107 innych stra\u017cak\u00f3w uczestnicz\u0105cych w \u0107wiczeniach Dvaja mu\u017ei a jedna \u017eena k\u013ea\u010dia pred figur\u00ednou a vykon\u00e1vaj\u00fa cvi\u010denia prvej pomoci. V pozad\u00ed s\u00fa vidie\u0165 \u010fal\u0161\u00ed hasi\u010di, ktor\u00ed sa z\u00fa\u010dast\u0148uj\u00fa cvi\u010denia.\" class=\"img_all\">\n                    <div class=\"row\">\n\n                      <div class=\"col-xxl-12 col-xl-12 col-lg-12 col-md-12 col-sm-12\">\n                        <div class=\"img_caption\">\n                          <div class=\"cap_text\">\n                            \n                                                      <\/div>\n                          <div class=\"cap_num\">\n                            <strong> 6 z 10<\/strong>\n                          <\/div>\n\n                        <\/div>\n                      <\/div>\n\n                    <\/div>\n                  <\/div>\n                  \n                                    <div class=\"carousel-item \">\n                    <img decoding=\"async\" src=\"https:\/\/plsk.eu\/wp-content\/uploads\/2025\/11\/ZGDW-Jaslo_Zborov1_cw.sl_.rat_.jpg\" alt=\"Mobilna zapora zbudowana przez stra\u017cak\u00f3w. Przed zapor\u0105 potok. Za zapor\u0105 samochody stra\u017cackie, droga i domy mieszkalne Mobiln\u00e1 priehrada postaven\u00e1 hasi\u010dmi. Potok pred priehradou. Hasi\u010dsk\u00e9 vozidl\u00e1, cesta a obytn\u00e9 domy za priehradou.\" class=\"img_all\">\n                    <div class=\"row\">\n\n                      <div class=\"col-xxl-12 col-xl-12 col-lg-12 col-md-12 col-sm-12\">\n                        <div class=\"img_caption\">\n                          <div class=\"cap_text\">\n                            \n                                                      <\/div>\n                          <div class=\"cap_num\">\n                            <strong> 7 z 10<\/strong>\n                          <\/div>\n\n                        <\/div>\n                      <\/div>\n\n                    <\/div>\n                  <\/div>\n                  \n                                    <div class=\"carousel-item \">\n                    <img decoding=\"async\" src=\"https:\/\/plsk.eu\/wp-content\/uploads\/2025\/11\/ZGDW-Jaslo_Zborov3_cw.sl_.rat_.jpg\" alt=\"Trzech stra\u017cak\u00f3w odpala mobiln\u0105 pomp\u0119, kt\u00f3ra ma pompowa\u0107 wod\u0119 z potoku Traja hasi\u010di sp\u00fa\u0161\u0165aj\u00fa mobiln\u00e9 \u010derpadlo, aby na\u010derpali vodu z potoka.\" class=\"img_all\">\n                    <div class=\"row\">\n\n                      <div class=\"col-xxl-12 col-xl-12 col-lg-12 col-md-12 col-sm-12\">\n                        <div class=\"img_caption\">\n                          <div class=\"cap_text\">\n                            \n                                                      <\/div>\n                          <div class=\"cap_num\">\n                            <strong> 8 z 10<\/strong>\n                          <\/div>\n\n                        <\/div>\n                      <\/div>\n\n                    <\/div>\n                  <\/div>\n                  \n                                    <div class=\"carousel-item \">\n                    <img decoding=\"async\" src=\"https:\/\/plsk.eu\/wp-content\/uploads\/2025\/11\/ZGDW-Jaslo_Zborov8_cw.sl_.rat_.jpg\" alt=\"Troje stra\u017cak\u00f3w umieszcza opr\u00f3\u017cnia mobiln\u0105 zapor\u0119 z wody w potoku Traja hasi\u010di vyp\u00fa\u0161\u0165aj\u00fa mobiln\u00fa priehradu z vody v potoku.\" class=\"img_all\">\n                    <div class=\"row\">\n\n                      <div class=\"col-xxl-12 col-xl-12 col-lg-12 col-md-12 col-sm-12\">\n                        <div class=\"img_caption\">\n                          <div class=\"cap_text\">\n                            \n                                                      <\/div>\n                          <div class=\"cap_num\">\n                            <strong> 9 z 10<\/strong>\n                          <\/div>\n\n                        <\/div>\n                      <\/div>\n\n                    <\/div>\n                  <\/div>\n                  \n                                    <div class=\"carousel-item \">\n                    <img decoding=\"async\" src=\"https:\/\/plsk.eu\/wp-content\/uploads\/2025\/11\/ZGDW-Jaslo_Zborov7_cw.sl_.rat_.jpg\" alt=\"Grupa stra\u017cak\u00f3w opr\u00f3\u017cnia mobilne zapory z wody. Za stra\u017cakami znajduj\u0105 si\u0119 wozy stra\u017cackie Skupina hasi\u010dov vypr\u00e1zd\u0148uje mobiln\u00e9 bari\u00e9ry s vodou. Za hasi\u010dmi s\u00fa hasi\u010dsk\u00e9 vozidl\u00e1.\" class=\"img_all\">\n                    <div class=\"row\">\n\n                      <div class=\"col-xxl-12 col-xl-12 col-lg-12 col-md-12 col-sm-12\">\n                        <div class=\"img_caption\">\n                          <div class=\"cap_text\">\n                            \n                                                      <\/div>\n                          <div class=\"cap_num\">\n                            <strong> 10 z 10<\/strong>\n                          <\/div>\n\n                        <\/div>\n                      <\/div>\n\n                    <\/div>\n                  <\/div>\n                                  <\/div>\n              <\/div>\n\n            <\/div>\n            <div class=\"col-xxl-2 col-xl-2 col-lg-2 col-md-2 col-sm-12 gal_arrow mb-30px\">\n              <img decoding=\"async\" src=\"https:\/\/plsk.eu\/wp-content\/themes\/fundusze\/assets\/images\/back.svg\"\n                data-bs-target=\"#carouselExample5147mob5147\" data-bs-slide=\"prev\" alt=\"\"> <img decoding=\"async\"\n                src=\"https:\/\/plsk.eu\/wp-content\/themes\/fundusze\/assets\/images\/next.svg\"\n                data-bs-target=\"#carouselExample5147mob5147\" data-bs-slide=\"next\" alt=\"\">\n            <\/div>\n\n          <\/div>\n      <\/div>\n    <\/div>\n  <\/div>\n\n  ","protected":false},"excerpt":{"rendered":"<p>V sobotu, 18. okt\u00f3bra 2025, sa v obci Zborov na Slovensku uskuto\u010dnilo taktick\u00e9 cvi\u010denie jednotiek Dobrovo\u013en\u00fdch hasi\u010dsk\u00fdch zborov (DHZ) z Po\u013eska a Slovenska. Cie\u013eom bolo zlep\u0161enie spolupr\u00e1ce z\u00e1chrann\u00fdch zlo\u017eiek, v\u00fdmena sk\u00fasenost\u00ed a zdokona\u013eovanie zru\u010dnost\u00ed v oblasti kr\u00edzov\u00e9ho mana\u017ementu. Cvi\u010denie sa konalo v r\u00e1mci realiz\u00e1cie projektu s n\u00e1zvom \u201eCezhrani\u010dn\u00e1 spolupr\u00e1ca obc\u00ed patriacich k Zdru\u017eeniu obc\u00ed povodia [&hellip;]<\/p>\n","protected":false},"author":22,"featured_media":42064,"comment_status":"closed","ping_status":"open","sticky":false,"template":"","format":"standard","meta":{"_acf_changed":false,"inline_featured_image":false,"_themeisle_gutenberg_block_has_review":false,"footnotes":"","_links_to":"","_links_to_target":""},"categories":[1839,1909],"tags":[],"class_list":["post-42071","post","type-post","status-publish","format-standard","has-post-thumbnail","hentry","category-bez-kategorii","category-strona-glowna-sk"],"acf":[],"_links":{"self":[{"href":"https:\/\/plsk.eu\/sk\/wp-json\/wp\/v2\/posts\/42071","targetHints":{"allow":["GET"]}}],"collection":[{"href":"https:\/\/plsk.eu\/sk\/wp-json\/wp\/v2\/posts"}],"about":[{"href":"https:\/\/plsk.eu\/sk\/wp-json\/wp\/v2\/types\/post"}],"author":[{"embeddable":true,"href":"https:\/\/plsk.eu\/sk\/wp-json\/wp\/v2\/users\/22"}],"replies":[{"embeddable":true,"href":"https:\/\/plsk.eu\/sk\/wp-json\/wp\/v2\/comments?post=42071"}],"version-history":[{"count":1,"href":"https:\/\/plsk.eu\/sk\/wp-json\/wp\/v2\/posts\/42071\/revisions"}],"predecessor-version":[{"id":42072,"href":"https:\/\/plsk.eu\/sk\/wp-json\/wp\/v2\/posts\/42071\/revisions\/42072"}],"wp:featuredmedia":[{"embeddable":true,"href":"https:\/\/plsk.eu\/sk\/wp-json\/wp\/v2\/media\/42064"}],"wp:attachment":[{"href":"https:\/\/plsk.eu\/sk\/wp-json\/wp\/v2\/media?parent=42071"}],"wp:term":[{"taxonomy":"category","embeddable":true,"href":"https:\/\/plsk.eu\/sk\/wp-json\/wp\/v2\/categories?post=42071"},{"taxonomy":"post_tag","embeddable":true,"href":"https:\/\/plsk.eu\/sk\/wp-json\/wp\/v2\/tags?post=42071"}],"curies":[{"name":"wp","href":"https:\/\/api.w.org\/{rel}","templated":true}]}}