{"id":43207,"date":"2026-03-12T11:19:13","date_gmt":"2026-03-12T10:19:13","guid":{"rendered":"https:\/\/plsk.eu\/?p=43207"},"modified":"2026-03-12T11:19:34","modified_gmt":"2026-03-12T10:19:34","slug":"seria-rozhovorov-bezpecnejsie-polsko-slovenske-pohranicie-pre-vsetkych","status":"publish","type":"post","link":"https:\/\/plsk.eu\/sk\/seria-rozhovorov-bezpecnejsie-polsko-slovenske-pohranicie-pre-vsetkych\/","title":{"rendered":"S\u00e9ria rozhovorov: Bezpe\u010dnej\u0161ie po\u013esko-slovensk\u00e9 pohrani\u010die pre v\u0161etk\u00fdch!"},"content":{"rendered":"\n<p>Za\u010d\u00edname s\u00e9riu rozhovorov, v ktor\u00fdch uk\u00e1\u017eeme, ako sa po\u013esko-slovensk\u00e9 pohrani\u010die st\u00e1va bezpe\u010dnej\u0161\u00edm, odolnej\u0161\u00edm vo\u010di pr\u00edrodn\u00fdm katastrof\u00e1m a lep\u0161ie prisp\u00f4soben\u00fdm zmene kl\u00edmy.<\/p>\n\n\n\n<p>V roku 2026 predstav\u00edme v\u00fdsledky desiatok cezhrani\u010dn\u00fdch projektov realizovan\u00fdch v\u010faka podpore z Eur\u00f3pskych fondov v r\u00e1mci Programu Interreg Po\u013esko \u2013 Slovensko 2021 \u2013 2027.<\/p>\n\n\n\n<p>Z rozhovorov sa dozviete okrem in\u00e9ho aj to, ak\u00fd vplyv maj\u00fa spolo\u010dn\u00e9 po\u013esko-slovensk\u00e9 iniciat\u00edvy realizovan\u00e9 ponad hranice na ka\u017edodenn\u00fd \u017eivot obyvate\u013eov a turistov. Budeme sa rozpr\u00e1va\u0165 tak s partnermi projektov, ako aj s ich kone\u010dn\u00fdmi prij\u00edmate\u013emi.<\/p>\n\n\n\n<p>Rozhovory realizujeme pod heslom: <strong>Bezpe\u010dnej\u0161ie po\u013esko-slovensk\u00e9 pohrani\u010die pre v\u0161etk\u00fdch!<\/strong><\/p>\n\n\n\n<p>Prv\u00fd rozhovor uskuto\u010dnil Tom\u00e1\u0161 Bela z Region\u00e1lneho kontaktn\u00e9ho bodu Programu v \u017dilinskom samospr\u00e1vnom kraji so z\u00e1stupcom partnera projektu \u201eBezpe\u010dnos\u0165 predov\u0161etk\u00fdm\u201c<\/p>\n\n\n\n<h2 class=\"wp-block-heading\"><strong>Mohli by ste sa kr\u00e1tko predstavi\u0165 a op\u00edsa\u0165, ak\u00fa \u00falohu ste v projekte mali?<\/strong><\/h2>\n\n\n\n<p>Vol\u00e1m sa Ing. Daniel Dzurilla a p\u00f4sob\u00edm ako policajn\u00fd funkcion\u00e1r Policajn\u00e9ho zboru SR, konkr\u00e9tne ako riadite\u013e vn\u00fatorn\u00e9ho odboru Krajsk\u00e9ho riadite\u013estva Policajn\u00e9ho zboru v&nbsp;\u017diline. V&nbsp;Policajnom zbore p\u00f4sob\u00edm u\u017e 26. rok. Mojou \u00falohou v&nbsp;projekte bolo zabezpe\u010dova\u0165 pr\u00edpravu a koordin\u00e1ciu zlo\u017eiek Policajn\u00e9ho zboru na plnen\u00ed jednotliv\u00fdch \u00faloh, od pr\u00edpravy \u017eiadosti o&nbsp;projekt, organiz\u00e1cie a&nbsp;realiz\u00e1cie aktiv\u00edt, \u0161pecifik\u00e1cie potrebn\u00e9ho materi\u00e1lu a&nbsp;jeho zabezpe\u010denie v&nbsp;spolupr\u00e1ci s&nbsp;pr\u00edslu\u0161n\u00fdmi komoditn\u00fdmi mana\u017e\u00e9rmi, komunik\u00e1cia s partnersk\u00fdmi organiz\u00e1ciami z Po\u013eska a zabezpe\u010denie publicity v\u00fdsledkov v&nbsp;projekte.<\/p>\n\n\n\n<h2 class=\"wp-block-heading\"><strong>\u010co bolo hlavn\u00fdm cie\u013eom v\u00e1\u0161ho projektu a na ak\u00fd probl\u00e9m reagoval?<\/strong><\/h2>\n\n\n\n<p>Hlavn\u00fdm cie\u013eom projektu je zv\u00fd\u0161enie bezpe\u010dnosti obyvate\u013eov a turistov nav\u0161tevuj\u00facich \u00fazemie pohrani\u010dia pred negat\u00edvnymi n\u00e1sledkami \u017eiveln\u00fdch pohr\u00f4m prostredn\u00edctvom posilnenia spolupr\u00e1ce policajn\u00fdch zlo\u017eiek z Po\u013eska a zo Slovenska. Projekt reagoval najm\u00e4 na potrebu r\u00fdchlej reakcie pri z\u00e1sahoch a nejednotnos\u0165 postupov medzi krajinami.<\/p>\n\n\n\n<p>V&nbsp;posledn\u00fdch rokoch sme boli svedkami viacer\u00fdch \u017eiveln\u00fdch katastrof, ktor\u00e9 boli spojen\u00e9 so stratami na \u017eivotoch a&nbsp;majetku ob\u010danov. Tieto sa samozrejme nevyh\u00fdbaj\u00fa ani pohrani\u010dn\u00fdm oblastiam (m\u00f4\u017eeme spomen\u00fa\u0165 povodne v&nbsp;okrese \u010cadca, zosuv p\u00f4dy vo Vr\u00e1tnej doline, po\u017eiar na Babej hore). Preto je ve\u013emi d\u00f4le\u017eit\u00e9 by\u0165 na tak\u00e9to pr\u00edpady pripraven\u00fd, nacvi\u010di\u0165 si koordin\u00e1ciu postupu a&nbsp;by\u0165 obozn\u00e1men\u00fd s&nbsp;postupmi reakcie z\u00e1chrann\u00fdch zlo\u017eiek susedn\u00fdch \u0161t\u00e1tov pri vzniku takejto udalosti.<\/p>\n\n\n\n<h2 class=\"wp-block-heading\"><strong>Ako vznikol n\u00e1pad na projekt, kto bol jeho inici\u00e1torom a ako ste si na\u0161li projektov\u00e9ho partnera\/partnerov?<\/strong><\/h2>\n\n\n\n<p>Krajsk\u00e9 velite\u013estvo pol\u00edcie v&nbsp;Krakove v&nbsp;roku 2022 n\u00e1s prostredn\u00edctvom Prez\u00eddia Policajn\u00e9ho zboru oslovilo s&nbsp;\u00fa\u010das\u0165ou na&nbsp;programe Interreg Po\u013esko \u2013 Slovensko 2021 \u2013 2027. N\u00e1sledne sa uskuto\u010dnilo prvotn\u00e9 pracovn\u00e9 stretnutie d\u0148a 26.1.2023 v Nowom S\u0105czi, kde boli predstaven\u00e9 prvotn\u00e9 my\u0161lienky na projekt, ktor\u00e9 vych\u00e1dzali z praktickej potreby zlep\u0161enia koordin\u00e1cie aj technick\u00e9ho vybavenia na z\u00e1sahy v&nbsp;\u0165a\u017eko dostupn\u00fdch oblastiach. Do projektu sa za Policajn\u00fd zbor SR zapojili Krajsk\u00e9 riadite\u013estv\u00e1 PZ v&nbsp;\u017diline, Pre\u0161ove a&nbsp;Ko\u0161iciach.<\/p>\n\n\n\n<h2 class=\"wp-block-heading\"><strong>\u010co v\u00e1s viedlo k \u00fa\u010dasti pr\u00e1ve v programe Interreg?<\/strong><\/h2>\n\n\n\n<p>Krajsk\u00e9 riadite\u013estvo PZ v&nbsp;\u017diline sa v&nbsp;minulosti podie\u013ealo na \u00fa\u010dasti na mal\u00fdch projektoch, ktor\u00e9 realizoval po\u013esk\u00fd partner. Preto sme uv\u00edtali iniciat\u00edvu od po\u013esk\u00fdch partnerov. Program Interreg Po\u013esko &#8211; Slovensko zodpoved\u00e1 charakteru na\u0161ej pr\u00e1ce \u2013 podporuje cezhrani\u010dn\u00e9 projekty, ktor\u00e9 posil\u0148uj\u00fa bezpe\u010dnos\u0165, spolupr\u00e1cu a spolo\u010dn\u00fa infra\u0161trukt\u00faru. Z\u00edskali sme mo\u017enos\u0165 financova\u0165 veci, ktor\u00e9 boli mimo \u0161tandardn\u00e9ho vybavenia, a&nbsp;ktor\u00e9 n\u00e1m vo v\u00fdkone slu\u017eby ch\u00fdbaj\u00fa. Realiz\u00e1cia projektu priniesla o\u017eivenie a&nbsp;zlep\u0161enie kontaktov medzi policajtmi od z\u00e1kladn\u00fdch \u00fatvaroch a\u017e po samotn\u00e9 vedenie Policajn\u00fdch zborov oboch \u0161t\u00e1tov.<\/p>\n\n\n\n<h2 class=\"wp-block-heading\"><strong>Keby sa v\u00e1s in\u00fd \u017eiadate\u013e op\u00fdtal: \u201eOplat\u00ed sa zapoji\u0165 do programu Interreg?\u201c, \u010do by ste odpovedali jednou vetou?<\/strong><\/h2>\n\n\n\n<p>Jednozna\u010dne \u00e1no \u2013 Program Interreg bol vytvoren\u00fd za \u00fa\u010delom spolupr\u00e1ce v r\u00e1mci cie\u013ea \u201eEur\u00f3pska \u00fazemn\u00e1 spolupr\u00e1ca\u201d, \u010do vytv\u00e1ra lep\u0161ie vz\u0165ahy medzi oboma krajinami, prep\u00e1ja pohrani\u010die kult\u00farne, spolo\u010densky, posil\u0148uje spolupr\u00e1cu in\u0161tit\u00facii oboch kraj\u00edn a&nbsp;v&nbsp;kone\u010dnom d\u00f4sledku zvy\u0161uje pocit bezpe\u010dia ob\u010danov v&nbsp;prihrani\u010dn\u00fdch oblastiach.<\/p>\n\n\n\n<p>Prist\u00fapme teraz k&nbsp;ot\u00e1zkam t\u00fdkaj\u00facich sa samotnej realiz\u00e1cie projektu.<\/p>\n\n\n\n<h2 class=\"wp-block-heading\"><strong>Keby ste mali uvies\u0165 jednu najd\u00f4le\u017eitej\u0161iu vec\/efekt, \u010do sa v regi\u00f3ne v\u010faka projektu \u201eBezpe\u010dnos\u0165 predov\u0161etk\u00fdm\u201c zmenilo, \u010do by to bolo?<\/strong><\/h2>\n\n\n\n<p>Zlep\u0161enie spolupr\u00e1ce zlo\u017eiek pol\u00edcie Po\u013eskej a&nbsp;Slovenskej republiky.<\/p>\n\n\n\n<h2 class=\"wp-block-heading\"><strong>Ako prebiehala komunik\u00e1cia medzi partnermi po\u010das realiz\u00e1cie? \u010co ste sa nau\u010dili od<\/strong> <strong>svojich partnerov z Po\u013eska, \u010do sa ned\u00e1 vy\u010d\u00edsli\u0165 peniazmi?<\/strong><\/h2>\n\n\n\n<p>Komunik\u00e1cia prebiehala po\u010das organizovan\u00fdch pracovn\u00fdch stretnut\u00ed, emailom, telefonicky. Ke\u010f\u017ee i\u0161lo o&nbsp;prv\u00fd v\u00e4\u010d\u0161\u00ed projekt, v ktorom &nbsp;sa Krajsk\u00e9 riadite\u013estv\u00e1 PZ v&nbsp;\u017diline, Pre\u0161ove a&nbsp;Ko\u0161iciach akt\u00edvne zap\u00e1jali od podania \u017eiadosti, cez pr\u00edpravu a\u017e po plnenie jednotliv\u00fdch aktiv\u00edt mus\u00edme vyzdvihn\u00fa\u0165 pr\u00edstup po\u013esk\u00fdch partnerov pri rie\u0161en\u00ed probl\u00e9mov, ktor\u00e9 pri realiz\u00e1cii vznikali.<\/p>\n\n\n\n<h2 class=\"wp-block-heading\"><strong>\u010co pova\u017eujete za k\u013e\u00fa\u010dov\u00e9 pre dobr\u00fa cezhrani\u010dn\u00fa spolupr\u00e1cu?<\/strong><\/h2>\n\n\n\n<p>Re\u0161pekt partnerov.<\/p>\n\n\n\n<h2 class=\"wp-block-heading\"><strong>Ak\u00fdm sp\u00f4sobom bol projekt propagovan\u00fd medzi obyvate\u013emi a \u0161irokou verejnos\u0165ou?<\/strong><\/h2>\n\n\n\n<p>Projekt bol propagovan\u00fd prostredn\u00edctvom internetovej str\u00e1nky Ministerstva vn\u00fatra Slovenskej republiky, soci\u00e1lnych siet\u00ed, ale aj formou plag\u00e1tov, bannerov, informa\u010dn\u00fdch tab\u00fa\u013e umiestnen\u00fdch na budov\u00e1ch PZ,&nbsp; n\u00e1lepkami na materi\u00e1lno-technickom vybaven\u00ed, po\u010das predn\u00e1\u0161kovej \u010dinnosti na \u0161kol\u00e1ch, na r\u00f4znych prevent\u00edvnych aktivit\u00e1ch (De\u0148 112, medzin\u00e1rodn\u00fd de\u0148 det\u00ed a&nbsp;pod.). Technika a&nbsp;vybavenie, ktor\u00e9 bolo zak\u00fapen\u00e9 v&nbsp;projekte je vyu\u017e\u00edvan\u00e9 pri ka\u017edodennej slu\u017eobnej \u010dinnosti, je ju vidie\u0165 v&nbsp;uliciach. D\u00f4le\u017eit\u00e9 bolo uk\u00e1za\u0165 ob\u010danom, \u017ee ide o projekt, ktor\u00fd prin\u00e1\u0161a konkr\u00e9tny \u00fa\u017eitok.<\/p>\n\n\n\n<h2 class=\"wp-block-heading\"><strong>Ak\u00e9 najd\u00f4le\u017eitej\u0161ie sk\u00fasenosti ste si z projektu odniesli?<\/strong><\/h2>\n\n\n\n<p>Najviac si odn\u00e1\u0161ame poznanie, \u017ee invest\u00edcia do spolupr\u00e1ce sa vracia v podobe r\u00fdchlych a efekt\u00edvnych z\u00e1sahov, \u010do sa prejavuje v ka\u017edodennej slu\u017ebe.<\/p>\n\n\n\n<h2 class=\"wp-block-heading\"><strong>\u010co by ste poradili organiz\u00e1ci\u00e1m, ktor\u00e9 zva\u017euj\u00fa \u00fa\u010das\u0165 v programe Interreg?<\/strong><\/h2>\n\n\n\n<p>Najd\u00f4le\u017eitej\u0161ie je ma\u0165 jasne vyt\u00fd\u010den\u00fd cie\u013e, ktor\u00fd chce organiz\u00e1cia dosiahnu\u0165 konkr\u00e9tnym projektom, dobr\u00fd n\u00e1pad a efekt\u00edvny sp\u00f4sob, ako projekt zrealizova\u0165.<\/p>\n\n\n\n<h2 class=\"wp-block-heading\"><strong>Pl\u00e1nujete v bud\u00facnosti pokra\u010dova\u0165 v cezhrani\u010dnej spolupr\u00e1ci?<\/strong><\/h2>\n\n\n\n<p>Krajsk\u00e9 riadite\u013estvo PZ v&nbsp;\u017diline v&nbsp;s\u00fa\u010dasnej dobe participuje na 3 ve\u013ek\u00fdch projektoch a&nbsp;3 mal\u00fdch projektoch v&nbsp;r\u00e1mci spolupr\u00e1ce s&nbsp;po\u013esk\u00fdmi partnermi, \u010do si vy\u017eaduje enormn\u00e9 \u00fasilie. Po ich ukon\u010den\u00ed ur\u010dite pl\u00e1nujeme pokra\u010dova\u0165 v&nbsp;cezhrani\u010dnej spolupr\u00e1ci. T\u00e1to n\u00e1m nevypl\u00fdva len z&nbsp;projektov, ale aj z&nbsp;medzin\u00e1rodn\u00fdch zml\u00fav.<\/p>\n\n\n\n<p>Dovol\u00edm si e\u0161te p\u00e1r ot\u00e1zok k&nbsp;v\u00fdsledkom projektu.<\/p>\n\n\n\n<h2 class=\"wp-block-heading\"><strong>\u010co v\u00e1m program Interreg umo\u017enil zrealizova\u0165, \u010do by inak nebolo mo\u017en\u00e9?<\/strong><\/h2>\n\n\n\n<p>Umo\u017enil n\u00e1m organizova\u0165 \u010dastej\u0161ie stretnutia, zabezpe\u010di\u0165 \u0161pecializovan\u00e9 v\u00fdcviky, z\u00edska\u0165 vedomosti a&nbsp;spolo\u010dne si nacvi\u010di\u0165 postupy po\u010das cvi\u010den\u00ed v\u00e4\u010d\u0161ieho rozsahu.<\/p>\n\n\n\n<h2 class=\"wp-block-heading\"><strong>Ak\u00e9 konkr\u00e9tne v\u00fdsledky projekt priniesol?<\/strong><\/h2>\n\n\n\n<p>N\u00e1cvik spolo\u010dn\u00fdch postupov pri z\u00e1sahoch a&nbsp;reakcie v&nbsp;pr\u00edpade vzniku mimoriadnej situ\u00e1cie. Preverenie funk\u010dnosti prenosu inform\u00e1cie medzi oboma krajinami.<\/p>\n\n\n\n<p>Nov\u00e9 technick\u00e9 vybavenie a&nbsp;preh\u013abenie spolupr\u00e1ce \u00fatvarov na oboch stran\u00e1ch hranice.<\/p>\n\n\n\n<p>Ve\u013emi pekn\u00fdm pr\u00edkladom a&nbsp;v\u00fdsledkom projektu bol napr. pr\u00edpad kr\u00e1de\u017ee motorov\u00e9ho \u010dlna v&nbsp;Po\u013eskej republike. Uveden\u00fd \u010dln sa podarilo v\u010faka v\u010dasnej informovanosti ve\u013emi r\u00fdchlo vyp\u00e1tra\u0165 na oravskej priehrade. Na vytiahnutie \u010dlna z&nbsp;brehu vodnej plochy bola vyu\u017eit\u00e1 technika (vozidlo s&nbsp;navijakom), ktor\u00e1 bola zak\u00fapen\u00e1 z&nbsp;prostriedkov programu.<\/p>\n\n\n\n<h2 class=\"wp-block-heading\"><strong>Ako projekt ovplyvnil miestnu komunitu alebo regi\u00f3n?<\/strong><\/h2>\n\n\n\n<p>Pozit\u00edvne. Spolupr\u00e1ca v&nbsp;r\u00e1mci projektu medzi zlo\u017ekami pol\u00edcie Po\u013eskej a&nbsp;Slovenskej republiky zv\u00fd\u0161ila pocit bezpe\u010dia, z\u00e1sahy s\u00fa r\u00fdchlej\u0161ie a presnej\u0161ie, turisti maj\u00fa vy\u0161\u0161iu d\u00f4veru v bezpe\u010dnos\u0165 regi\u00f3nu. Zak\u00fapen\u00e9 vybavenie (vozidl\u00e1, \u0161tvorkolky, drony, no\u010dn\u00e9 videnia at\u010f.) v&nbsp;pr\u00edpade vzniku mimoriadnych situ\u00e1cii pom\u00f4\u017eu pri z\u00e1chrane \u017eivotov a ochrane majetku obyvate\u013estva.<\/p>\n\n\n\n<p>Na z\u00e1ver by som sa V\u00e1s chcel sp\u00fdta\u0165 e\u0161te p\u00e1r ot\u00e1zok ako na pr\u00edslu\u0161n\u00edka Policajn\u00e9ho zboru, ktor\u00fd db\u00e1 na bezpe\u010dnos\u0165 obyvate\u013eov.<\/p>\n\n\n\n<p><strong>Mohli by ste poveda\u0165 n\u00e1m, \u010domu sa venujete v&nbsp;ka\u017edodennom \u017eivote?<\/strong><\/p>\n\n\n\n<p>Som policajn\u00fd funkcion\u00e1r, ktor\u00fd sa dlhodobo venuje ot\u00e1zkam bezpe\u010dnosti.<\/p>\n\n\n\n<p>Mojou ka\u017edodennou n\u00e1pl\u0148ou je riadenie odboru, \u010do zah\u0155\u0148a rie\u0161enie organiza\u010dn\u00fdch, pr\u00e1vnych z\u00e1le\u017eitost\u00ed, plnenie \u00faloh v oblasti ochrany utajovan\u00fdch skuto\u010dnost\u00ed, registrat\u00farneho poriadku, zabezpe\u010denie chodu podate\u013ene, kuri\u00e9rnej slu\u017eby, tvorby a&nbsp;evidencie intern\u00fdch predpisov, chodu psychologick\u00e9ho pracoviska a problematiky vym\u00e1hania pok\u00fat.<\/p>\n\n\n\n<p>Popri plnen\u00ed t\u00fdchto \u00faloh p\u00f4sob\u00edm za Krajsk\u00e9 riadite\u013estvo PZ v&nbsp;\u017diline, ako koordin\u00e1tor \u010dinnost\u00ed vykon\u00e1van\u00fdch v&nbsp;r\u00e1mci projektov z&nbsp;programu Interreg.<\/p>\n\n\n\n<h2 class=\"wp-block-heading\"><strong>Ako vyzeral v\u00e1\u0161 pracovn\u00fd de\u0148 pred realiz\u00e1ciou projektu a ako vyzer\u00e1 teraz, ke\u010f m\u00e1te<\/strong> <strong>nov\u00e9 vybavenie\/infra\u0161trukt\u00faru?<\/strong><\/h2>\n\n\n\n<p>Zabezpe\u010denie realiz\u00e1cie projektu si vy\u017eaduje ve\u013ea m\u00f4jho pracovn\u00e9ho \u010dasu. D\u00e1 sa poveda\u0165, \u017ee sa projektom venujem dennodenne. Te\u0161\u00ed ma v\u0161ak sp\u00e4tn\u00e1 reakcia z&nbsp;jednotliv\u00fdch \u00fatvarov, kde v\u010faka nov\u00e9mu vybaveniu, ktor\u00e9 je ur\u010den\u00e9 pre zlep\u0161enie ich \u010dinnosti sme dnes r\u00fdchlej\u0161\u00ed, presnej\u0161\u00ed a efekt\u00edvnej\u0161\u00ed. Nadviazan\u00e9 kontakty a&nbsp;z\u00edskan\u00e9 sk\u00fasenosti u\u013eah\u010duj\u00fa pr\u00e1cu mnoh\u00fdm policajtom na oboch stran\u00e1ch hranice.<\/p>\n\n\n\n<h2 class=\"wp-block-heading\"><strong>\u010co tento projekt znamen\u00e1 pre be\u017en\u00e9ho obyvate\u013ea alebo n\u00e1v\u0161tevn\u00edka regi\u00f3nu?<\/strong><\/h2>\n\n\n\n<p>Ur\u010dite m\u00f4\u017ee ma\u0165 lep\u0161\u00ed pocit bezpe\u010dia. M\u00f4\u017ee sa spo\u013eahn\u00fa\u0165, \u017ee v&nbsp;pr\u00edpade n\u00fadze mu bude Policajn\u00fd zbor pripraven\u00fd r\u00fdchlej\u0161ie a&nbsp;efekt\u00edvnej\u0161ie pom\u00f4c\u0165.<\/p>\n\n\n\n<h2 class=\"wp-block-heading\"><strong>Mali ste mo\u017enos\u0165 spolupracova\u0165 bok po boku s kolegami z druhej strany hranice? Ak\u00fd je to pocit vedie\u0165, \u017ee sa v pr\u00edpade potreby m\u00f4\u017eete jeden na druh\u00e9ho spo\u013eahn\u00fa\u0165?<\/strong><\/h2>\n\n\n\n<p>Spolupr\u00e1ca bok po boku priniesla ve\u013ek\u00fa istotu \u2013 vieme, \u017ee sa m\u00f4\u017eeme navz\u00e1jom spo\u013eahn\u00fa\u0165 v ka\u017edej situ\u00e1cii. Je to vz\u0165ah zalo\u017een\u00fd na vz\u00e1jomnom re\u0161pekte a&nbsp;r\u00fdchlom a&nbsp;kvalitnom plnen\u00ed po\u017eadovan\u00fdch \u00faloh.<\/p>\n\n\n\n<h2 class=\"wp-block-heading\"><strong>M\u00e1te v\u010faka tak\u00fdmto invest\u00edci\u00e1m pocit, \u017ee hranica medzi Po\u013eskom a Slovenskom sa<\/strong> <strong>st\u00e1va u\u017e len \u010diarou na mape a my sa st\u00e1vame jedn\u00fdm modern\u00fdm regi\u00f3nom?<\/strong><\/h2>\n\n\n\n<p>Ur\u010dite m\u00e1m pocit, \u017ee spolupr\u00e1ca a&nbsp;komunik\u00e1cia medzi \u00fatvarmi, ktor\u00e9 s\u00fa najbli\u017e\u0161ie na hranici je teraz na lep\u0161ej \u00farovni. Boli nadviazan\u00e9 nov\u00e9 kontakty nielen medzi slu\u017ebami poriadkovej pol\u00edcie, ale aj po l\u00ednii krimin\u00e1lnej a&nbsp;dopravnej pol\u00edcie. Nov\u00e9 modern\u00e9 vybavenie n\u00e1s pos\u00fava vpred a&nbsp;spolupr\u00e1ca je previazanej\u0161ia.<\/p>\n\n\n\n<h2 class=\"wp-block-heading\"><strong>Teraz, ke\u010f m\u00e1te spolo\u010dne nov\u00e9 vybavenie a syst\u00e9my s kolegami z Po\u013eska,<\/strong> <strong>m\u00e1te pocit, \u017ee \u013eudia na oboch stran\u00e1ch hranice m\u00f4\u017eu spa\u0165 pokojnej\u0161ie?<\/strong><\/h2>\n\n\n\n<p>Ur\u010dite \u00e1no. Ver\u00edm, \u017ee nadviazan\u00e1 spolupr\u00e1ca a&nbsp;zabezpe\u010den\u00e9 technick\u00e9 vybavenie pom\u00f4\u017ee zachr\u00e1ni\u0165 \u013eudsk\u00e9 \u017eivoty, \u010di u\u017e to bude v&nbsp;r\u00e1mci dennodennej pr\u00e1ci alebo pri vzniku mimoriadnych situ\u00e1cii.<\/p>\n\n\n\n<h2 class=\"wp-block-heading\"><strong>Ak by ste mali jedn\u00fdm slovom op\u00edsa\u0165 rozdiel v bezpe\u010dnosti pred a po projekte \u2013 \u010do by<\/strong> <strong>to bolo?<\/strong><\/h2>\n\n\n\n<p>Progres.<\/p>\n\n\n\n<p>\u010eakujeme za \u00fa\u010das\u0165 v rozhovore.<\/p>\n\n\n\n<p>Fotogal\u00e9ria z realiz\u00e1cie projektu<\/p>\n\n\n\n<div class=\"\">\n\n  <div class=\"widget-image-gallery galRB gal-7553\">\n\n    <div id=\"swiperGalFUll-7553\"\n      class=\"swiper widget-image-gallery__full swiper-initialized swiper-horizontal swiper-pointer-events swiper-backface-hidden\">\n\n      <div class=\"swiper-wrapper\" id=\"swiper-wrapper-7553\" aria-live=\"polite\"\n        style=\"transform: translate3d(0px, 0px, 0px);\">\n\n        \n\n        \n        <div class=\"swiper-slide excludeimg  swiper-slide-active \"\n            tabindex=\"0\"\n        data-sliderId =\"7553\"\n        data-bs-slide-to=\"0\"\n        data-title=\"\" role=\"group\"\n          data-bs-toggle=\"modal\" data-bs-target=\"#exampleModal7553\"\n          aria-label=\"1 \/ 10\"\n          style=\"background: linear-gradient(rgba(211, 211, 211), rgba(211, 211, 211))\">\n\n          <img decoding=\"async\" src=\"https:\/\/plsk.eu\/wp-content\/uploads\/2026\/03\/Projekt-360-2-57-scaled.jpg\" class=\"gal_bg_img\" style=\"\n    width: 100% !important;\">\n\n          <img decoding=\"async\" src=\"https:\/\/plsk.eu\/wp-content\/uploads\/2026\/03\/Projekt-360-2-57-scaled.jpg\" alt=\"Czterech m\u0119\u017cczyzn w mundurach policyjnych stoi w k\u00f3\u0142ku i rozmawia. W tle wida\u0107 samochody i innych m\u0119\u017cczyzn w mundurach \u0160tyria mu\u017ei v policajn\u00fdch uniform\u00e1ch stoja v kruhu a rozpr\u00e1vaj\u00fa sa. V pozad\u00ed s\u00fa vidie\u0165 aut\u00e1 a \u010fal\u0161\u00ed mu\u017ei v uniform\u00e1ch.\" class=\"gal_main_img\" style=\"\">\n        <\/div>\n                \n\n        \n        <div class=\"swiper-slide excludeimg \"\n            tabindex=\"0\"\n        data-sliderId =\"7553\"\n        data-bs-slide-to=\"1\"\n        data-title=\"\" role=\"group\"\n          data-bs-toggle=\"modal\" data-bs-target=\"#exampleModal7553\"\n          aria-label=\"2 \/ 10\"\n          style=\"background: linear-gradient(rgba(211, 211, 211), rgba(211, 211, 211))\">\n\n          <img decoding=\"async\" src=\"https:\/\/plsk.eu\/wp-content\/uploads\/2026\/03\/Projekt-360-2-47-scaled.jpg\" class=\"gal_bg_img\" style=\"\n    width: 100% !important;\">\n\n          <img decoding=\"async\" src=\"https:\/\/plsk.eu\/wp-content\/uploads\/2026\/03\/Projekt-360-2-47-scaled.jpg\" alt=\"Grupa kilkudziesi\u0119ciu kobiet i m\u0119\u017cczyzn w mundurach policyjnych pozuje do zdj\u0119cia na tle budynku. Obok nich samochody policyjne z w\u0142\u0105czonymi syrenami Skupina nieko\u013ek\u00fdch desiatok \u017eien a mu\u017eov v policajn\u00fdch uniform\u00e1ch p\u00f3zuje na fotografii pred budovou. Ved\u013ea nich stoja policajn\u00e9 aut\u00e1 so zapnut\u00fdmi sir\u00e9nami.\" class=\"gal_main_img\" style=\"\">\n        <\/div>\n                \n\n        \n        <div class=\"swiper-slide excludeimg \"\n            tabindex=\"0\"\n        data-sliderId =\"7553\"\n        data-bs-slide-to=\"2\"\n        data-title=\"\" role=\"group\"\n          data-bs-toggle=\"modal\" data-bs-target=\"#exampleModal7553\"\n          aria-label=\"3 \/ 10\"\n          style=\"background: linear-gradient(rgba(211, 211, 211), rgba(211, 211, 211))\">\n\n          <img decoding=\"async\" src=\"https:\/\/plsk.eu\/wp-content\/uploads\/2026\/03\/Projekt-360-2-45-scaled.jpg\" class=\"gal_bg_img\" style=\"\n    width: 100% !important;\">\n\n          <img decoding=\"async\" src=\"https:\/\/plsk.eu\/wp-content\/uploads\/2026\/03\/Projekt-360-2-45-scaled.jpg\" alt=\"Otwarty baga\u017cnik samochodu policyjnego typu pickup na kt\u00f3rym znajduje si\u0119 specjalistyczne wyposa\u017cenie policyjne. Obok roll-up ze zdj\u0119ciami projektu i ty\u0142 drugiego podobnego samochodu Otvoren\u00e1 korba policajn\u00e9ho pickupu obsahuj\u00faca \u0161peci\u00e1lne policajn\u00e9 vybavenie. Ved\u013ea nej je rolovac\u00ed banner s fotografiami projektu a zadn\u00e1 \u010das\u0165 druh\u00e9ho podobn\u00e9ho vozidla.\" class=\"gal_main_img\" style=\"\">\n        <\/div>\n                \n\n        \n        <div class=\"swiper-slide excludeimg \"\n            tabindex=\"0\"\n        data-sliderId =\"7553\"\n        data-bs-slide-to=\"3\"\n        data-title=\"\" role=\"group\"\n          data-bs-toggle=\"modal\" data-bs-target=\"#exampleModal7553\"\n          aria-label=\"4 \/ 10\"\n          style=\"background: linear-gradient(rgba(211, 211, 211), rgba(211, 211, 211))\">\n\n          <img decoding=\"async\" src=\"https:\/\/plsk.eu\/wp-content\/uploads\/2026\/03\/Projekt-360-2-31-scaled.jpg\" class=\"gal_bg_img\" style=\"\n    width: 100% !important;\">\n\n          <img decoding=\"async\" src=\"https:\/\/plsk.eu\/wp-content\/uploads\/2026\/03\/Projekt-360-2-31-scaled.jpg\" alt=\"Dron policyjny z kamer\u0105 stoi na asfalcie. Za nim dwa samochody policyjne typu pick-up Na asfalte stoj\u00ed policajn\u00fd dron s kamerou. Za n\u00edm s\u00fa dve policajn\u00e9 dod\u00e1vky.\" class=\"gal_main_img\" style=\"\">\n        <\/div>\n                \n\n        \n        <div class=\"swiper-slide excludeimg \"\n            tabindex=\"0\"\n        data-sliderId =\"7553\"\n        data-bs-slide-to=\"4\"\n        data-title=\"\" role=\"group\"\n          data-bs-toggle=\"modal\" data-bs-target=\"#exampleModal7553\"\n          aria-label=\"5 \/ 10\"\n          style=\"background: linear-gradient(rgba(211, 211, 211), rgba(211, 211, 211))\">\n\n          <img decoding=\"async\" src=\"https:\/\/plsk.eu\/wp-content\/uploads\/2026\/03\/Projekt-360-2-17-scaled.jpg\" class=\"gal_bg_img\" style=\"\n    width: 100% !important;\">\n\n          <img decoding=\"async\" src=\"https:\/\/plsk.eu\/wp-content\/uploads\/2026\/03\/Projekt-360-2-17-scaled.jpg\" alt=\"Wn\u0119trze budynku. Na r\u00f3wno u\u0142o\u017conych sto\u0142ach stoj\u0105 dwa drony i walizki z urz\u0105dzeniami do ich obs\u0142ugi. Pod sto\u0142ami stoi 7 kolejnych walizek Vn\u00fatri budovy. Na \u00fah\u013eadne usporiadan\u00fdch stoloch s\u00fa umiestnen\u00e9 dva drony a kufre obsahuj\u00face vybavenie na ich ovl\u00e1danie. Pod stolmi stoj\u00ed \u010fal\u0161\u00edch sedem kufrov.\" class=\"gal_main_img\" style=\"\">\n        <\/div>\n                \n\n        \n        <div class=\"swiper-slide excludeimg \"\n            tabindex=\"0\"\n        data-sliderId =\"7553\"\n        data-bs-slide-to=\"5\"\n        data-title=\"\" role=\"group\"\n          data-bs-toggle=\"modal\" data-bs-target=\"#exampleModal7553\"\n          aria-label=\"6 \/ 10\"\n          style=\"background: linear-gradient(rgba(211, 211, 211), rgba(211, 211, 211))\">\n\n          <img decoding=\"async\" src=\"https:\/\/plsk.eu\/wp-content\/uploads\/2026\/03\/Projekt-360-2-15-upraveny-scaled.jpg\" class=\"gal_bg_img\" style=\"\n    width: 100% !important;\">\n\n          <img decoding=\"async\" src=\"https:\/\/plsk.eu\/wp-content\/uploads\/2026\/03\/Projekt-360-2-15-upraveny-scaled.jpg\" alt=\"Kilkana\u015bcie os\u00f3b w strojach policyjnych siedzi na krzes\u0142ach wewn\u0105trz budynku i s\u0142ucha prezentacji osoby, kt\u00f3rej twarz zosta\u0142a zamazana. R\u00f3wnie\u017c prezentacja zosta\u0142a zamazana z uwagi na wra\u017cliwo\u015b\u0107 danych Vn\u00fatri budovy. Na \u00fah\u013eadne usporiadan\u00fdch stoloch stoj\u00ed asi dvan\u00e1s\u0165 \u013eud\u00ed v policajn\u00fdch uniform\u00e1ch, ktor\u00ed sedia na stoli\u010dk\u00e1ch vo vn\u00fatri budovy a po\u010d\u00favaj\u00fa prezent\u00e1ciu osoby, ktorej tv\u00e1r je rozmazan\u00e1. Prezent\u00e1cia je tie\u017e rozmazan\u00e1 z d\u00f4vodu citlivosti \u00fadajov.\" class=\"gal_main_img\" style=\"\">\n        <\/div>\n                \n\n        \n        <div class=\"swiper-slide excludeimg \"\n            tabindex=\"0\"\n        data-sliderId =\"7553\"\n        data-bs-slide-to=\"6\"\n        data-title=\"\" role=\"group\"\n          data-bs-toggle=\"modal\" data-bs-target=\"#exampleModal7553\"\n          aria-label=\"7 \/ 10\"\n          style=\"background: linear-gradient(rgba(211, 211, 211), rgba(211, 211, 211))\">\n\n          <img decoding=\"async\" src=\"https:\/\/plsk.eu\/wp-content\/uploads\/2026\/03\/IMG-20250303-WA0002.jpg\" class=\"gal_bg_img\" style=\"\n    width: 100% !important;\">\n\n          <img decoding=\"async\" src=\"https:\/\/plsk.eu\/wp-content\/uploads\/2026\/03\/IMG-20250303-WA0002.jpg\" alt=\"Osoba w mundurze policyjnym stoi przed samochodem policyjnym typu pick-up. W tle brzeg jeziora, lasy i w oddali widoczne Tatry. Osoba v policajnej uniforme stoj\u00ed pred policajn\u00fdm pickupom. V pozad\u00ed je vidie\u0165 breh jazera, lesy a v dia\u013eke Tatry.\" class=\"gal_main_img\" style=\"\">\n        <\/div>\n                \n\n        \n        <div class=\"swiper-slide excludeimg \"\n            tabindex=\"0\"\n        data-sliderId =\"7553\"\n        data-bs-slide-to=\"7\"\n        data-title=\"\" role=\"group\"\n          data-bs-toggle=\"modal\" data-bs-target=\"#exampleModal7553\"\n          aria-label=\"8 \/ 10\"\n          style=\"background: linear-gradient(rgba(211, 211, 211), rgba(211, 211, 211))\">\n\n          <img decoding=\"async\" src=\"https:\/\/plsk.eu\/wp-content\/uploads\/2026\/03\/IMG_6941.jpeg\" class=\"gal_bg_img\" style=\"\n    width: 100% !important;\">\n\n          <img decoding=\"async\" src=\"https:\/\/plsk.eu\/wp-content\/uploads\/2026\/03\/IMG_6941.jpeg\" alt=\"Kilkadziesi\u0105t os\u00f3b w strojach policyjnych pozuje do zdj\u0119cia. Cze\u015b\u0107 ma zas\u0142oni\u0119te twarze. W tle wida\u0107 ci\u0119\u017car\u00f3wk\u0119 wojskow\u0105 i samochody Nieko\u013eko desiatok \u013eud\u00ed v policajn\u00fdch uniform\u00e1ch p\u00f3zuje na fotografii. Niektor\u00ed maj\u00fa zakryt\u00e9 tv\u00e1re. V pozad\u00ed je vidie\u0165 vojensk\u00fd n\u00e1kladn\u00fd automobil a aut\u00e1.\" class=\"gal_main_img\" style=\"\">\n        <\/div>\n                \n\n        \n        <div class=\"swiper-slide excludeimg \"\n            tabindex=\"0\"\n        data-sliderId =\"7553\"\n        data-bs-slide-to=\"8\"\n        data-title=\"\" role=\"group\"\n          data-bs-toggle=\"modal\" data-bs-target=\"#exampleModal7553\"\n          aria-label=\"9 \/ 10\"\n          style=\"background: linear-gradient(rgba(211, 211, 211), rgba(211, 211, 211))\">\n\n          <img decoding=\"async\" src=\"https:\/\/plsk.eu\/wp-content\/uploads\/2026\/03\/494129358_995940492708874_5931037209852419825_n.jpg\" class=\"gal_bg_img\" style=\"\n    width: 100% !important;\">\n\n          <img decoding=\"async\" src=\"https:\/\/plsk.eu\/wp-content\/uploads\/2026\/03\/494129358_995940492708874_5931037209852419825_n.jpg\" alt=\"Trzech m\u0119\u017cczyzn w strojach policyjnych pozuje do zdj\u0119cia, u\u015bmiechaj\u0105c si\u0119. W tle wida\u0107 samochody policyjne, drog\u0119 i du\u017cy spad terenu Trzech m\u0119\u017cczyzn w strojach policyjnych pozuje do zdj\u0119cia, u\u015bmiechaj\u0105c si\u0119. W tle wida\u0107 samochody policyjne, drog\u0119 i du\u017cy spad terenu\" class=\"gal_main_img\" style=\"\">\n        <\/div>\n                \n\n        \n        <div class=\"swiper-slide excludeimg \"\n            tabindex=\"0\"\n        data-sliderId =\"7553\"\n        data-bs-slide-to=\"9\"\n        data-title=\"\" role=\"group\"\n          data-bs-toggle=\"modal\" data-bs-target=\"#exampleModal7553\"\n          aria-label=\"10 \/ 10\"\n          style=\"background: linear-gradient(rgba(211, 211, 211), rgba(211, 211, 211))\">\n\n          <img decoding=\"async\" src=\"https:\/\/plsk.eu\/wp-content\/uploads\/2026\/03\/493744614_995940562708867_3252047021701171544_n.jpg\" class=\"gal_bg_img\" style=\"\n    width: 100% !important;\">\n\n          <img decoding=\"async\" src=\"https:\/\/plsk.eu\/wp-content\/uploads\/2026\/03\/493744614_995940562708867_3252047021701171544_n.jpg\" alt=\"Dwa samochody policyjne typu pick-up zaparkowane na poboczu asfaltowej drogi. W tle znaki drogowe i du\u017cy spadek terenu Dve policajn\u00e9 dod\u00e1vky zaparkovan\u00e9 na okraji asfaltovej cesty. V pozad\u00ed dopravn\u00e9 zna\u010dky a strm\u00fd svah.\" class=\"gal_main_img\" style=\"\">\n        <\/div>\n                \n\n\n      <\/div>\n\n\n      <span class=\"swiper-notification\" aria-live=\"assertive\" aria-atomic=\"true\"><\/span>\n\n    <\/div>\n\n    <div id=\"swiperGalThumb-7553\" data-galid=\"7553\"\n      class=\"swiper widget-image-gallery__thumbs swiper-initialized swiper-horizontal swiper-pointer-events swiper-free-mode swiper-backface-hidden swiper-thumbs\">\n      <div class=\"swiper-wrapper\" id=\"swiper-wrapper-7553\" aria-live=\"polite\"\n        style=\"transform: translate3d(0px, 0px, 0px);\">\n\n        \n        \n        <div class=\"swiper-slide swiper-slide-prev\" style=\"width: 139px; margin-right: 30px;\" role=\"group\">\n          <img decoding=\"async\" src=\"https:\/\/plsk.eu\/wp-content\/uploads\/2026\/03\/Projekt-360-2-57-scaled.jpg\" alt=\"Czterech m\u0119\u017cczyzn w mundurach policyjnych stoi w k\u00f3\u0142ku i rozmawia. W tle wida\u0107 samochody i innych m\u0119\u017cczyzn w mundurach \u0160tyria mu\u017ei v policajn\u00fdch uniform\u00e1ch stoja v kruhu a rozpr\u00e1vaj\u00fa sa. V pozad\u00ed s\u00fa vidie\u0165 aut\u00e1 a \u010fal\u0161\u00ed mu\u017ei v uniform\u00e1ch.\">\n        <\/div>\n        \n        \n        <div class=\"swiper-slide swiper-slide-prev\" style=\"width: 139px; margin-right: 30px;\" role=\"group\">\n          <img decoding=\"async\" src=\"https:\/\/plsk.eu\/wp-content\/uploads\/2026\/03\/Projekt-360-2-47-scaled.jpg\" alt=\"Grupa kilkudziesi\u0119ciu kobiet i m\u0119\u017cczyzn w mundurach policyjnych pozuje do zdj\u0119cia na tle budynku. Obok nich samochody policyjne z w\u0142\u0105czonymi syrenami Skupina nieko\u013ek\u00fdch desiatok \u017eien a mu\u017eov v policajn\u00fdch uniform\u00e1ch p\u00f3zuje na fotografii pred budovou. Ved\u013ea nich stoja policajn\u00e9 aut\u00e1 so zapnut\u00fdmi sir\u00e9nami.\">\n        <\/div>\n        \n        \n        <div class=\"swiper-slide swiper-slide-prev\" style=\"width: 139px; margin-right: 30px;\" role=\"group\">\n          <img decoding=\"async\" src=\"https:\/\/plsk.eu\/wp-content\/uploads\/2026\/03\/Projekt-360-2-45-scaled.jpg\" alt=\"Otwarty baga\u017cnik samochodu policyjnego typu pickup na kt\u00f3rym znajduje si\u0119 specjalistyczne wyposa\u017cenie policyjne. Obok roll-up ze zdj\u0119ciami projektu i ty\u0142 drugiego podobnego samochodu Otvoren\u00e1 korba policajn\u00e9ho pickupu obsahuj\u00faca \u0161peci\u00e1lne policajn\u00e9 vybavenie. Ved\u013ea nej je rolovac\u00ed banner s fotografiami projektu a zadn\u00e1 \u010das\u0165 druh\u00e9ho podobn\u00e9ho vozidla.\">\n        <\/div>\n        \n        \n        <div class=\"swiper-slide swiper-slide-prev\" style=\"width: 139px; margin-right: 30px;\" role=\"group\">\n          <img decoding=\"async\" src=\"https:\/\/plsk.eu\/wp-content\/uploads\/2026\/03\/Projekt-360-2-31-scaled.jpg\" alt=\"Dron policyjny z kamer\u0105 stoi na asfalcie. Za nim dwa samochody policyjne typu pick-up Na asfalte stoj\u00ed policajn\u00fd dron s kamerou. Za n\u00edm s\u00fa dve policajn\u00e9 dod\u00e1vky.\">\n        <\/div>\n        \n        \n        <div class=\"swiper-slide swiper-slide-prev\" style=\"width: 139px; margin-right: 30px;\" role=\"group\">\n          <img decoding=\"async\" src=\"https:\/\/plsk.eu\/wp-content\/uploads\/2026\/03\/Projekt-360-2-17-scaled.jpg\" alt=\"Wn\u0119trze budynku. Na r\u00f3wno u\u0142o\u017conych sto\u0142ach stoj\u0105 dwa drony i walizki z urz\u0105dzeniami do ich obs\u0142ugi. Pod sto\u0142ami stoi 7 kolejnych walizek Vn\u00fatri budovy. Na \u00fah\u013eadne usporiadan\u00fdch stoloch s\u00fa umiestnen\u00e9 dva drony a kufre obsahuj\u00face vybavenie na ich ovl\u00e1danie. Pod stolmi stoj\u00ed \u010fal\u0161\u00edch sedem kufrov.\">\n        <\/div>\n        \n        \n        <div class=\"swiper-slide swiper-slide-prev\" style=\"width: 139px; margin-right: 30px;\" role=\"group\">\n          <img decoding=\"async\" src=\"https:\/\/plsk.eu\/wp-content\/uploads\/2026\/03\/Projekt-360-2-15-upraveny-scaled.jpg\" alt=\"Kilkana\u015bcie os\u00f3b w strojach policyjnych siedzi na krzes\u0142ach wewn\u0105trz budynku i s\u0142ucha prezentacji osoby, kt\u00f3rej twarz zosta\u0142a zamazana. R\u00f3wnie\u017c prezentacja zosta\u0142a zamazana z uwagi na wra\u017cliwo\u015b\u0107 danych Vn\u00fatri budovy. Na \u00fah\u013eadne usporiadan\u00fdch stoloch stoj\u00ed asi dvan\u00e1s\u0165 \u013eud\u00ed v policajn\u00fdch uniform\u00e1ch, ktor\u00ed sedia na stoli\u010dk\u00e1ch vo vn\u00fatri budovy a po\u010d\u00favaj\u00fa prezent\u00e1ciu osoby, ktorej tv\u00e1r je rozmazan\u00e1. Prezent\u00e1cia je tie\u017e rozmazan\u00e1 z d\u00f4vodu citlivosti \u00fadajov.\">\n        <\/div>\n        \n        \n        <div class=\"swiper-slide swiper-slide-prev\" style=\"width: 139px; margin-right: 30px;\" role=\"group\">\n          <img decoding=\"async\" src=\"https:\/\/plsk.eu\/wp-content\/uploads\/2026\/03\/IMG-20250303-WA0002.jpg\" alt=\"Osoba w mundurze policyjnym stoi przed samochodem policyjnym typu pick-up. W tle brzeg jeziora, lasy i w oddali widoczne Tatry. Osoba v policajnej uniforme stoj\u00ed pred policajn\u00fdm pickupom. V pozad\u00ed je vidie\u0165 breh jazera, lesy a v dia\u013eke Tatry.\">\n        <\/div>\n        \n        \n        <div class=\"swiper-slide swiper-slide-prev\" style=\"width: 139px; margin-right: 30px;\" role=\"group\">\n          <img decoding=\"async\" src=\"https:\/\/plsk.eu\/wp-content\/uploads\/2026\/03\/IMG_6941.jpeg\" alt=\"Kilkadziesi\u0105t os\u00f3b w strojach policyjnych pozuje do zdj\u0119cia. Cze\u015b\u0107 ma zas\u0142oni\u0119te twarze. W tle wida\u0107 ci\u0119\u017car\u00f3wk\u0119 wojskow\u0105 i samochody Nieko\u013eko desiatok \u013eud\u00ed v policajn\u00fdch uniform\u00e1ch p\u00f3zuje na fotografii. Niektor\u00ed maj\u00fa zakryt\u00e9 tv\u00e1re. V pozad\u00ed je vidie\u0165 vojensk\u00fd n\u00e1kladn\u00fd automobil a aut\u00e1.\">\n        <\/div>\n        \n        \n        <div class=\"swiper-slide swiper-slide-prev\" style=\"width: 139px; margin-right: 30px;\" role=\"group\">\n          <img decoding=\"async\" src=\"https:\/\/plsk.eu\/wp-content\/uploads\/2026\/03\/494129358_995940492708874_5931037209852419825_n.jpg\" alt=\"Trzech m\u0119\u017cczyzn w strojach policyjnych pozuje do zdj\u0119cia, u\u015bmiechaj\u0105c si\u0119. W tle wida\u0107 samochody policyjne, drog\u0119 i du\u017cy spad terenu Trzech m\u0119\u017cczyzn w strojach policyjnych pozuje do zdj\u0119cia, u\u015bmiechaj\u0105c si\u0119. W tle wida\u0107 samochody policyjne, drog\u0119 i du\u017cy spad terenu\">\n        <\/div>\n        \n        \n        <div class=\"swiper-slide swiper-slide-prev\" style=\"width: 139px; margin-right: 30px;\" role=\"group\">\n          <img decoding=\"async\" src=\"https:\/\/plsk.eu\/wp-content\/uploads\/2026\/03\/493744614_995940562708867_3252047021701171544_n.jpg\" alt=\"Dwa samochody policyjne typu pick-up zaparkowane na poboczu asfaltowej drogi. W tle znaki drogowe i du\u017cy spadek terenu Dve policajn\u00e9 dod\u00e1vky zaparkovan\u00e9 na okraji asfaltovej cesty. V pozad\u00ed dopravn\u00e9 zna\u010dky a strm\u00fd svah.\">\n        <\/div>\n        \n\n      <\/div>\n      <span class=\"swiper-notification\" aria-live=\"assertive\" aria-atomic=\"true\"><\/span>\n    <\/div>\n          <!--\n    <div class=\"widget-image-gallery__caption\">\n      <p>Opis zdj\u0119cia5, fot. Jan Kowalski<\/p>\n    <\/div>-->\n\n\n    <div class=\"image-swiper-button-prev swiper-button-prev\" role=\"button\" aria-label=\"Predch\u00e1dzaj\u00faci obr\u00e1zok\"\n      aria-controls=\"swiper-wrapper-7553\" aria-disabled=\"false\">\n    <\/div>\n\n    <div class=\"image-swiper-button-next swiper-button-next swiper-button-disabled\" role=\"button\"\n      aria-label=\"\u010eal\u0161\u00ed obr\u00e1zok\" aria-controls=\"swiper-wrapper-8066\" aria-disabled=\"true\">\n    <\/div>\n\n\n\n\n  <\/div>\n\n  \n  <div class=\"modal fade gal_modal\" id=\"exampleModal7553\" tabindex=\"-1\" aria-hidden=\"true\">\n    <div class=\"modal-dialog\">\n      <div class=\"modal-content\">\n        <div class=\"modal-header\">\n          <button type=\"button\" class=\"btn-close\" data-bs-dismiss=\"modal\" aria-label=\"Zamkn\u0105\u0107\">\n          <img decoding=\"async\"\n              src=\"https:\/\/plsk.eu\/wp-content\/themes\/fundusze\/assets\/images\/close.svg\"\n              alt=Zamkn\u0105\u0107>\n          <span class=\"visually-hidden\">Zamkn\u0105\u0107<\/span>\n        <\/button>\n        <\/div>\n\n          <div class=\"row no_mobile\">\n\n            <div class=\"col-xxl-2 col-xl-2 col-lg-2 col-md-2 col-sm-2 gal_left\">\n              <button type=\"button\" data-bs-target=\"#carouselExample7553\" data-bs-slide=\"prev\"\n                aria-label=\"Predch\u00e1dzaj\u00faci obr\u00e1zok\">\n                <img decoding=\"async\" src=\"https:\/\/plsk.eu\/wp-content\/themes\/fundusze\/assets\/images\/back.svg\" alt=\"\"> <\/button>\n            <\/div>\n\n            <div class=\"col-xxl-8 col-xl-8 col-lg-8 col-md-8 col-sm-8\">\n\n              <div id=\"carouselExample7553\" class=\"carousel slide\" data-bs-interval=\"50000\"\n                data-bs-ride=\"carousel\">\n\n                <div class=\"carousel-inner\">\n\n                  \n                                    <div class=\"carousel-item  active \">\n                    <img decoding=\"async\" src=\"https:\/\/plsk.eu\/wp-content\/uploads\/2026\/03\/Projekt-360-2-57-scaled.jpg\" alt=\"Czterech m\u0119\u017cczyzn w mundurach policyjnych stoi w k\u00f3\u0142ku i rozmawia. W tle wida\u0107 samochody i innych m\u0119\u017cczyzn w mundurach \u0160tyria mu\u017ei v policajn\u00fdch uniform\u00e1ch stoja v kruhu a rozpr\u00e1vaj\u00fa sa. V pozad\u00ed s\u00fa vidie\u0165 aut\u00e1 a \u010fal\u0161\u00ed mu\u017ei v uniform\u00e1ch.\" class=\"img_all\">\n                    <div class=\"row\">\n\n                      <div class=\"col-xxl-12 col-xl-12 col-lg-12 col-md-12 col-sm-12\">\n                        <div class=\"img_caption\">\n                          <div class=\"cap_text\">\n                                                                                  <\/div>\n                          <div class=\"cap_num\">\n                            <strong> 1 z 10<\/strong>\n                          <\/div>\n\n                        <\/div>\n                      <\/div>\n\n                    <\/div>\n                  <\/div>\n                                    \n                                    <div class=\"carousel-item \">\n                    <img decoding=\"async\" src=\"https:\/\/plsk.eu\/wp-content\/uploads\/2026\/03\/Projekt-360-2-47-scaled.jpg\" alt=\"Grupa kilkudziesi\u0119ciu kobiet i m\u0119\u017cczyzn w mundurach policyjnych pozuje do zdj\u0119cia na tle budynku. Obok nich samochody policyjne z w\u0142\u0105czonymi syrenami Skupina nieko\u013ek\u00fdch desiatok \u017eien a mu\u017eov v policajn\u00fdch uniform\u00e1ch p\u00f3zuje na fotografii pred budovou. Ved\u013ea nich stoja policajn\u00e9 aut\u00e1 so zapnut\u00fdmi sir\u00e9nami.\" class=\"img_all\">\n                    <div class=\"row\">\n\n                      <div class=\"col-xxl-12 col-xl-12 col-lg-12 col-md-12 col-sm-12\">\n                        <div class=\"img_caption\">\n                          <div class=\"cap_text\">\n                                                                                  <\/div>\n                          <div class=\"cap_num\">\n                            <strong> 2 z 10<\/strong>\n                          <\/div>\n\n                        <\/div>\n                      <\/div>\n\n                    <\/div>\n                  <\/div>\n                                    \n                                    <div class=\"carousel-item \">\n                    <img decoding=\"async\" src=\"https:\/\/plsk.eu\/wp-content\/uploads\/2026\/03\/Projekt-360-2-45-scaled.jpg\" alt=\"Otwarty baga\u017cnik samochodu policyjnego typu pickup na kt\u00f3rym znajduje si\u0119 specjalistyczne wyposa\u017cenie policyjne. Obok roll-up ze zdj\u0119ciami projektu i ty\u0142 drugiego podobnego samochodu Otvoren\u00e1 korba policajn\u00e9ho pickupu obsahuj\u00faca \u0161peci\u00e1lne policajn\u00e9 vybavenie. Ved\u013ea nej je rolovac\u00ed banner s fotografiami projektu a zadn\u00e1 \u010das\u0165 druh\u00e9ho podobn\u00e9ho vozidla.\" class=\"img_all\">\n                    <div class=\"row\">\n\n                      <div class=\"col-xxl-12 col-xl-12 col-lg-12 col-md-12 col-sm-12\">\n                        <div class=\"img_caption\">\n                          <div class=\"cap_text\">\n                                                                                  <\/div>\n                          <div class=\"cap_num\">\n                            <strong> 3 z 10<\/strong>\n                          <\/div>\n\n                        <\/div>\n                      <\/div>\n\n                    <\/div>\n                  <\/div>\n                                    \n                                    <div class=\"carousel-item \">\n                    <img decoding=\"async\" src=\"https:\/\/plsk.eu\/wp-content\/uploads\/2026\/03\/Projekt-360-2-31-scaled.jpg\" alt=\"Dron policyjny z kamer\u0105 stoi na asfalcie. Za nim dwa samochody policyjne typu pick-up Na asfalte stoj\u00ed policajn\u00fd dron s kamerou. Za n\u00edm s\u00fa dve policajn\u00e9 dod\u00e1vky.\" class=\"img_all\">\n                    <div class=\"row\">\n\n                      <div class=\"col-xxl-12 col-xl-12 col-lg-12 col-md-12 col-sm-12\">\n                        <div class=\"img_caption\">\n                          <div class=\"cap_text\">\n                                                                                  <\/div>\n                          <div class=\"cap_num\">\n                            <strong> 4 z 10<\/strong>\n                          <\/div>\n\n                        <\/div>\n                      <\/div>\n\n                    <\/div>\n                  <\/div>\n                                    \n                                    <div class=\"carousel-item \">\n                    <img decoding=\"async\" src=\"https:\/\/plsk.eu\/wp-content\/uploads\/2026\/03\/Projekt-360-2-17-scaled.jpg\" alt=\"Wn\u0119trze budynku. Na r\u00f3wno u\u0142o\u017conych sto\u0142ach stoj\u0105 dwa drony i walizki z urz\u0105dzeniami do ich obs\u0142ugi. Pod sto\u0142ami stoi 7 kolejnych walizek Vn\u00fatri budovy. Na \u00fah\u013eadne usporiadan\u00fdch stoloch s\u00fa umiestnen\u00e9 dva drony a kufre obsahuj\u00face vybavenie na ich ovl\u00e1danie. Pod stolmi stoj\u00ed \u010fal\u0161\u00edch sedem kufrov.\" class=\"img_all\">\n                    <div class=\"row\">\n\n                      <div class=\"col-xxl-12 col-xl-12 col-lg-12 col-md-12 col-sm-12\">\n                        <div class=\"img_caption\">\n                          <div class=\"cap_text\">\n                                                                                  <\/div>\n                          <div class=\"cap_num\">\n                            <strong> 5 z 10<\/strong>\n                          <\/div>\n\n                        <\/div>\n                      <\/div>\n\n                    <\/div>\n                  <\/div>\n                                    \n                                    <div class=\"carousel-item \">\n                    <img decoding=\"async\" src=\"https:\/\/plsk.eu\/wp-content\/uploads\/2026\/03\/Projekt-360-2-15-upraveny-scaled.jpg\" alt=\"Kilkana\u015bcie os\u00f3b w strojach policyjnych siedzi na krzes\u0142ach wewn\u0105trz budynku i s\u0142ucha prezentacji osoby, kt\u00f3rej twarz zosta\u0142a zamazana. R\u00f3wnie\u017c prezentacja zosta\u0142a zamazana z uwagi na wra\u017cliwo\u015b\u0107 danych Vn\u00fatri budovy. Na \u00fah\u013eadne usporiadan\u00fdch stoloch stoj\u00ed asi dvan\u00e1s\u0165 \u013eud\u00ed v policajn\u00fdch uniform\u00e1ch, ktor\u00ed sedia na stoli\u010dk\u00e1ch vo vn\u00fatri budovy a po\u010d\u00favaj\u00fa prezent\u00e1ciu osoby, ktorej tv\u00e1r je rozmazan\u00e1. Prezent\u00e1cia je tie\u017e rozmazan\u00e1 z d\u00f4vodu citlivosti \u00fadajov.\" class=\"img_all\">\n                    <div class=\"row\">\n\n                      <div class=\"col-xxl-12 col-xl-12 col-lg-12 col-md-12 col-sm-12\">\n                        <div class=\"img_caption\">\n                          <div class=\"cap_text\">\n                                                                                  <\/div>\n                          <div class=\"cap_num\">\n                            <strong> 6 z 10<\/strong>\n                          <\/div>\n\n                        <\/div>\n                      <\/div>\n\n                    <\/div>\n                  <\/div>\n                                    \n                                    <div class=\"carousel-item \">\n                    <img decoding=\"async\" src=\"https:\/\/plsk.eu\/wp-content\/uploads\/2026\/03\/IMG-20250303-WA0002.jpg\" alt=\"Osoba w mundurze policyjnym stoi przed samochodem policyjnym typu pick-up. W tle brzeg jeziora, lasy i w oddali widoczne Tatry. Osoba v policajnej uniforme stoj\u00ed pred policajn\u00fdm pickupom. V pozad\u00ed je vidie\u0165 breh jazera, lesy a v dia\u013eke Tatry.\" class=\"img_all\">\n                    <div class=\"row\">\n\n                      <div class=\"col-xxl-12 col-xl-12 col-lg-12 col-md-12 col-sm-12\">\n                        <div class=\"img_caption\">\n                          <div class=\"cap_text\">\n                                                                                  <\/div>\n                          <div class=\"cap_num\">\n                            <strong> 7 z 10<\/strong>\n                          <\/div>\n\n                        <\/div>\n                      <\/div>\n\n                    <\/div>\n                  <\/div>\n                                    \n                                    <div class=\"carousel-item \">\n                    <img decoding=\"async\" src=\"https:\/\/plsk.eu\/wp-content\/uploads\/2026\/03\/IMG_6941.jpeg\" alt=\"Kilkadziesi\u0105t os\u00f3b w strojach policyjnych pozuje do zdj\u0119cia. Cze\u015b\u0107 ma zas\u0142oni\u0119te twarze. W tle wida\u0107 ci\u0119\u017car\u00f3wk\u0119 wojskow\u0105 i samochody Nieko\u013eko desiatok \u013eud\u00ed v policajn\u00fdch uniform\u00e1ch p\u00f3zuje na fotografii. Niektor\u00ed maj\u00fa zakryt\u00e9 tv\u00e1re. V pozad\u00ed je vidie\u0165 vojensk\u00fd n\u00e1kladn\u00fd automobil a aut\u00e1.\" class=\"img_all\">\n                    <div class=\"row\">\n\n                      <div class=\"col-xxl-12 col-xl-12 col-lg-12 col-md-12 col-sm-12\">\n                        <div class=\"img_caption\">\n                          <div class=\"cap_text\">\n                                                                                  <\/div>\n                          <div class=\"cap_num\">\n                            <strong> 8 z 10<\/strong>\n                          <\/div>\n\n                        <\/div>\n                      <\/div>\n\n                    <\/div>\n                  <\/div>\n                                    \n                                    <div class=\"carousel-item \">\n                    <img decoding=\"async\" src=\"https:\/\/plsk.eu\/wp-content\/uploads\/2026\/03\/494129358_995940492708874_5931037209852419825_n.jpg\" alt=\"Trzech m\u0119\u017cczyzn w strojach policyjnych pozuje do zdj\u0119cia, u\u015bmiechaj\u0105c si\u0119. W tle wida\u0107 samochody policyjne, drog\u0119 i du\u017cy spad terenu Trzech m\u0119\u017cczyzn w strojach policyjnych pozuje do zdj\u0119cia, u\u015bmiechaj\u0105c si\u0119. W tle wida\u0107 samochody policyjne, drog\u0119 i du\u017cy spad terenu\" class=\"img_all\">\n                    <div class=\"row\">\n\n                      <div class=\"col-xxl-12 col-xl-12 col-lg-12 col-md-12 col-sm-12\">\n                        <div class=\"img_caption\">\n                          <div class=\"cap_text\">\n                                                                                  <\/div>\n                          <div class=\"cap_num\">\n                            <strong> 9 z 10<\/strong>\n                          <\/div>\n\n                        <\/div>\n                      <\/div>\n\n                    <\/div>\n                  <\/div>\n                                    \n                                    <div class=\"carousel-item \">\n                    <img decoding=\"async\" src=\"https:\/\/plsk.eu\/wp-content\/uploads\/2026\/03\/493744614_995940562708867_3252047021701171544_n.jpg\" alt=\"Dwa samochody policyjne typu pick-up zaparkowane na poboczu asfaltowej drogi. W tle znaki drogowe i du\u017cy spadek terenu Dve policajn\u00e9 dod\u00e1vky zaparkovan\u00e9 na okraji asfaltovej cesty. V pozad\u00ed dopravn\u00e9 zna\u010dky a strm\u00fd svah.\" class=\"img_all\">\n                    <div class=\"row\">\n\n                      <div class=\"col-xxl-12 col-xl-12 col-lg-12 col-md-12 col-sm-12\">\n                        <div class=\"img_caption\">\n                          <div class=\"cap_text\">\n                                                                                  <\/div>\n                          <div class=\"cap_num\">\n                            <strong> 10 z 10<\/strong>\n                          <\/div>\n\n                        <\/div>\n                      <\/div>\n\n                    <\/div>\n                  <\/div>\n                                    \n                <\/div>\n\n              <\/div>\n\n            <\/div>\n            <div class=\"col-xxl-2 col-xl-2 col-lg-2 col-md-2 col-sm-2 gal_right\">\n              <button type=\"button\" data-bs-target=\"#carouselExample7553\" data-bs-slide=\"next\"\n                aria-label=\"\u010eal\u0161\u00ed obr\u00e1zok\"> <img decoding=\"async\"\n                  src=\"https:\/\/plsk.eu\/wp-content\/themes\/fundusze\/assets\/images\/next.svg\" alt=\"\"><\/button>\n            <\/div>\n\n          <\/div>\n\n\n          <div class=\"row no_desk\">\n\n            <div class=\"col-xxl-8 col-xl-8 col-lg-8 col-md-8 col-sm-8\">\n\n              <div id=\"carouselExample7553mob7553\" class=\"carousel slide\" data-bs-interval=\"50000\"\n                data-bs-ride=\"carousel\">\n\n                <div class=\"carousel-inner\">\n\n                  \n                                    <div class=\"carousel-item  active \">\n                    <img decoding=\"async\" src=\"https:\/\/plsk.eu\/wp-content\/uploads\/2026\/03\/Projekt-360-2-57-scaled.jpg\" alt=\"Czterech m\u0119\u017cczyzn w mundurach policyjnych stoi w k\u00f3\u0142ku i rozmawia. W tle wida\u0107 samochody i innych m\u0119\u017cczyzn w mundurach \u0160tyria mu\u017ei v policajn\u00fdch uniform\u00e1ch stoja v kruhu a rozpr\u00e1vaj\u00fa sa. V pozad\u00ed s\u00fa vidie\u0165 aut\u00e1 a \u010fal\u0161\u00ed mu\u017ei v uniform\u00e1ch.\" class=\"img_all\">\n                    <div class=\"row\">\n\n                      <div class=\"col-xxl-12 col-xl-12 col-lg-12 col-md-12 col-sm-12\">\n                        <div class=\"img_caption\">\n                          <div class=\"cap_text\">\n                            \n                                                      <\/div>\n                          <div class=\"cap_num\">\n                            <strong> 1 z 10<\/strong>\n                          <\/div>\n\n                        <\/div>\n                      <\/div>\n\n                    <\/div>\n                  <\/div>\n                  \n                                    <div class=\"carousel-item \">\n                    <img decoding=\"async\" src=\"https:\/\/plsk.eu\/wp-content\/uploads\/2026\/03\/Projekt-360-2-47-scaled.jpg\" alt=\"Grupa kilkudziesi\u0119ciu kobiet i m\u0119\u017cczyzn w mundurach policyjnych pozuje do zdj\u0119cia na tle budynku. Obok nich samochody policyjne z w\u0142\u0105czonymi syrenami Skupina nieko\u013ek\u00fdch desiatok \u017eien a mu\u017eov v policajn\u00fdch uniform\u00e1ch p\u00f3zuje na fotografii pred budovou. Ved\u013ea nich stoja policajn\u00e9 aut\u00e1 so zapnut\u00fdmi sir\u00e9nami.\" class=\"img_all\">\n                    <div class=\"row\">\n\n                      <div class=\"col-xxl-12 col-xl-12 col-lg-12 col-md-12 col-sm-12\">\n                        <div class=\"img_caption\">\n                          <div class=\"cap_text\">\n                            \n                                                      <\/div>\n                          <div class=\"cap_num\">\n                            <strong> 2 z 10<\/strong>\n                          <\/div>\n\n                        <\/div>\n                      <\/div>\n\n                    <\/div>\n                  <\/div>\n                  \n                                    <div class=\"carousel-item \">\n                    <img decoding=\"async\" src=\"https:\/\/plsk.eu\/wp-content\/uploads\/2026\/03\/Projekt-360-2-45-scaled.jpg\" alt=\"Otwarty baga\u017cnik samochodu policyjnego typu pickup na kt\u00f3rym znajduje si\u0119 specjalistyczne wyposa\u017cenie policyjne. Obok roll-up ze zdj\u0119ciami projektu i ty\u0142 drugiego podobnego samochodu Otvoren\u00e1 korba policajn\u00e9ho pickupu obsahuj\u00faca \u0161peci\u00e1lne policajn\u00e9 vybavenie. Ved\u013ea nej je rolovac\u00ed banner s fotografiami projektu a zadn\u00e1 \u010das\u0165 druh\u00e9ho podobn\u00e9ho vozidla.\" class=\"img_all\">\n                    <div class=\"row\">\n\n                      <div class=\"col-xxl-12 col-xl-12 col-lg-12 col-md-12 col-sm-12\">\n                        <div class=\"img_caption\">\n                          <div class=\"cap_text\">\n                            \n                                                      <\/div>\n                          <div class=\"cap_num\">\n                            <strong> 3 z 10<\/strong>\n                          <\/div>\n\n                        <\/div>\n                      <\/div>\n\n                    <\/div>\n                  <\/div>\n                  \n                                    <div class=\"carousel-item \">\n                    <img decoding=\"async\" src=\"https:\/\/plsk.eu\/wp-content\/uploads\/2026\/03\/Projekt-360-2-31-scaled.jpg\" alt=\"Dron policyjny z kamer\u0105 stoi na asfalcie. Za nim dwa samochody policyjne typu pick-up Na asfalte stoj\u00ed policajn\u00fd dron s kamerou. Za n\u00edm s\u00fa dve policajn\u00e9 dod\u00e1vky.\" class=\"img_all\">\n                    <div class=\"row\">\n\n                      <div class=\"col-xxl-12 col-xl-12 col-lg-12 col-md-12 col-sm-12\">\n                        <div class=\"img_caption\">\n                          <div class=\"cap_text\">\n                            \n                                                      <\/div>\n                          <div class=\"cap_num\">\n                            <strong> 4 z 10<\/strong>\n                          <\/div>\n\n                        <\/div>\n                      <\/div>\n\n                    <\/div>\n                  <\/div>\n                  \n                                    <div class=\"carousel-item \">\n                    <img decoding=\"async\" src=\"https:\/\/plsk.eu\/wp-content\/uploads\/2026\/03\/Projekt-360-2-17-scaled.jpg\" alt=\"Wn\u0119trze budynku. Na r\u00f3wno u\u0142o\u017conych sto\u0142ach stoj\u0105 dwa drony i walizki z urz\u0105dzeniami do ich obs\u0142ugi. Pod sto\u0142ami stoi 7 kolejnych walizek Vn\u00fatri budovy. Na \u00fah\u013eadne usporiadan\u00fdch stoloch s\u00fa umiestnen\u00e9 dva drony a kufre obsahuj\u00face vybavenie na ich ovl\u00e1danie. Pod stolmi stoj\u00ed \u010fal\u0161\u00edch sedem kufrov.\" class=\"img_all\">\n                    <div class=\"row\">\n\n                      <div class=\"col-xxl-12 col-xl-12 col-lg-12 col-md-12 col-sm-12\">\n                        <div class=\"img_caption\">\n                          <div class=\"cap_text\">\n                            \n                                                      <\/div>\n                          <div class=\"cap_num\">\n                            <strong> 5 z 10<\/strong>\n                          <\/div>\n\n                        <\/div>\n                      <\/div>\n\n                    <\/div>\n                  <\/div>\n                  \n                                    <div class=\"carousel-item \">\n                    <img decoding=\"async\" src=\"https:\/\/plsk.eu\/wp-content\/uploads\/2026\/03\/Projekt-360-2-15-upraveny-scaled.jpg\" alt=\"Kilkana\u015bcie os\u00f3b w strojach policyjnych siedzi na krzes\u0142ach wewn\u0105trz budynku i s\u0142ucha prezentacji osoby, kt\u00f3rej twarz zosta\u0142a zamazana. R\u00f3wnie\u017c prezentacja zosta\u0142a zamazana z uwagi na wra\u017cliwo\u015b\u0107 danych Vn\u00fatri budovy. Na \u00fah\u013eadne usporiadan\u00fdch stoloch stoj\u00ed asi dvan\u00e1s\u0165 \u013eud\u00ed v policajn\u00fdch uniform\u00e1ch, ktor\u00ed sedia na stoli\u010dk\u00e1ch vo vn\u00fatri budovy a po\u010d\u00favaj\u00fa prezent\u00e1ciu osoby, ktorej tv\u00e1r je rozmazan\u00e1. Prezent\u00e1cia je tie\u017e rozmazan\u00e1 z d\u00f4vodu citlivosti \u00fadajov.\" class=\"img_all\">\n                    <div class=\"row\">\n\n                      <div class=\"col-xxl-12 col-xl-12 col-lg-12 col-md-12 col-sm-12\">\n                        <div class=\"img_caption\">\n                          <div class=\"cap_text\">\n                            \n                                                      <\/div>\n                          <div class=\"cap_num\">\n                            <strong> 6 z 10<\/strong>\n                          <\/div>\n\n                        <\/div>\n                      <\/div>\n\n                    <\/div>\n                  <\/div>\n                  \n                                    <div class=\"carousel-item \">\n                    <img decoding=\"async\" src=\"https:\/\/plsk.eu\/wp-content\/uploads\/2026\/03\/IMG-20250303-WA0002.jpg\" alt=\"Osoba w mundurze policyjnym stoi przed samochodem policyjnym typu pick-up. W tle brzeg jeziora, lasy i w oddali widoczne Tatry. Osoba v policajnej uniforme stoj\u00ed pred policajn\u00fdm pickupom. V pozad\u00ed je vidie\u0165 breh jazera, lesy a v dia\u013eke Tatry.\" class=\"img_all\">\n                    <div class=\"row\">\n\n                      <div class=\"col-xxl-12 col-xl-12 col-lg-12 col-md-12 col-sm-12\">\n                        <div class=\"img_caption\">\n                          <div class=\"cap_text\">\n                            \n                                                      <\/div>\n                          <div class=\"cap_num\">\n                            <strong> 7 z 10<\/strong>\n                          <\/div>\n\n                        <\/div>\n                      <\/div>\n\n                    <\/div>\n                  <\/div>\n                  \n                                    <div class=\"carousel-item \">\n                    <img decoding=\"async\" src=\"https:\/\/plsk.eu\/wp-content\/uploads\/2026\/03\/IMG_6941.jpeg\" alt=\"Kilkadziesi\u0105t os\u00f3b w strojach policyjnych pozuje do zdj\u0119cia. Cze\u015b\u0107 ma zas\u0142oni\u0119te twarze. W tle wida\u0107 ci\u0119\u017car\u00f3wk\u0119 wojskow\u0105 i samochody Nieko\u013eko desiatok \u013eud\u00ed v policajn\u00fdch uniform\u00e1ch p\u00f3zuje na fotografii. Niektor\u00ed maj\u00fa zakryt\u00e9 tv\u00e1re. V pozad\u00ed je vidie\u0165 vojensk\u00fd n\u00e1kladn\u00fd automobil a aut\u00e1.\" class=\"img_all\">\n                    <div class=\"row\">\n\n                      <div class=\"col-xxl-12 col-xl-12 col-lg-12 col-md-12 col-sm-12\">\n                        <div class=\"img_caption\">\n                          <div class=\"cap_text\">\n                            \n                                                      <\/div>\n                          <div class=\"cap_num\">\n                            <strong> 8 z 10<\/strong>\n                          <\/div>\n\n                        <\/div>\n                      <\/div>\n\n                    <\/div>\n                  <\/div>\n                  \n                                    <div class=\"carousel-item \">\n                    <img decoding=\"async\" src=\"https:\/\/plsk.eu\/wp-content\/uploads\/2026\/03\/494129358_995940492708874_5931037209852419825_n.jpg\" alt=\"Trzech m\u0119\u017cczyzn w strojach policyjnych pozuje do zdj\u0119cia, u\u015bmiechaj\u0105c si\u0119. W tle wida\u0107 samochody policyjne, drog\u0119 i du\u017cy spad terenu Trzech m\u0119\u017cczyzn w strojach policyjnych pozuje do zdj\u0119cia, u\u015bmiechaj\u0105c si\u0119. W tle wida\u0107 samochody policyjne, drog\u0119 i du\u017cy spad terenu\" class=\"img_all\">\n                    <div class=\"row\">\n\n                      <div class=\"col-xxl-12 col-xl-12 col-lg-12 col-md-12 col-sm-12\">\n                        <div class=\"img_caption\">\n                          <div class=\"cap_text\">\n                            \n                                                      <\/div>\n                          <div class=\"cap_num\">\n                            <strong> 9 z 10<\/strong>\n                          <\/div>\n\n                        <\/div>\n                      <\/div>\n\n                    <\/div>\n                  <\/div>\n                  \n                                    <div class=\"carousel-item \">\n                    <img decoding=\"async\" src=\"https:\/\/plsk.eu\/wp-content\/uploads\/2026\/03\/493744614_995940562708867_3252047021701171544_n.jpg\" alt=\"Dwa samochody policyjne typu pick-up zaparkowane na poboczu asfaltowej drogi. W tle znaki drogowe i du\u017cy spadek terenu Dve policajn\u00e9 dod\u00e1vky zaparkovan\u00e9 na okraji asfaltovej cesty. V pozad\u00ed dopravn\u00e9 zna\u010dky a strm\u00fd svah.\" class=\"img_all\">\n                    <div class=\"row\">\n\n                      <div class=\"col-xxl-12 col-xl-12 col-lg-12 col-md-12 col-sm-12\">\n                        <div class=\"img_caption\">\n                          <div class=\"cap_text\">\n                            \n                                                      <\/div>\n                          <div class=\"cap_num\">\n                            <strong> 10 z 10<\/strong>\n                          <\/div>\n\n                        <\/div>\n                      <\/div>\n\n                    <\/div>\n                  <\/div>\n                                  <\/div>\n              <\/div>\n\n            <\/div>\n            <div class=\"col-xxl-2 col-xl-2 col-lg-2 col-md-2 col-sm-12 gal_arrow mb-30px\">\n              <img decoding=\"async\" src=\"https:\/\/plsk.eu\/wp-content\/themes\/fundusze\/assets\/images\/back.svg\"\n                data-bs-target=\"#carouselExample7553mob7553\" data-bs-slide=\"prev\" alt=\"\"> <img decoding=\"async\"\n                src=\"https:\/\/plsk.eu\/wp-content\/themes\/fundusze\/assets\/images\/next.svg\"\n                data-bs-target=\"#carouselExample7553mob7553\" data-bs-slide=\"next\" alt=\"\">\n            <\/div>\n\n          <\/div>\n      <\/div>\n    <\/div>\n  <\/div>\n\n  ","protected":false},"excerpt":{"rendered":"<p>Za\u010d\u00edname s\u00e9riu rozhovorov, v ktor\u00fdch uk\u00e1\u017eeme, ako sa po\u013esko-slovensk\u00e9 pohrani\u010die st\u00e1va bezpe\u010dnej\u0161\u00edm, odolnej\u0161\u00edm vo\u010di pr\u00edrodn\u00fdm katastrof\u00e1m a lep\u0161ie prisp\u00f4soben\u00fdm zmene kl\u00edmy. V roku 2026 predstav\u00edme v\u00fdsledky desiatok cezhrani\u010dn\u00fdch projektov realizovan\u00fdch v\u010faka podpore z Eur\u00f3pskych fondov v r\u00e1mci Programu Interreg Po\u013esko \u2013 Slovensko 2021 \u2013 2027. Z rozhovorov sa dozviete okrem in\u00e9ho aj to, ak\u00fd vplyv [&hellip;]<\/p>\n","protected":false},"author":22,"featured_media":43232,"comment_status":"closed","ping_status":"open","sticky":false,"template":"","format":"standard","meta":{"_acf_changed":false,"inline_featured_image":false,"_themeisle_gutenberg_block_has_review":false,"footnotes":"","_links_to":"","_links_to_target":""},"categories":[1839,1909],"tags":[],"class_list":["post-43207","post","type-post","status-publish","format-standard","has-post-thumbnail","hentry","category-bez-kategorii","category-strona-glowna-sk"],"acf":[],"_links":{"self":[{"href":"https:\/\/plsk.eu\/sk\/wp-json\/wp\/v2\/posts\/43207","targetHints":{"allow":["GET"]}}],"collection":[{"href":"https:\/\/plsk.eu\/sk\/wp-json\/wp\/v2\/posts"}],"about":[{"href":"https:\/\/plsk.eu\/sk\/wp-json\/wp\/v2\/types\/post"}],"author":[{"embeddable":true,"href":"https:\/\/plsk.eu\/sk\/wp-json\/wp\/v2\/users\/22"}],"replies":[{"embeddable":true,"href":"https:\/\/plsk.eu\/sk\/wp-json\/wp\/v2\/comments?post=43207"}],"version-history":[{"count":5,"href":"https:\/\/plsk.eu\/sk\/wp-json\/wp\/v2\/posts\/43207\/revisions"}],"predecessor-version":[{"id":43237,"href":"https:\/\/plsk.eu\/sk\/wp-json\/wp\/v2\/posts\/43207\/revisions\/43237"}],"wp:featuredmedia":[{"embeddable":true,"href":"https:\/\/plsk.eu\/sk\/wp-json\/wp\/v2\/media\/43232"}],"wp:attachment":[{"href":"https:\/\/plsk.eu\/sk\/wp-json\/wp\/v2\/media?parent=43207"}],"wp:term":[{"taxonomy":"category","embeddable":true,"href":"https:\/\/plsk.eu\/sk\/wp-json\/wp\/v2\/categories?post=43207"},{"taxonomy":"post_tag","embeddable":true,"href":"https:\/\/plsk.eu\/sk\/wp-json\/wp\/v2\/tags?post=43207"}],"curies":[{"name":"wp","href":"https:\/\/api.w.org\/{rel}","templated":true}]}}