{"id":43283,"date":"2026-03-16T10:19:34","date_gmt":"2026-03-16T09:19:34","guid":{"rendered":"https:\/\/plsk.eu\/?p=43283"},"modified":"2026-03-16T10:22:59","modified_gmt":"2026-03-16T09:22:59","slug":"ako-postupovat-v-situaciach-vyskytu-zivelnych-pohrom","status":"publish","type":"post","link":"https:\/\/plsk.eu\/sk\/ako-postupovat-v-situaciach-vyskytu-zivelnych-pohrom\/","title":{"rendered":"Ako postupova\u0165 v situ\u00e1ci\u00e1ch v\u00fdskytu \u017eiveln\u00fdch pohr\u00f4m?"},"content":{"rendered":"\n<p>V s\u00favislosti s realiz\u00e1ciou projektu \u201eBezpe\u010dn\u00e9 pohrani\u010die \u2013 cezhrani\u010dn\u00e1 spolupr\u00e1ca obc\u00ed patriacich do Zdru\u017eenia obc\u00ed povodia Wis\u0142oky a Pre\u0161ovsk\u00e9ho samospr\u00e1vneho kraja\u201c, Zdru\u017eenie obc\u00ed povodia Wis\u0142oky zorganizovalo stretnutia t\u00fdkaj\u00face sa z\u00e1sad postupu v pr\u00edpade v\u00fdskytu \u017eiveln\u00fdch pohr\u00f4m. V d\u0148och 02.03.2026 \u2013 11.03.2026 sa uskuto\u010dnil cyklus prezen\u010dn\u00fdch workshopov a v d\u0148och 05.03.2026 a 13.03.2026 online \u0161kolenia pre \u017eiakov I. \u2013 III. a IV. \u2013 VIII. ro\u010dn\u00edka.<\/p>\n\n\n\n<p>Tematika vzdel\u00e1vac\u00edch aktiv\u00edt zah\u0155\u0148ala najm\u00e4 v\u0161eobecn\u00e9 z\u00e1sady postupu v situ\u00e1cii ohrozenia, vr\u00e1tane: pr\u00edrodn\u00fdch a technick\u00fdch katastrof, sanit\u00e1rno-epidemiologick\u00fdch hrozieb, terorizmu, ostatn\u00fdch hrozieb (nevybuchnut\u00e1 mun\u00edcia, kr\u00e1de\u017ee a vl\u00e1manie), vybavenia pre pr\u00edpad ohrozenia a rodinn\u00e9ho ak\u010dn\u00e9ho pl\u00e1nu pre \u010das \u017eiveln\u00fdch pohr\u00f4m. Aktiv\u00edt sa z\u00fa\u010dastnilo nieko\u013eko tis\u00edc obyvate\u013eov po\u013esko-slovensk\u00e9ho pohrani\u010dia.<\/p>\n\n\n\n<h2 class=\"wp-block-heading\"><strong>Praktick\u00e9 vedomosti pre obyvate\u013eov<\/strong><strong><\/strong><\/h2>\n\n\n\n<p>Workshopy pre obyvate\u013eov pohrani\u010dia sa konali na \u00fazem\u00ed obc\u00ed Brzyska, Chork\u00f3wka, D\u0119bowiec, mesto Jas\u0142o, obec Jas\u0142o, Jedlicze, Ko\u0142aczyce, Krempna, Nowy \u017bmigr\u00f3d, Sko\u0142yszyn, Tarnowiec. Z\u00fa\u010dastnili sa na nich okrem in\u00e9ho zamestnanci \u00faradov a organiza\u010dn\u00fdch zlo\u017eiek obc\u00ed, poslanci a starostovia (so\u0142tysi), z\u00e1stupcovia spolkov vidieckych \u017eien (KGW), dobrovo\u013en\u00fdch hasi\u010dsk\u00fdch zborov (OSP), klubov seniorov a u\u010ditelia.<\/p>\n\n\n\n<p>Po\u010das workshopov sa \u00fa\u010dastn\u00edci obozn\u00e1mili so z\u00e1kladn\u00fdmi pravidlami spr\u00e1vania sa pred, po\u010das a po v\u00fdskyte \u017eivelnej pohromy. Osobitn\u00e1 pozornos\u0165 bola venovan\u00e1 v\u00fdznamu v\u010dasnej pr\u00edpravy \u2013 okrem in\u00e9ho z\u00e1sad\u00e1m vybavenia tzv. \u201eevakua\u010dn\u00e9ho batohu\u201c. Zd\u00f4raznen\u00e1 bola taktie\u017e nevyhnutnos\u0165 sledovania oznamov z\u00e1chrann\u00fdch zlo\u017eiek a dodr\u017eiavania ich odpor\u00fa\u010dan\u00ed. Stretnutia uk\u00e1zali, \u017ee n\u00e1le\u017eit\u00e1 pr\u00edprava a spolupr\u00e1ca m\u00f4\u017eu v\u00fdrazne obmedzi\u0165 n\u00e1sledky pohr\u00f4m.<\/p>\n\n\n\n<h2 class=\"wp-block-heading\"><strong>\u010co m\u00f4\u017eu urobi\u0165 najmlad\u0161\u00ed v kr\u00edzovej situ\u00e1cii?<\/strong><strong><\/strong><\/h2>\n\n\n\n<p>Na \u0161kolen\u00ed pre \u017eiakov I. \u2013 III. ro\u010dn\u00edka sa z\u00fa\u010dastnilo viac ako 1100 \u017eiakov z 36 z\u00e1kladn\u00fdch \u0161k\u00f4l z \u00fazemia 11 obc\u00ed Zdru\u017eenia obc\u00ed povodia Wis\u0142oky. \u0160kolenie malo praktick\u00fd charakter a \u017eiaci z\u00edskali konkr\u00e9tne vedomosti.<\/p>\n\n\n\n<p>Diskutovalo sa o z\u00e1sad\u00e1ch spr\u00e1vania sa v pr\u00edpade po\u017eiaru alebo povodne, \u017eiaci sa obozn\u00e1mili s ties\u0148ov\u00fdmi \u010d\u00edslami a pravidlami privolania pomoci, ako aj si upevnili \u201e10 z\u00e1sad mlad\u00e9ho z\u00e1chran\u00e1ra\u201c. Na z\u00e1ver \u017eiaci rie\u0161ili kv\u00edz o postupoch pri \u017eiveln\u00fdch pohrom\u00e1ch.<\/p>\n\n\n\n<h2 class=\"wp-block-heading\"><strong>Ako dba\u0165 o bezpe\u010dnos\u0165 svoju a svojich bl\u00edzkych?<\/strong><strong><\/strong><\/h2>\n\n\n\n<p>\u0160kolenia pre \u017eiakov <strong>IV. \u2013 VIII. ro\u010dn\u00edka<\/strong> sa z\u00fa\u010dastnilo takmer 1800 \u017eiakov z 38 z\u00e1kladn\u00fdch \u0161k\u00f4l. Po\u010das workshopov sa \u017eiaci dozvedeli, ako sa pripravi\u0165 na kr\u00edzov\u00e9 situ\u00e1cie, kde h\u013eada\u0165 pomoc a ako dba\u0165 o bezpe\u010dnos\u0165 vlastn\u00fa aj ostatn\u00fdch. Cie\u013eom bolo zvy\u0161ovanie povedomia a formovanie spr\u00e1vnych postojov v situ\u00e1ci\u00e1ch ohrozenia. \u00dalohou \u017eiakov bude odovzda\u0165 nadobudnut\u00e9 vedomosti ostatn\u00fdm spolu\u017eiakom v \u0161kole, napr\u00edklad prostredn\u00edctvom n\u00e1stenky.<\/p>\n\n\n\n<p>Vzdel\u00e1vacie aktivity s\u00fa k\u013e\u00fa\u010dovou s\u00fa\u010das\u0165ou pr\u00edpravy na kr\u00edzov\u00e9 situ\u00e1cie. Vzdel\u00e1vanie v tejto oblasti by malo by\u0165 nepretr\u017eit\u00fdm procesom a z\u00edskan\u00e9 vedomosti by sa mali \u0161\u00edri\u0165 \u010falej \u2013 v rodin\u00e1ch, medzi susedmi a v celej miestnej komunite.<\/p>\n\n\n\n<h2 class=\"wp-block-heading\">Ni\u017e\u0161ie n\u00e1jdete fotoreport\u00e1\u017e zo vzdel\u00e1vac\u00edch aktiv\u00edt.<\/h2>\n\n\n\n<div class=\"\">\n\n  <div class=\"widget-image-gallery galRB gal-9287\">\n\n    <div id=\"swiperGalFUll-9287\"\n      class=\"swiper widget-image-gallery__full swiper-initialized swiper-horizontal swiper-pointer-events swiper-backface-hidden\">\n\n      <div class=\"swiper-wrapper\" id=\"swiper-wrapper-9287\" aria-live=\"polite\"\n        style=\"transform: translate3d(0px, 0px, 0px);\">\n\n        \n\n        \n        <div class=\"swiper-slide excludeimg  swiper-slide-active \"\n            tabindex=\"0\"\n        data-sliderId =\"9287\"\n        data-bs-slide-to=\"0\"\n        data-title=\"\" role=\"group\"\n          data-bs-toggle=\"modal\" data-bs-target=\"#exampleModal9287\"\n          aria-label=\"1 \/ 9\"\n          style=\"background: linear-gradient(rgba(211, 211, 211), rgba(211, 211, 211))\">\n\n          <img decoding=\"async\" src=\"https:\/\/plsk.eu\/wp-content\/uploads\/2026\/03\/Szkolenia-dla-mieszkancow-scaled.jpg\" class=\"gal_bg_img\" style=\"\n    width: 100% !important;\">\n\n          <img decoding=\"async\" src=\"https:\/\/plsk.eu\/wp-content\/uploads\/2026\/03\/Szkolenia-dla-mieszkancow-scaled.jpg\" alt=\"Kobieta i m\u0119\u017cczyzna stoj\u0105 przed prezentacj\u0105 i \u015bciank\u0105 z logotypem Programu m\u00f3wi\u0105c do siedz\u0105cych os\u00f3b \u017dena a mu\u017e stoja pred prezent\u00e1ciou a stenou s logom programu a hovoria k \u013eu\u010fom, ktor\u00ed sedia\" class=\"gal_main_img\" style=\"\">\n        <\/div>\n                \n\n        \n        <div class=\"swiper-slide excludeimg \"\n            tabindex=\"0\"\n        data-sliderId =\"9287\"\n        data-bs-slide-to=\"1\"\n        data-title=\"\" role=\"group\"\n          data-bs-toggle=\"modal\" data-bs-target=\"#exampleModal9287\"\n          aria-label=\"2 \/ 9\"\n          style=\"background: linear-gradient(rgba(211, 211, 211), rgba(211, 211, 211))\">\n\n          <img decoding=\"async\" src=\"https:\/\/plsk.eu\/wp-content\/uploads\/2026\/03\/Szkolenia-dla-mieszkancow-9-scaled.jpg\" class=\"gal_bg_img\" style=\"\n    width: 100% !important;\">\n\n          <img decoding=\"async\" src=\"https:\/\/plsk.eu\/wp-content\/uploads\/2026\/03\/Szkolenia-dla-mieszkancow-9-scaled.jpg\" alt=\"Kobieta i m\u0119\u017cczyzna stoj\u0105 przed prezentacj\u0105 i \u015bciank\u0105 z logotypem Programu m\u00f3wi\u0105c do siedz\u0105cych os\u00f3b \u017dena a mu\u017e stoja pred prezent\u00e1ciou a stenou s logom programu a hovoria k \u013eu\u010fom, ktor\u00ed sedia\" class=\"gal_main_img\" style=\"\">\n        <\/div>\n                \n\n        \n        <div class=\"swiper-slide excludeimg \"\n            tabindex=\"0\"\n        data-sliderId =\"9287\"\n        data-bs-slide-to=\"2\"\n        data-title=\"\" role=\"group\"\n          data-bs-toggle=\"modal\" data-bs-target=\"#exampleModal9287\"\n          aria-label=\"3 \/ 9\"\n          style=\"background: linear-gradient(rgba(211, 211, 211), rgba(211, 211, 211))\">\n\n          <img decoding=\"async\" src=\"https:\/\/plsk.eu\/wp-content\/uploads\/2026\/03\/Szkolenia-dla-mieszkancow-8-scaled.jpg\" class=\"gal_bg_img\" style=\"\n    width: 100% !important;\">\n\n          <img decoding=\"async\" src=\"https:\/\/plsk.eu\/wp-content\/uploads\/2026\/03\/Szkolenia-dla-mieszkancow-8-scaled.jpg\" alt=\"M\u0119\u017cczyzna prezentuje zawarto\u015b\u0107 plecaka ratunkowego na tle prezentacji dla grupy os\u00f3b siedz\u0105cych na krzes\u0142ach Mu\u017e predv\u00e1dza obsah z\u00e1chran\u00e1rskeho batohu na pozad\u00ed prezent\u00e1cie pre skupinu \u013eud\u00ed sediacich na stoli\u010dk\u00e1ch\" class=\"gal_main_img\" style=\"\">\n        <\/div>\n                \n\n        \n        <div class=\"swiper-slide excludeimg \"\n            tabindex=\"0\"\n        data-sliderId =\"9287\"\n        data-bs-slide-to=\"3\"\n        data-title=\"\" role=\"group\"\n          data-bs-toggle=\"modal\" data-bs-target=\"#exampleModal9287\"\n          aria-label=\"4 \/ 9\"\n          style=\"background: linear-gradient(rgba(211, 211, 211), rgba(211, 211, 211))\">\n\n          <img decoding=\"async\" src=\"https:\/\/plsk.eu\/wp-content\/uploads\/2026\/03\/Szkolenia-dla-mieszkancow-7-scaled.jpg\" class=\"gal_bg_img\" style=\"\n    width: 100% !important;\">\n\n          <img decoding=\"async\" src=\"https:\/\/plsk.eu\/wp-content\/uploads\/2026\/03\/Szkolenia-dla-mieszkancow-7-scaled.jpg\" alt=\"Kilkadziesi\u0105t kobiet i m\u0119\u017cczyzn siedzi na krzes\u0142ach na sali konferencyjnej i s\u0142ucha prezentacji Nieko\u013eko desiatok \u017eien a mu\u017eov sed\u00ed na stoli\u010dk\u00e1ch v konferen\u010dnej miestnosti a po\u010d\u00fava prezent\u00e1ciu\" class=\"gal_main_img\" style=\"\">\n        <\/div>\n                \n\n        \n        <div class=\"swiper-slide excludeimg \"\n            tabindex=\"0\"\n        data-sliderId =\"9287\"\n        data-bs-slide-to=\"4\"\n        data-title=\"\" role=\"group\"\n          data-bs-toggle=\"modal\" data-bs-target=\"#exampleModal9287\"\n          aria-label=\"5 \/ 9\"\n          style=\"background: linear-gradient(rgba(211, 211, 211), rgba(211, 211, 211))\">\n\n          <img decoding=\"async\" src=\"https:\/\/plsk.eu\/wp-content\/uploads\/2026\/03\/Szkolenia-dla-mieszkancow-6-scaled.jpg\" class=\"gal_bg_img\" style=\"\n    width: 100% !important;\">\n\n          <img decoding=\"async\" src=\"https:\/\/plsk.eu\/wp-content\/uploads\/2026\/03\/Szkolenia-dla-mieszkancow-6-scaled.jpg\" alt=\"Kilkadziesi\u0105t os\u00f3b, w tym ubranych w mundury stra\u017cackie siedzi na krzes\u0142ach na sali konferencyjnej i s\u0142ucha prezentacji Nieko\u013eko desiatok \u013eud\u00ed, medzi nimi aj \u013eudia v hasi\u010dsk\u00fdch uniform\u00e1ch, sed\u00ed na stoli\u010dk\u00e1ch v konferen\u010dnej miestnosti a po\u010d\u00fava prezent\u00e1ciu\" class=\"gal_main_img\" style=\"\">\n        <\/div>\n                \n\n        \n        <div class=\"swiper-slide excludeimg \"\n            tabindex=\"0\"\n        data-sliderId =\"9287\"\n        data-bs-slide-to=\"5\"\n        data-title=\"\" role=\"group\"\n          data-bs-toggle=\"modal\" data-bs-target=\"#exampleModal9287\"\n          aria-label=\"6 \/ 9\"\n          style=\"background: linear-gradient(rgba(211, 211, 211), rgba(211, 211, 211))\">\n\n          <img decoding=\"async\" src=\"https:\/\/plsk.eu\/wp-content\/uploads\/2026\/03\/Szkolenia-dla-mieszkancow-5-scaled.jpg\" class=\"gal_bg_img\" style=\"\n    width: 100% !important;\">\n\n          <img decoding=\"async\" src=\"https:\/\/plsk.eu\/wp-content\/uploads\/2026\/03\/Szkolenia-dla-mieszkancow-5-scaled.jpg\" alt=\"Kilkadziesi\u0105t kobiet i m\u0119\u017cczyzn siedzi na krzes\u0142ach na sali konferencyjnej i s\u0142ucha prezentacji. Przed ekranem z prezentacj\u0105 stoi m\u0119\u017cczyzna z mikrofonem Nieko\u013eko desiatok \u017eien a mu\u017eov sed\u00ed na stoli\u010dk\u00e1ch v konferen\u010dnej miestnosti a po\u010d\u00fava prezent\u00e1ciu\" class=\"gal_main_img\" style=\"\">\n        <\/div>\n                \n\n        \n        <div class=\"swiper-slide excludeimg \"\n            tabindex=\"0\"\n        data-sliderId =\"9287\"\n        data-bs-slide-to=\"6\"\n        data-title=\"\" role=\"group\"\n          data-bs-toggle=\"modal\" data-bs-target=\"#exampleModal9287\"\n          aria-label=\"7 \/ 9\"\n          style=\"background: linear-gradient(rgba(211, 211, 211), rgba(211, 211, 211))\">\n\n          <img decoding=\"async\" src=\"https:\/\/plsk.eu\/wp-content\/uploads\/2026\/03\/Szkolenia-dla-mieszkancow-4-scaled.jpg\" class=\"gal_bg_img\" style=\"\n    width: 100% !important;\">\n\n          <img decoding=\"async\" src=\"https:\/\/plsk.eu\/wp-content\/uploads\/2026\/03\/Szkolenia-dla-mieszkancow-4-scaled.jpg\" alt=\"Kilkadziesi\u0105t kobiet i m\u0119\u017cczyzn siedzi na krzes\u0142ach na sali konferencyjnej i s\u0142ucha prezentacji Nieko\u013eko desiatok \u017eien a mu\u017eov sed\u00ed na stoli\u010dk\u00e1ch v konferen\u010dnej miestnosti a po\u010d\u00fava prezent\u00e1ciu\" class=\"gal_main_img\" style=\"\">\n        <\/div>\n                \n\n        \n        <div class=\"swiper-slide excludeimg \"\n            tabindex=\"0\"\n        data-sliderId =\"9287\"\n        data-bs-slide-to=\"7\"\n        data-title=\"\" role=\"group\"\n          data-bs-toggle=\"modal\" data-bs-target=\"#exampleModal9287\"\n          aria-label=\"8 \/ 9\"\n          style=\"background: linear-gradient(rgba(211, 211, 211), rgba(211, 211, 211))\">\n\n          <img decoding=\"async\" src=\"https:\/\/plsk.eu\/wp-content\/uploads\/2026\/03\/Szkolenia-dla-mieszkancow-3-scaled.jpg\" class=\"gal_bg_img\" style=\"\n    width: 100% !important;\">\n\n          <img decoding=\"async\" src=\"https:\/\/plsk.eu\/wp-content\/uploads\/2026\/03\/Szkolenia-dla-mieszkancow-3-scaled.jpg\" alt=\"Kilkadziesi\u0105t kobiet i m\u0119\u017cczyzn siedzi na krzes\u0142ach na sali konferencyjnej i s\u0142ucha prezentacji Nieko\u013eko desiatok \u017eien a mu\u017eov sed\u00ed na stoli\u010dk\u00e1ch v konferen\u010dnej miestnosti a po\u010d\u00fava prezent\u00e1ciu\" class=\"gal_main_img\" style=\"\">\n        <\/div>\n                \n\n        \n        <div class=\"swiper-slide excludeimg \"\n            tabindex=\"0\"\n        data-sliderId =\"9287\"\n        data-bs-slide-to=\"8\"\n        data-title=\"\" role=\"group\"\n          data-bs-toggle=\"modal\" data-bs-target=\"#exampleModal9287\"\n          aria-label=\"9 \/ 9\"\n          style=\"background: linear-gradient(rgba(211, 211, 211), rgba(211, 211, 211))\">\n\n          <img decoding=\"async\" src=\"https:\/\/plsk.eu\/wp-content\/uploads\/2026\/03\/Szkolenia-dla-mieszkancow-2-scaled.jpg\" class=\"gal_bg_img\" style=\"\n    width: 100% !important;\">\n\n          <img decoding=\"async\" src=\"https:\/\/plsk.eu\/wp-content\/uploads\/2026\/03\/Szkolenia-dla-mieszkancow-2-scaled.jpg\" alt=\"Kobieta i m\u0119\u017cczyzna stoj\u0105 przed prezentacj\u0105 i \u015bciank\u0105 z logotypem Programu m\u00f3wi\u0105c do siedz\u0105cych os\u00f3b \u017dena a mu\u017e stoja pred prezent\u00e1ciou a stenou s logom programu a hovoria k \u013eu\u010fom, ktor\u00ed sedia\" class=\"gal_main_img\" style=\"\">\n        <\/div>\n                \n\n\n      <\/div>\n\n\n      <span class=\"swiper-notification\" aria-live=\"assertive\" aria-atomic=\"true\"><\/span>\n\n    <\/div>\n\n    <div id=\"swiperGalThumb-9287\" data-galid=\"9287\"\n      class=\"swiper widget-image-gallery__thumbs swiper-initialized swiper-horizontal swiper-pointer-events swiper-free-mode swiper-backface-hidden swiper-thumbs\">\n      <div class=\"swiper-wrapper\" id=\"swiper-wrapper-9287\" aria-live=\"polite\"\n        style=\"transform: translate3d(0px, 0px, 0px);\">\n\n        \n        \n        <div class=\"swiper-slide swiper-slide-prev\" style=\"width: 139px; margin-right: 30px;\" role=\"group\">\n          <img decoding=\"async\" src=\"https:\/\/plsk.eu\/wp-content\/uploads\/2026\/03\/Szkolenia-dla-mieszkancow-scaled.jpg\" alt=\"Kobieta i m\u0119\u017cczyzna stoj\u0105 przed prezentacj\u0105 i \u015bciank\u0105 z logotypem Programu m\u00f3wi\u0105c do siedz\u0105cych os\u00f3b \u017dena a mu\u017e stoja pred prezent\u00e1ciou a stenou s logom programu a hovoria k \u013eu\u010fom, ktor\u00ed sedia\">\n        <\/div>\n        \n        \n        <div class=\"swiper-slide swiper-slide-prev\" style=\"width: 139px; margin-right: 30px;\" role=\"group\">\n          <img decoding=\"async\" src=\"https:\/\/plsk.eu\/wp-content\/uploads\/2026\/03\/Szkolenia-dla-mieszkancow-9-scaled.jpg\" alt=\"Kobieta i m\u0119\u017cczyzna stoj\u0105 przed prezentacj\u0105 i \u015bciank\u0105 z logotypem Programu m\u00f3wi\u0105c do siedz\u0105cych os\u00f3b \u017dena a mu\u017e stoja pred prezent\u00e1ciou a stenou s logom programu a hovoria k \u013eu\u010fom, ktor\u00ed sedia\">\n        <\/div>\n        \n        \n        <div class=\"swiper-slide swiper-slide-prev\" style=\"width: 139px; margin-right: 30px;\" role=\"group\">\n          <img decoding=\"async\" src=\"https:\/\/plsk.eu\/wp-content\/uploads\/2026\/03\/Szkolenia-dla-mieszkancow-8-scaled.jpg\" alt=\"M\u0119\u017cczyzna prezentuje zawarto\u015b\u0107 plecaka ratunkowego na tle prezentacji dla grupy os\u00f3b siedz\u0105cych na krzes\u0142ach Mu\u017e predv\u00e1dza obsah z\u00e1chran\u00e1rskeho batohu na pozad\u00ed prezent\u00e1cie pre skupinu \u013eud\u00ed sediacich na stoli\u010dk\u00e1ch\">\n        <\/div>\n        \n        \n        <div class=\"swiper-slide swiper-slide-prev\" style=\"width: 139px; margin-right: 30px;\" role=\"group\">\n          <img decoding=\"async\" src=\"https:\/\/plsk.eu\/wp-content\/uploads\/2026\/03\/Szkolenia-dla-mieszkancow-7-scaled.jpg\" alt=\"Kilkadziesi\u0105t kobiet i m\u0119\u017cczyzn siedzi na krzes\u0142ach na sali konferencyjnej i s\u0142ucha prezentacji Nieko\u013eko desiatok \u017eien a mu\u017eov sed\u00ed na stoli\u010dk\u00e1ch v konferen\u010dnej miestnosti a po\u010d\u00fava prezent\u00e1ciu\">\n        <\/div>\n        \n        \n        <div class=\"swiper-slide swiper-slide-prev\" style=\"width: 139px; margin-right: 30px;\" role=\"group\">\n          <img decoding=\"async\" src=\"https:\/\/plsk.eu\/wp-content\/uploads\/2026\/03\/Szkolenia-dla-mieszkancow-6-scaled.jpg\" alt=\"Kilkadziesi\u0105t os\u00f3b, w tym ubranych w mundury stra\u017cackie siedzi na krzes\u0142ach na sali konferencyjnej i s\u0142ucha prezentacji Nieko\u013eko desiatok \u013eud\u00ed, medzi nimi aj \u013eudia v hasi\u010dsk\u00fdch uniform\u00e1ch, sed\u00ed na stoli\u010dk\u00e1ch v konferen\u010dnej miestnosti a po\u010d\u00fava prezent\u00e1ciu\">\n        <\/div>\n        \n        \n        <div class=\"swiper-slide swiper-slide-prev\" style=\"width: 139px; margin-right: 30px;\" role=\"group\">\n          <img decoding=\"async\" src=\"https:\/\/plsk.eu\/wp-content\/uploads\/2026\/03\/Szkolenia-dla-mieszkancow-5-scaled.jpg\" alt=\"Kilkadziesi\u0105t kobiet i m\u0119\u017cczyzn siedzi na krzes\u0142ach na sali konferencyjnej i s\u0142ucha prezentacji. Przed ekranem z prezentacj\u0105 stoi m\u0119\u017cczyzna z mikrofonem Nieko\u013eko desiatok \u017eien a mu\u017eov sed\u00ed na stoli\u010dk\u00e1ch v konferen\u010dnej miestnosti a po\u010d\u00fava prezent\u00e1ciu\">\n        <\/div>\n        \n        \n        <div class=\"swiper-slide swiper-slide-prev\" style=\"width: 139px; margin-right: 30px;\" role=\"group\">\n          <img decoding=\"async\" src=\"https:\/\/plsk.eu\/wp-content\/uploads\/2026\/03\/Szkolenia-dla-mieszkancow-4-scaled.jpg\" alt=\"Kilkadziesi\u0105t kobiet i m\u0119\u017cczyzn siedzi na krzes\u0142ach na sali konferencyjnej i s\u0142ucha prezentacji Nieko\u013eko desiatok \u017eien a mu\u017eov sed\u00ed na stoli\u010dk\u00e1ch v konferen\u010dnej miestnosti a po\u010d\u00fava prezent\u00e1ciu\">\n        <\/div>\n        \n        \n        <div class=\"swiper-slide swiper-slide-prev\" style=\"width: 139px; margin-right: 30px;\" role=\"group\">\n          <img decoding=\"async\" src=\"https:\/\/plsk.eu\/wp-content\/uploads\/2026\/03\/Szkolenia-dla-mieszkancow-3-scaled.jpg\" alt=\"Kilkadziesi\u0105t kobiet i m\u0119\u017cczyzn siedzi na krzes\u0142ach na sali konferencyjnej i s\u0142ucha prezentacji Nieko\u013eko desiatok \u017eien a mu\u017eov sed\u00ed na stoli\u010dk\u00e1ch v konferen\u010dnej miestnosti a po\u010d\u00fava prezent\u00e1ciu\">\n        <\/div>\n        \n        \n        <div class=\"swiper-slide swiper-slide-prev\" style=\"width: 139px; margin-right: 30px;\" role=\"group\">\n          <img decoding=\"async\" src=\"https:\/\/plsk.eu\/wp-content\/uploads\/2026\/03\/Szkolenia-dla-mieszkancow-2-scaled.jpg\" alt=\"Kobieta i m\u0119\u017cczyzna stoj\u0105 przed prezentacj\u0105 i \u015bciank\u0105 z logotypem Programu m\u00f3wi\u0105c do siedz\u0105cych os\u00f3b \u017dena a mu\u017e stoja pred prezent\u00e1ciou a stenou s logom programu a hovoria k \u013eu\u010fom, ktor\u00ed sedia\">\n        <\/div>\n        \n\n      <\/div>\n      <span class=\"swiper-notification\" aria-live=\"assertive\" aria-atomic=\"true\"><\/span>\n    <\/div>\n          <!--\n    <div class=\"widget-image-gallery__caption\">\n      <p>Opis zdj\u0119cia5, fot. Jan Kowalski<\/p>\n    <\/div>-->\n\n\n    <div class=\"image-swiper-button-prev swiper-button-prev\" role=\"button\" aria-label=\"Predch\u00e1dzaj\u00faci obr\u00e1zok\"\n      aria-controls=\"swiper-wrapper-9287\" aria-disabled=\"false\">\n    <\/div>\n\n    <div class=\"image-swiper-button-next swiper-button-next swiper-button-disabled\" role=\"button\"\n      aria-label=\"\u010eal\u0161\u00ed obr\u00e1zok\" aria-controls=\"swiper-wrapper-2678\" aria-disabled=\"true\">\n    <\/div>\n\n\n\n\n  <\/div>\n\n  \n  <div class=\"modal fade gal_modal\" id=\"exampleModal9287\" tabindex=\"-1\" aria-hidden=\"true\">\n    <div class=\"modal-dialog\">\n      <div class=\"modal-content\">\n        <div class=\"modal-header\">\n          <button type=\"button\" class=\"btn-close\" data-bs-dismiss=\"modal\" aria-label=\"Zamkn\u0105\u0107\">\n          <img decoding=\"async\"\n              src=\"https:\/\/plsk.eu\/wp-content\/themes\/fundusze\/assets\/images\/close.svg\"\n              alt=Zamkn\u0105\u0107>\n          <span class=\"visually-hidden\">Zamkn\u0105\u0107<\/span>\n        <\/button>\n        <\/div>\n\n          <div class=\"row no_mobile\">\n\n            <div class=\"col-xxl-2 col-xl-2 col-lg-2 col-md-2 col-sm-2 gal_left\">\n              <button type=\"button\" data-bs-target=\"#carouselExample9287\" data-bs-slide=\"prev\"\n                aria-label=\"Predch\u00e1dzaj\u00faci obr\u00e1zok\">\n                <img decoding=\"async\" src=\"https:\/\/plsk.eu\/wp-content\/themes\/fundusze\/assets\/images\/back.svg\" alt=\"\"> <\/button>\n            <\/div>\n\n            <div class=\"col-xxl-8 col-xl-8 col-lg-8 col-md-8 col-sm-8\">\n\n              <div id=\"carouselExample9287\" class=\"carousel slide\" data-bs-interval=\"50000\"\n                data-bs-ride=\"carousel\">\n\n                <div class=\"carousel-inner\">\n\n                  \n                                    <div class=\"carousel-item  active \">\n                    <img decoding=\"async\" src=\"https:\/\/plsk.eu\/wp-content\/uploads\/2026\/03\/Szkolenia-dla-mieszkancow-scaled.jpg\" alt=\"Kobieta i m\u0119\u017cczyzna stoj\u0105 przed prezentacj\u0105 i \u015bciank\u0105 z logotypem Programu m\u00f3wi\u0105c do siedz\u0105cych os\u00f3b \u017dena a mu\u017e stoja pred prezent\u00e1ciou a stenou s logom programu a hovoria k \u013eu\u010fom, ktor\u00ed sedia\" class=\"img_all\">\n                    <div class=\"row\">\n\n                      <div class=\"col-xxl-12 col-xl-12 col-lg-12 col-md-12 col-sm-12\">\n                        <div class=\"img_caption\">\n                          <div class=\"cap_text\">\n                                                                                  <\/div>\n                          <div class=\"cap_num\">\n                            <strong> 1 z 9<\/strong>\n                          <\/div>\n\n                        <\/div>\n                      <\/div>\n\n                    <\/div>\n                  <\/div>\n                                    \n                                    <div class=\"carousel-item \">\n                    <img decoding=\"async\" src=\"https:\/\/plsk.eu\/wp-content\/uploads\/2026\/03\/Szkolenia-dla-mieszkancow-9-scaled.jpg\" alt=\"Kobieta i m\u0119\u017cczyzna stoj\u0105 przed prezentacj\u0105 i \u015bciank\u0105 z logotypem Programu m\u00f3wi\u0105c do siedz\u0105cych os\u00f3b \u017dena a mu\u017e stoja pred prezent\u00e1ciou a stenou s logom programu a hovoria k \u013eu\u010fom, ktor\u00ed sedia\" class=\"img_all\">\n                    <div class=\"row\">\n\n                      <div class=\"col-xxl-12 col-xl-12 col-lg-12 col-md-12 col-sm-12\">\n                        <div class=\"img_caption\">\n                          <div class=\"cap_text\">\n                                                                                  <\/div>\n                          <div class=\"cap_num\">\n                            <strong> 2 z 9<\/strong>\n                          <\/div>\n\n                        <\/div>\n                      <\/div>\n\n                    <\/div>\n                  <\/div>\n                                    \n                                    <div class=\"carousel-item \">\n                    <img decoding=\"async\" src=\"https:\/\/plsk.eu\/wp-content\/uploads\/2026\/03\/Szkolenia-dla-mieszkancow-8-scaled.jpg\" alt=\"M\u0119\u017cczyzna prezentuje zawarto\u015b\u0107 plecaka ratunkowego na tle prezentacji dla grupy os\u00f3b siedz\u0105cych na krzes\u0142ach Mu\u017e predv\u00e1dza obsah z\u00e1chran\u00e1rskeho batohu na pozad\u00ed prezent\u00e1cie pre skupinu \u013eud\u00ed sediacich na stoli\u010dk\u00e1ch\" class=\"img_all\">\n                    <div class=\"row\">\n\n                      <div class=\"col-xxl-12 col-xl-12 col-lg-12 col-md-12 col-sm-12\">\n                        <div class=\"img_caption\">\n                          <div class=\"cap_text\">\n                                                                                  <\/div>\n                          <div class=\"cap_num\">\n                            <strong> 3 z 9<\/strong>\n                          <\/div>\n\n                        <\/div>\n                      <\/div>\n\n                    <\/div>\n                  <\/div>\n                                    \n                                    <div class=\"carousel-item \">\n                    <img decoding=\"async\" src=\"https:\/\/plsk.eu\/wp-content\/uploads\/2026\/03\/Szkolenia-dla-mieszkancow-7-scaled.jpg\" alt=\"Kilkadziesi\u0105t kobiet i m\u0119\u017cczyzn siedzi na krzes\u0142ach na sali konferencyjnej i s\u0142ucha prezentacji Nieko\u013eko desiatok \u017eien a mu\u017eov sed\u00ed na stoli\u010dk\u00e1ch v konferen\u010dnej miestnosti a po\u010d\u00fava prezent\u00e1ciu\" class=\"img_all\">\n                    <div class=\"row\">\n\n                      <div class=\"col-xxl-12 col-xl-12 col-lg-12 col-md-12 col-sm-12\">\n                        <div class=\"img_caption\">\n                          <div class=\"cap_text\">\n                                                                                  <\/div>\n                          <div class=\"cap_num\">\n                            <strong> 4 z 9<\/strong>\n                          <\/div>\n\n                        <\/div>\n                      <\/div>\n\n                    <\/div>\n                  <\/div>\n                                    \n                                    <div class=\"carousel-item \">\n                    <img decoding=\"async\" src=\"https:\/\/plsk.eu\/wp-content\/uploads\/2026\/03\/Szkolenia-dla-mieszkancow-6-scaled.jpg\" alt=\"Kilkadziesi\u0105t os\u00f3b, w tym ubranych w mundury stra\u017cackie siedzi na krzes\u0142ach na sali konferencyjnej i s\u0142ucha prezentacji Nieko\u013eko desiatok \u013eud\u00ed, medzi nimi aj \u013eudia v hasi\u010dsk\u00fdch uniform\u00e1ch, sed\u00ed na stoli\u010dk\u00e1ch v konferen\u010dnej miestnosti a po\u010d\u00fava prezent\u00e1ciu\" class=\"img_all\">\n                    <div class=\"row\">\n\n                      <div class=\"col-xxl-12 col-xl-12 col-lg-12 col-md-12 col-sm-12\">\n                        <div class=\"img_caption\">\n                          <div class=\"cap_text\">\n                                                                                  <\/div>\n                          <div class=\"cap_num\">\n                            <strong> 5 z 9<\/strong>\n                          <\/div>\n\n                        <\/div>\n                      <\/div>\n\n                    <\/div>\n                  <\/div>\n                                    \n                                    <div class=\"carousel-item \">\n                    <img decoding=\"async\" src=\"https:\/\/plsk.eu\/wp-content\/uploads\/2026\/03\/Szkolenia-dla-mieszkancow-5-scaled.jpg\" alt=\"Kilkadziesi\u0105t kobiet i m\u0119\u017cczyzn siedzi na krzes\u0142ach na sali konferencyjnej i s\u0142ucha prezentacji. Przed ekranem z prezentacj\u0105 stoi m\u0119\u017cczyzna z mikrofonem Nieko\u013eko desiatok \u017eien a mu\u017eov sed\u00ed na stoli\u010dk\u00e1ch v konferen\u010dnej miestnosti a po\u010d\u00fava prezent\u00e1ciu\" class=\"img_all\">\n                    <div class=\"row\">\n\n                      <div class=\"col-xxl-12 col-xl-12 col-lg-12 col-md-12 col-sm-12\">\n                        <div class=\"img_caption\">\n                          <div class=\"cap_text\">\n                                                                                  <\/div>\n                          <div class=\"cap_num\">\n                            <strong> 6 z 9<\/strong>\n                          <\/div>\n\n                        <\/div>\n                      <\/div>\n\n                    <\/div>\n                  <\/div>\n                                    \n                                    <div class=\"carousel-item \">\n                    <img decoding=\"async\" src=\"https:\/\/plsk.eu\/wp-content\/uploads\/2026\/03\/Szkolenia-dla-mieszkancow-4-scaled.jpg\" alt=\"Kilkadziesi\u0105t kobiet i m\u0119\u017cczyzn siedzi na krzes\u0142ach na sali konferencyjnej i s\u0142ucha prezentacji Nieko\u013eko desiatok \u017eien a mu\u017eov sed\u00ed na stoli\u010dk\u00e1ch v konferen\u010dnej miestnosti a po\u010d\u00fava prezent\u00e1ciu\" class=\"img_all\">\n                    <div class=\"row\">\n\n                      <div class=\"col-xxl-12 col-xl-12 col-lg-12 col-md-12 col-sm-12\">\n                        <div class=\"img_caption\">\n                          <div class=\"cap_text\">\n                                                                                  <\/div>\n                          <div class=\"cap_num\">\n                            <strong> 7 z 9<\/strong>\n                          <\/div>\n\n                        <\/div>\n                      <\/div>\n\n                    <\/div>\n                  <\/div>\n                                    \n                                    <div class=\"carousel-item \">\n                    <img decoding=\"async\" src=\"https:\/\/plsk.eu\/wp-content\/uploads\/2026\/03\/Szkolenia-dla-mieszkancow-3-scaled.jpg\" alt=\"Kilkadziesi\u0105t kobiet i m\u0119\u017cczyzn siedzi na krzes\u0142ach na sali konferencyjnej i s\u0142ucha prezentacji Nieko\u013eko desiatok \u017eien a mu\u017eov sed\u00ed na stoli\u010dk\u00e1ch v konferen\u010dnej miestnosti a po\u010d\u00fava prezent\u00e1ciu\" class=\"img_all\">\n                    <div class=\"row\">\n\n                      <div class=\"col-xxl-12 col-xl-12 col-lg-12 col-md-12 col-sm-12\">\n                        <div class=\"img_caption\">\n                          <div class=\"cap_text\">\n                                                                                  <\/div>\n                          <div class=\"cap_num\">\n                            <strong> 8 z 9<\/strong>\n                          <\/div>\n\n                        <\/div>\n                      <\/div>\n\n                    <\/div>\n                  <\/div>\n                                    \n                                    <div class=\"carousel-item \">\n                    <img decoding=\"async\" src=\"https:\/\/plsk.eu\/wp-content\/uploads\/2026\/03\/Szkolenia-dla-mieszkancow-2-scaled.jpg\" alt=\"Kobieta i m\u0119\u017cczyzna stoj\u0105 przed prezentacj\u0105 i \u015bciank\u0105 z logotypem Programu m\u00f3wi\u0105c do siedz\u0105cych os\u00f3b \u017dena a mu\u017e stoja pred prezent\u00e1ciou a stenou s logom programu a hovoria k \u013eu\u010fom, ktor\u00ed sedia\" class=\"img_all\">\n                    <div class=\"row\">\n\n                      <div class=\"col-xxl-12 col-xl-12 col-lg-12 col-md-12 col-sm-12\">\n                        <div class=\"img_caption\">\n                          <div class=\"cap_text\">\n                                                                                  <\/div>\n                          <div class=\"cap_num\">\n                            <strong> 9 z 9<\/strong>\n                          <\/div>\n\n                        <\/div>\n                      <\/div>\n\n                    <\/div>\n                  <\/div>\n                                    \n                <\/div>\n\n              <\/div>\n\n            <\/div>\n            <div class=\"col-xxl-2 col-xl-2 col-lg-2 col-md-2 col-sm-2 gal_right\">\n              <button type=\"button\" data-bs-target=\"#carouselExample9287\" data-bs-slide=\"next\"\n                aria-label=\"\u010eal\u0161\u00ed obr\u00e1zok\"> <img decoding=\"async\"\n                  src=\"https:\/\/plsk.eu\/wp-content\/themes\/fundusze\/assets\/images\/next.svg\" alt=\"\"><\/button>\n            <\/div>\n\n          <\/div>\n\n\n          <div class=\"row no_desk\">\n\n            <div class=\"col-xxl-8 col-xl-8 col-lg-8 col-md-8 col-sm-8\">\n\n              <div id=\"carouselExample9287mob9287\" class=\"carousel slide\" data-bs-interval=\"50000\"\n                data-bs-ride=\"carousel\">\n\n                <div class=\"carousel-inner\">\n\n                  \n                                    <div class=\"carousel-item  active \">\n                    <img decoding=\"async\" src=\"https:\/\/plsk.eu\/wp-content\/uploads\/2026\/03\/Szkolenia-dla-mieszkancow-scaled.jpg\" alt=\"Kobieta i m\u0119\u017cczyzna stoj\u0105 przed prezentacj\u0105 i \u015bciank\u0105 z logotypem Programu m\u00f3wi\u0105c do siedz\u0105cych os\u00f3b \u017dena a mu\u017e stoja pred prezent\u00e1ciou a stenou s logom programu a hovoria k \u013eu\u010fom, ktor\u00ed sedia\" class=\"img_all\">\n                    <div class=\"row\">\n\n                      <div class=\"col-xxl-12 col-xl-12 col-lg-12 col-md-12 col-sm-12\">\n                        <div class=\"img_caption\">\n                          <div class=\"cap_text\">\n                            \n                                                      <\/div>\n                          <div class=\"cap_num\">\n                            <strong> 1 z 9<\/strong>\n                          <\/div>\n\n                        <\/div>\n                      <\/div>\n\n                    <\/div>\n                  <\/div>\n                  \n                                    <div class=\"carousel-item \">\n                    <img decoding=\"async\" src=\"https:\/\/plsk.eu\/wp-content\/uploads\/2026\/03\/Szkolenia-dla-mieszkancow-9-scaled.jpg\" alt=\"Kobieta i m\u0119\u017cczyzna stoj\u0105 przed prezentacj\u0105 i \u015bciank\u0105 z logotypem Programu m\u00f3wi\u0105c do siedz\u0105cych os\u00f3b \u017dena a mu\u017e stoja pred prezent\u00e1ciou a stenou s logom programu a hovoria k \u013eu\u010fom, ktor\u00ed sedia\" class=\"img_all\">\n                    <div class=\"row\">\n\n                      <div class=\"col-xxl-12 col-xl-12 col-lg-12 col-md-12 col-sm-12\">\n                        <div class=\"img_caption\">\n                          <div class=\"cap_text\">\n                            \n                                                      <\/div>\n                          <div class=\"cap_num\">\n                            <strong> 2 z 9<\/strong>\n                          <\/div>\n\n                        <\/div>\n                      <\/div>\n\n                    <\/div>\n                  <\/div>\n                  \n                                    <div class=\"carousel-item \">\n                    <img decoding=\"async\" src=\"https:\/\/plsk.eu\/wp-content\/uploads\/2026\/03\/Szkolenia-dla-mieszkancow-8-scaled.jpg\" alt=\"M\u0119\u017cczyzna prezentuje zawarto\u015b\u0107 plecaka ratunkowego na tle prezentacji dla grupy os\u00f3b siedz\u0105cych na krzes\u0142ach Mu\u017e predv\u00e1dza obsah z\u00e1chran\u00e1rskeho batohu na pozad\u00ed prezent\u00e1cie pre skupinu \u013eud\u00ed sediacich na stoli\u010dk\u00e1ch\" class=\"img_all\">\n                    <div class=\"row\">\n\n                      <div class=\"col-xxl-12 col-xl-12 col-lg-12 col-md-12 col-sm-12\">\n                        <div class=\"img_caption\">\n                          <div class=\"cap_text\">\n                            \n                                                      <\/div>\n                          <div class=\"cap_num\">\n                            <strong> 3 z 9<\/strong>\n                          <\/div>\n\n                        <\/div>\n                      <\/div>\n\n                    <\/div>\n                  <\/div>\n                  \n                                    <div class=\"carousel-item \">\n                    <img decoding=\"async\" src=\"https:\/\/plsk.eu\/wp-content\/uploads\/2026\/03\/Szkolenia-dla-mieszkancow-7-scaled.jpg\" alt=\"Kilkadziesi\u0105t kobiet i m\u0119\u017cczyzn siedzi na krzes\u0142ach na sali konferencyjnej i s\u0142ucha prezentacji Nieko\u013eko desiatok \u017eien a mu\u017eov sed\u00ed na stoli\u010dk\u00e1ch v konferen\u010dnej miestnosti a po\u010d\u00fava prezent\u00e1ciu\" class=\"img_all\">\n                    <div class=\"row\">\n\n                      <div class=\"col-xxl-12 col-xl-12 col-lg-12 col-md-12 col-sm-12\">\n                        <div class=\"img_caption\">\n                          <div class=\"cap_text\">\n                            \n                                                      <\/div>\n                          <div class=\"cap_num\">\n                            <strong> 4 z 9<\/strong>\n                          <\/div>\n\n                        <\/div>\n                      <\/div>\n\n                    <\/div>\n                  <\/div>\n                  \n                                    <div class=\"carousel-item \">\n                    <img decoding=\"async\" src=\"https:\/\/plsk.eu\/wp-content\/uploads\/2026\/03\/Szkolenia-dla-mieszkancow-6-scaled.jpg\" alt=\"Kilkadziesi\u0105t os\u00f3b, w tym ubranych w mundury stra\u017cackie siedzi na krzes\u0142ach na sali konferencyjnej i s\u0142ucha prezentacji Nieko\u013eko desiatok \u013eud\u00ed, medzi nimi aj \u013eudia v hasi\u010dsk\u00fdch uniform\u00e1ch, sed\u00ed na stoli\u010dk\u00e1ch v konferen\u010dnej miestnosti a po\u010d\u00fava prezent\u00e1ciu\" class=\"img_all\">\n                    <div class=\"row\">\n\n                      <div class=\"col-xxl-12 col-xl-12 col-lg-12 col-md-12 col-sm-12\">\n                        <div class=\"img_caption\">\n                          <div class=\"cap_text\">\n                            \n                                                      <\/div>\n                          <div class=\"cap_num\">\n                            <strong> 5 z 9<\/strong>\n                          <\/div>\n\n                        <\/div>\n                      <\/div>\n\n                    <\/div>\n                  <\/div>\n                  \n                                    <div class=\"carousel-item \">\n                    <img decoding=\"async\" src=\"https:\/\/plsk.eu\/wp-content\/uploads\/2026\/03\/Szkolenia-dla-mieszkancow-5-scaled.jpg\" alt=\"Kilkadziesi\u0105t kobiet i m\u0119\u017cczyzn siedzi na krzes\u0142ach na sali konferencyjnej i s\u0142ucha prezentacji. Przed ekranem z prezentacj\u0105 stoi m\u0119\u017cczyzna z mikrofonem Nieko\u013eko desiatok \u017eien a mu\u017eov sed\u00ed na stoli\u010dk\u00e1ch v konferen\u010dnej miestnosti a po\u010d\u00fava prezent\u00e1ciu\" class=\"img_all\">\n                    <div class=\"row\">\n\n                      <div class=\"col-xxl-12 col-xl-12 col-lg-12 col-md-12 col-sm-12\">\n                        <div class=\"img_caption\">\n                          <div class=\"cap_text\">\n                            \n                                                      <\/div>\n                          <div class=\"cap_num\">\n                            <strong> 6 z 9<\/strong>\n                          <\/div>\n\n                        <\/div>\n                      <\/div>\n\n                    <\/div>\n                  <\/div>\n                  \n                                    <div class=\"carousel-item \">\n                    <img decoding=\"async\" src=\"https:\/\/plsk.eu\/wp-content\/uploads\/2026\/03\/Szkolenia-dla-mieszkancow-4-scaled.jpg\" alt=\"Kilkadziesi\u0105t kobiet i m\u0119\u017cczyzn siedzi na krzes\u0142ach na sali konferencyjnej i s\u0142ucha prezentacji Nieko\u013eko desiatok \u017eien a mu\u017eov sed\u00ed na stoli\u010dk\u00e1ch v konferen\u010dnej miestnosti a po\u010d\u00fava prezent\u00e1ciu\" class=\"img_all\">\n                    <div class=\"row\">\n\n                      <div class=\"col-xxl-12 col-xl-12 col-lg-12 col-md-12 col-sm-12\">\n                        <div class=\"img_caption\">\n                          <div class=\"cap_text\">\n                            \n                                                      <\/div>\n                          <div class=\"cap_num\">\n                            <strong> 7 z 9<\/strong>\n                          <\/div>\n\n                        <\/div>\n                      <\/div>\n\n                    <\/div>\n                  <\/div>\n                  \n                                    <div class=\"carousel-item \">\n                    <img decoding=\"async\" src=\"https:\/\/plsk.eu\/wp-content\/uploads\/2026\/03\/Szkolenia-dla-mieszkancow-3-scaled.jpg\" alt=\"Kilkadziesi\u0105t kobiet i m\u0119\u017cczyzn siedzi na krzes\u0142ach na sali konferencyjnej i s\u0142ucha prezentacji Nieko\u013eko desiatok \u017eien a mu\u017eov sed\u00ed na stoli\u010dk\u00e1ch v konferen\u010dnej miestnosti a po\u010d\u00fava prezent\u00e1ciu\" class=\"img_all\">\n                    <div class=\"row\">\n\n                      <div class=\"col-xxl-12 col-xl-12 col-lg-12 col-md-12 col-sm-12\">\n                        <div class=\"img_caption\">\n                          <div class=\"cap_text\">\n                            \n                                                      <\/div>\n                          <div class=\"cap_num\">\n                            <strong> 8 z 9<\/strong>\n                          <\/div>\n\n                        <\/div>\n                      <\/div>\n\n                    <\/div>\n                  <\/div>\n                  \n                                    <div class=\"carousel-item \">\n                    <img decoding=\"async\" src=\"https:\/\/plsk.eu\/wp-content\/uploads\/2026\/03\/Szkolenia-dla-mieszkancow-2-scaled.jpg\" alt=\"Kobieta i m\u0119\u017cczyzna stoj\u0105 przed prezentacj\u0105 i \u015bciank\u0105 z logotypem Programu m\u00f3wi\u0105c do siedz\u0105cych os\u00f3b \u017dena a mu\u017e stoja pred prezent\u00e1ciou a stenou s logom programu a hovoria k \u013eu\u010fom, ktor\u00ed sedia\" class=\"img_all\">\n                    <div class=\"row\">\n\n                      <div class=\"col-xxl-12 col-xl-12 col-lg-12 col-md-12 col-sm-12\">\n                        <div class=\"img_caption\">\n                          <div class=\"cap_text\">\n                            \n                                                      <\/div>\n                          <div class=\"cap_num\">\n                            <strong> 9 z 9<\/strong>\n                          <\/div>\n\n                        <\/div>\n                      <\/div>\n\n                    <\/div>\n                  <\/div>\n                                  <\/div>\n              <\/div>\n\n            <\/div>\n            <div class=\"col-xxl-2 col-xl-2 col-lg-2 col-md-2 col-sm-12 gal_arrow mb-30px\">\n              <img decoding=\"async\" src=\"https:\/\/plsk.eu\/wp-content\/themes\/fundusze\/assets\/images\/back.svg\"\n                data-bs-target=\"#carouselExample9287mob9287\" data-bs-slide=\"prev\" alt=\"\"> <img decoding=\"async\"\n                src=\"https:\/\/plsk.eu\/wp-content\/themes\/fundusze\/assets\/images\/next.svg\"\n                data-bs-target=\"#carouselExample9287mob9287\" data-bs-slide=\"next\" alt=\"\">\n            <\/div>\n\n          <\/div>\n      <\/div>\n    <\/div>\n  <\/div>\n\n  ","protected":false},"excerpt":{"rendered":"<p>V s\u00favislosti s realiz\u00e1ciou projektu \u201eBezpe\u010dn\u00e9 pohrani\u010die \u2013 cezhrani\u010dn\u00e1 spolupr\u00e1ca obc\u00ed patriacich do Zdru\u017eenia obc\u00ed povodia Wis\u0142oky a Pre\u0161ovsk\u00e9ho samospr\u00e1vneho kraja\u201c, Zdru\u017eenie obc\u00ed povodia Wis\u0142oky zorganizovalo stretnutia t\u00fdkaj\u00face sa z\u00e1sad postupu v pr\u00edpade v\u00fdskytu \u017eiveln\u00fdch pohr\u00f4m. V d\u0148och 02.03.2026 \u2013 11.03.2026 sa uskuto\u010dnil cyklus prezen\u010dn\u00fdch workshopov a v d\u0148och 05.03.2026 a 13.03.2026 online \u0161kolenia pre [&hellip;]<\/p>\n","protected":false},"author":22,"featured_media":43276,"comment_status":"closed","ping_status":"open","sticky":false,"template":"","format":"standard","meta":{"_acf_changed":false,"inline_featured_image":false,"_themeisle_gutenberg_block_has_review":false,"footnotes":"","_links_to":"","_links_to_target":""},"categories":[1839,1909],"tags":[],"class_list":["post-43283","post","type-post","status-publish","format-standard","has-post-thumbnail","hentry","category-bez-kategorii","category-strona-glowna-sk"],"acf":[],"_links":{"self":[{"href":"https:\/\/plsk.eu\/sk\/wp-json\/wp\/v2\/posts\/43283","targetHints":{"allow":["GET"]}}],"collection":[{"href":"https:\/\/plsk.eu\/sk\/wp-json\/wp\/v2\/posts"}],"about":[{"href":"https:\/\/plsk.eu\/sk\/wp-json\/wp\/v2\/types\/post"}],"author":[{"embeddable":true,"href":"https:\/\/plsk.eu\/sk\/wp-json\/wp\/v2\/users\/22"}],"replies":[{"embeddable":true,"href":"https:\/\/plsk.eu\/sk\/wp-json\/wp\/v2\/comments?post=43283"}],"version-history":[{"count":2,"href":"https:\/\/plsk.eu\/sk\/wp-json\/wp\/v2\/posts\/43283\/revisions"}],"predecessor-version":[{"id":43286,"href":"https:\/\/plsk.eu\/sk\/wp-json\/wp\/v2\/posts\/43283\/revisions\/43286"}],"wp:featuredmedia":[{"embeddable":true,"href":"https:\/\/plsk.eu\/sk\/wp-json\/wp\/v2\/media\/43276"}],"wp:attachment":[{"href":"https:\/\/plsk.eu\/sk\/wp-json\/wp\/v2\/media?parent=43283"}],"wp:term":[{"taxonomy":"category","embeddable":true,"href":"https:\/\/plsk.eu\/sk\/wp-json\/wp\/v2\/categories?post=43283"},{"taxonomy":"post_tag","embeddable":true,"href":"https:\/\/plsk.eu\/sk\/wp-json\/wp\/v2\/tags?post=43283"}],"curies":[{"name":"wp","href":"https:\/\/api.w.org\/{rel}","templated":true}]}}