{"id":43669,"date":"2026-04-29T10:47:27","date_gmt":"2026-04-29T08:47:27","guid":{"rendered":"https:\/\/plsk.eu\/?p=43669"},"modified":"2026-04-24T12:16:52","modified_gmt":"2026-04-24T10:16:52","slug":"spolocne-pre-tatransku-prirodu-odbornici-o-biobankingu-a-monitoringu-svistov-a-kamzikov","status":"publish","type":"post","link":"https:\/\/plsk.eu\/sk\/spolocne-pre-tatransku-prirodu-odbornici-o-biobankingu-a-monitoringu-svistov-a-kamzikov\/","title":{"rendered":"Spolo\u010dne pre tatransk\u00fa pr\u00edrodu: odborn\u00edci o biobankingu a monitoringu svi\u0161\u0165ov a kamz\u00edkov"},"content":{"rendered":"\n<p>V srdci Zakopan\u00e9ho, v priestoroch Tatransk\u00e9ho m\u00fazea, sa stretli odborn\u00edci z Po\u013eska a Slovenska, aby vypracovali spolo\u010dn\u00e9 \u0161tandardy ochrany symbolov na\u0161ich h\u00f4r. Workshop organizovan\u00fd v r\u00e1mci projektu \u201eSPEN \u2013 Chr\u00e1nime sPolo\u010dn\u00e9 ENdemity\u201c je \u010fal\u0161\u00edm krokom k posilneniu cezhrani\u010dnej spolupr\u00e1ce v z\u00e1ujme biodiverzity Tatier.<\/p>\n\n\n\n<p>16. apr\u00edla 2026 sa takmer 50 \u0161pecialistov zastupuj\u00facich n\u00e1rodn\u00e9 parky, v\u00fdskumn\u00e9 \u00fastavy a m\u00faze\u00e1 z oboch str\u00e1n hranice z\u00fa\u010dastnilo na odbornom workshope venovanom biobankingu a monitoringu endemick\u00fdch cicavcov Tatier. Hlavn\u00fdm cie\u013eom stretnutia bolo zjednotenie v\u00fdskumn\u00fdch met\u00f3d, ktor\u00e9 umo\u017enia e\u0161te efekt\u00edvnej\u0161ie sa stara\u0165 o popul\u00e1cie kamz\u00edka vrchovsk\u00e9ho tatransk\u00e9ho a svi\u0161\u0165a vrcho\u013eov\u00e9ho tatransk\u00e9ho.<\/p>\n\n\n\n<h2 class=\"wp-block-heading\">Eur\u00f3pska \u00fania sp\u00e1ja vedu a prax<\/h2>\n\n\n\n<p>V\u010faka podpore z Eur\u00f3pskeho fondu region\u00e1lneho rozvoja m\u00f4\u017eu partneri po\u013esko-slovensk\u00e9ho projektu zav\u00e1dza\u0165 modern\u00e9 n\u00e1stroje, ktor\u00e9 doteraz fungovali izolovane. Po\u010das stretnutia boli okrem in\u00e9ho predstaven\u00e9 z\u00e1mery spolo\u010dn\u00e9ho intranetov\u00e9ho port\u00e1lu a zjednotenej datab\u00e1zy. Ide o prelomov\u00fd moment \u2013 odteraz bude v\u00fdmena inform\u00e1ci\u00ed o v\u00fdskyte druhov a v\u00fdsledkoch genetick\u00fdch v\u00fdskumov prebieha\u0165 plynule, bez oh\u013eadu na priebeh hranice.<\/p>\n\n\n\n<h2 class=\"wp-block-heading\">Bohat\u00fd program a v\u00fdmena sk\u00fasenost\u00ed<\/h2>\n\n\n\n<p>Workshop v Tatranskom m\u00fazeu Dr. Tytusa Cha\u0142ubi\u0144sk\u00e9ho sa stal platformou na v\u00fdmenu konkr\u00e9tnych odborn\u00fdch znalost\u00ed. Experti diskutovali o:<\/p>\n\n\n\n<ul class=\"wp-block-list\">\n<li>v\u00fdzname m\u00fazejn\u00fdch zbierok ako zdroja genetick\u00e9ho materi\u00e1lu,<\/li>\n\n\n\n<li>budovan\u00ed profesion\u00e1lnych biobaniek v \u0161pecifick\u00fdch podmienkach n\u00e1rodn\u00fdch parkov,<\/li>\n\n\n\n<li>anal\u00fdze hrozieb vr\u00e1tane vplyvu parazitov a patog\u00e9nov na kond\u00edciu zvierat.<\/li>\n<\/ul>\n\n\n\n<h2 class=\"wp-block-heading\">Efekty, ktor\u00e9 sl\u00fa\u017eia pr\u00edrode<\/h2>\n\n\n\n<p>Projekt \u201eSPEN \u2013 Chr\u00e1nime sPolo\u010dn\u00e9 ENdemity\u201c ukazuje, ako eur\u00f3pske finan\u010dn\u00e9 prostriedky re\u00e1lne ovplyv\u0148uj\u00fa integr\u00e1ciu vedeck\u00fdch komun\u00edt. V\u010faka vypracovaniu spolo\u010dn\u00e9ho protokolu monitoringu bud\u00fa pr\u00edrodovedci z Po\u013eska a Slovenska pou\u017e\u00edva\u0165 rovnak\u00e9 met\u00f3dy, \u010do umo\u017en\u00ed z\u00edska\u0165 ucelen\u00fd obraz o celej tatranskej popul\u00e1cii.<\/p>\n\n\n\n<p>Posilnenie cezhrani\u010dnej spolupr\u00e1ce v tejto oblasti je z\u00e1rukou, \u017ee ochrana najcennej\u0161\u00edch endemick\u00fdch druhov bude prebieha\u0165 moderne, koordinovane a efekt\u00edvne.<\/p>\n\n\n\n<h2 class=\"wp-block-heading\">Fotogal\u00e9ria z podujatia<\/h2>\n\n\n\n<div class=\"\">\n\n  <div class=\"widget-image-gallery galRB gal-9208\">\n\n    <div id=\"swiperGalFUll-9208\"\n      class=\"swiper widget-image-gallery__full swiper-initialized swiper-horizontal swiper-pointer-events swiper-backface-hidden\">\n\n      <div class=\"swiper-wrapper\" id=\"swiper-wrapper-9208\" aria-live=\"polite\"\n        style=\"transform: translate3d(0px, 0px, 0px);\">\n\n        \n\n        \n        <div class=\"swiper-slide excludeimg  swiper-slide-active \"\n            tabindex=\"0\"\n        data-sliderId =\"9208\"\n        data-bs-slide-to=\"0\"\n        data-title=\"\" role=\"group\"\n          data-bs-toggle=\"modal\" data-bs-target=\"#exampleModal9208\"\n          aria-label=\"1 \/ 3\"\n          style=\"background: linear-gradient(rgba(211, 211, 211), rgba(211, 211, 211))\">\n\n          <img decoding=\"async\" src=\"https:\/\/plsk.eu\/wp-content\/uploads\/2026\/04\/zdjecie-z-warsztatow-2.jpg\" class=\"gal_bg_img\" style=\"\n    width: 100% !important;\">\n\n          <img decoding=\"async\" src=\"https:\/\/plsk.eu\/wp-content\/uploads\/2026\/04\/zdjecie-z-warsztatow-2.jpg\" alt=\"Kobiety i m\u0119\u017cczy\u017ani siedz\u0105 w sali konferencyjnej w kilku rz\u0119dach i s\u0142uchaj\u0105 m\u0119\u017cczyzny z mikrofonem, kt\u00f3ry stoi obok miejsc siedz\u0105cych \u017deny a mu\u017ei sedia v konferen\u010dnej miestnosti v nieko\u013ek\u00fdch radoch a po\u010d\u00favaj\u00fa mu\u017ea s mikrof\u00f3nom, ktor\u00fd stoj\u00ed ved\u013ea sedadiel\" class=\"gal_main_img\" style=\"\">\n        <\/div>\n                \n\n        \n        <div class=\"swiper-slide excludeimg \"\n            tabindex=\"0\"\n        data-sliderId =\"9208\"\n        data-bs-slide-to=\"1\"\n        data-title=\"\" role=\"group\"\n          data-bs-toggle=\"modal\" data-bs-target=\"#exampleModal9208\"\n          aria-label=\"2 \/ 3\"\n          style=\"background: linear-gradient(rgba(211, 211, 211), rgba(211, 211, 211))\">\n\n          <img decoding=\"async\" src=\"https:\/\/plsk.eu\/wp-content\/uploads\/2026\/04\/zdjecie-z-warsztatow-1.jpg\" class=\"gal_bg_img\" style=\"\n    width: 100% !important;\">\n\n          <img decoding=\"async\" src=\"https:\/\/plsk.eu\/wp-content\/uploads\/2026\/04\/zdjecie-z-warsztatow-1.jpg\" alt=\"M\u0119\u017cczyzna stoi na sali konferencyjnej, na podium z mikrofonem na tle ekranu Mu\u017e stoj\u00ed v konferen\u010dnej miestnosti na p\u00f3diu s mikrof\u00f3nom pred obrazovkou\" class=\"gal_main_img\" style=\"\">\n        <\/div>\n                \n\n        \n        <div class=\"swiper-slide excludeimg \"\n            tabindex=\"0\"\n        data-sliderId =\"9208\"\n        data-bs-slide-to=\"2\"\n        data-title=\"\" role=\"group\"\n          data-bs-toggle=\"modal\" data-bs-target=\"#exampleModal9208\"\n          aria-label=\"3 \/ 3\"\n          style=\"background: linear-gradient(rgba(211, 211, 211), rgba(211, 211, 211))\">\n\n          <img decoding=\"async\" src=\"https:\/\/plsk.eu\/wp-content\/uploads\/2026\/04\/zdjecie-z-warsztatow-3.jpg\" class=\"gal_bg_img\" style=\"\n    width: 100% !important;\">\n\n          <img decoding=\"async\" src=\"https:\/\/plsk.eu\/wp-content\/uploads\/2026\/04\/zdjecie-z-warsztatow-3.jpg\" alt=\"Grupa kilkunastu kobiet i m\u0119\u017cczyzn pozuje do zdj\u0119cia w kilku rz\u0119dach. Za nimi ekran z logotypem programu i zdj\u0119ciami \u015bwistaka i kozic Skupina nieko\u013ek\u00fdch desiatok \u017eien a mu\u017eov p\u00f3zuje na fotografiu v nieko\u013ek\u00fdch radoch. Za nimi je obrazovka s logom programu a fotografiami svi\u0161\u0165a a kamz\u00edka\" class=\"gal_main_img\" style=\"\">\n        <\/div>\n                \n\n\n      <\/div>\n\n\n      <span class=\"swiper-notification\" aria-live=\"assertive\" aria-atomic=\"true\"><\/span>\n\n    <\/div>\n\n    <div id=\"swiperGalThumb-9208\" data-galid=\"9208\"\n      class=\"swiper widget-image-gallery__thumbs swiper-initialized swiper-horizontal swiper-pointer-events swiper-free-mode swiper-backface-hidden swiper-thumbs\">\n      <div class=\"swiper-wrapper\" id=\"swiper-wrapper-9208\" aria-live=\"polite\"\n        style=\"transform: translate3d(0px, 0px, 0px);\">\n\n        \n        \n        <div class=\"swiper-slide swiper-slide-prev\" style=\"width: 139px; margin-right: 30px;\" role=\"group\">\n          <img decoding=\"async\" src=\"https:\/\/plsk.eu\/wp-content\/uploads\/2026\/04\/zdjecie-z-warsztatow-2.jpg\" alt=\"Kobiety i m\u0119\u017cczy\u017ani siedz\u0105 w sali konferencyjnej w kilku rz\u0119dach i s\u0142uchaj\u0105 m\u0119\u017cczyzny z mikrofonem, kt\u00f3ry stoi obok miejsc siedz\u0105cych \u017deny a mu\u017ei sedia v konferen\u010dnej miestnosti v nieko\u013ek\u00fdch radoch a po\u010d\u00favaj\u00fa mu\u017ea s mikrof\u00f3nom, ktor\u00fd stoj\u00ed ved\u013ea sedadiel\">\n        <\/div>\n        \n        \n        <div class=\"swiper-slide swiper-slide-prev\" style=\"width: 139px; margin-right: 30px;\" role=\"group\">\n          <img decoding=\"async\" src=\"https:\/\/plsk.eu\/wp-content\/uploads\/2026\/04\/zdjecie-z-warsztatow-1.jpg\" alt=\"M\u0119\u017cczyzna stoi na sali konferencyjnej, na podium z mikrofonem na tle ekranu Mu\u017e stoj\u00ed v konferen\u010dnej miestnosti na p\u00f3diu s mikrof\u00f3nom pred obrazovkou\">\n        <\/div>\n        \n        \n        <div class=\"swiper-slide swiper-slide-prev\" style=\"width: 139px; margin-right: 30px;\" role=\"group\">\n          <img decoding=\"async\" src=\"https:\/\/plsk.eu\/wp-content\/uploads\/2026\/04\/zdjecie-z-warsztatow-3.jpg\" alt=\"Grupa kilkunastu kobiet i m\u0119\u017cczyzn pozuje do zdj\u0119cia w kilku rz\u0119dach. Za nimi ekran z logotypem programu i zdj\u0119ciami \u015bwistaka i kozic Skupina nieko\u013ek\u00fdch desiatok \u017eien a mu\u017eov p\u00f3zuje na fotografiu v nieko\u013ek\u00fdch radoch. Za nimi je obrazovka s logom programu a fotografiami svi\u0161\u0165a a kamz\u00edka\">\n        <\/div>\n        \n\n      <\/div>\n      <span class=\"swiper-notification\" aria-live=\"assertive\" aria-atomic=\"true\"><\/span>\n    <\/div>\n          <!--\n    <div class=\"widget-image-gallery__caption\">\n      <p>Opis zdj\u0119cia5, fot. Jan Kowalski<\/p>\n    <\/div>-->\n\n\n    <div class=\"image-swiper-button-prev swiper-button-prev\" role=\"button\" aria-label=\"Predch\u00e1dzaj\u00faci obr\u00e1zok\"\n      aria-controls=\"swiper-wrapper-9208\" aria-disabled=\"false\">\n    <\/div>\n\n    <div class=\"image-swiper-button-next swiper-button-next swiper-button-disabled\" role=\"button\"\n      aria-label=\"\u010eal\u0161\u00ed obr\u00e1zok\" aria-controls=\"swiper-wrapper-8395\" aria-disabled=\"true\">\n    <\/div>\n\n\n\n\n  <\/div>\n\n  \n  <div class=\"modal fade gal_modal\" id=\"exampleModal9208\" tabindex=\"-1\" aria-hidden=\"true\">\n    <div class=\"modal-dialog\">\n      <div class=\"modal-content\">\n        <div class=\"modal-header\">\n          <button type=\"button\" class=\"btn-close\" data-bs-dismiss=\"modal\" aria-label=\"Zamkn\u0105\u0107\">\n          <img decoding=\"async\"\n              src=\"https:\/\/plsk.eu\/wp-content\/themes\/fundusze\/assets\/images\/close.svg\"\n              alt=Zamkn\u0105\u0107>\n          <span class=\"visually-hidden\">Zamkn\u0105\u0107<\/span>\n        <\/button>\n        <\/div>\n\n          <div class=\"row no_mobile\">\n\n            <div class=\"col-xxl-2 col-xl-2 col-lg-2 col-md-2 col-sm-2 gal_left\">\n              <button type=\"button\" data-bs-target=\"#carouselExample9208\" data-bs-slide=\"prev\"\n                aria-label=\"Predch\u00e1dzaj\u00faci obr\u00e1zok\">\n                <img decoding=\"async\" src=\"https:\/\/plsk.eu\/wp-content\/themes\/fundusze\/assets\/images\/back.svg\" alt=\"\"> <\/button>\n            <\/div>\n\n            <div class=\"col-xxl-8 col-xl-8 col-lg-8 col-md-8 col-sm-8\">\n\n              <div id=\"carouselExample9208\" class=\"carousel slide\" data-bs-interval=\"50000\"\n                data-bs-ride=\"carousel\">\n\n                <div class=\"carousel-inner\">\n\n                  \n                                    <div class=\"carousel-item  active \">\n                    <img decoding=\"async\" src=\"https:\/\/plsk.eu\/wp-content\/uploads\/2026\/04\/zdjecie-z-warsztatow-2.jpg\" alt=\"Kobiety i m\u0119\u017cczy\u017ani siedz\u0105 w sali konferencyjnej w kilku rz\u0119dach i s\u0142uchaj\u0105 m\u0119\u017cczyzny z mikrofonem, kt\u00f3ry stoi obok miejsc siedz\u0105cych \u017deny a mu\u017ei sedia v konferen\u010dnej miestnosti v nieko\u013ek\u00fdch radoch a po\u010d\u00favaj\u00fa mu\u017ea s mikrof\u00f3nom, ktor\u00fd stoj\u00ed ved\u013ea sedadiel\" class=\"img_all\">\n                    <div class=\"row\">\n\n                      <div class=\"col-xxl-12 col-xl-12 col-lg-12 col-md-12 col-sm-12\">\n                        <div class=\"img_caption\">\n                          <div class=\"cap_text\">\n                                                                                  <\/div>\n                          <div class=\"cap_num\">\n                            <strong> 1 z 3<\/strong>\n                          <\/div>\n\n                        <\/div>\n                      <\/div>\n\n                    <\/div>\n                  <\/div>\n                                    \n                                    <div class=\"carousel-item \">\n                    <img decoding=\"async\" src=\"https:\/\/plsk.eu\/wp-content\/uploads\/2026\/04\/zdjecie-z-warsztatow-1.jpg\" alt=\"M\u0119\u017cczyzna stoi na sali konferencyjnej, na podium z mikrofonem na tle ekranu Mu\u017e stoj\u00ed v konferen\u010dnej miestnosti na p\u00f3diu s mikrof\u00f3nom pred obrazovkou\" class=\"img_all\">\n                    <div class=\"row\">\n\n                      <div class=\"col-xxl-12 col-xl-12 col-lg-12 col-md-12 col-sm-12\">\n                        <div class=\"img_caption\">\n                          <div class=\"cap_text\">\n                                                                                  <\/div>\n                          <div class=\"cap_num\">\n                            <strong> 2 z 3<\/strong>\n                          <\/div>\n\n                        <\/div>\n                      <\/div>\n\n                    <\/div>\n                  <\/div>\n                                    \n                                    <div class=\"carousel-item \">\n                    <img decoding=\"async\" src=\"https:\/\/plsk.eu\/wp-content\/uploads\/2026\/04\/zdjecie-z-warsztatow-3.jpg\" alt=\"Grupa kilkunastu kobiet i m\u0119\u017cczyzn pozuje do zdj\u0119cia w kilku rz\u0119dach. Za nimi ekran z logotypem programu i zdj\u0119ciami \u015bwistaka i kozic Skupina nieko\u013ek\u00fdch desiatok \u017eien a mu\u017eov p\u00f3zuje na fotografiu v nieko\u013ek\u00fdch radoch. Za nimi je obrazovka s logom programu a fotografiami svi\u0161\u0165a a kamz\u00edka\" class=\"img_all\">\n                    <div class=\"row\">\n\n                      <div class=\"col-xxl-12 col-xl-12 col-lg-12 col-md-12 col-sm-12\">\n                        <div class=\"img_caption\">\n                          <div class=\"cap_text\">\n                                                                                  <\/div>\n                          <div class=\"cap_num\">\n                            <strong> 3 z 3<\/strong>\n                          <\/div>\n\n                        <\/div>\n                      <\/div>\n\n                    <\/div>\n                  <\/div>\n                                    \n                <\/div>\n\n              <\/div>\n\n            <\/div>\n            <div class=\"col-xxl-2 col-xl-2 col-lg-2 col-md-2 col-sm-2 gal_right\">\n              <button type=\"button\" data-bs-target=\"#carouselExample9208\" data-bs-slide=\"next\"\n                aria-label=\"\u010eal\u0161\u00ed obr\u00e1zok\"> <img decoding=\"async\"\n                  src=\"https:\/\/plsk.eu\/wp-content\/themes\/fundusze\/assets\/images\/next.svg\" alt=\"\"><\/button>\n            <\/div>\n\n          <\/div>\n\n\n          <div class=\"row no_desk\">\n\n            <div class=\"col-xxl-8 col-xl-8 col-lg-8 col-md-8 col-sm-8\">\n\n              <div id=\"carouselExample9208mob9208\" class=\"carousel slide\" data-bs-interval=\"50000\"\n                data-bs-ride=\"carousel\">\n\n                <div class=\"carousel-inner\">\n\n                  \n                                    <div class=\"carousel-item  active \">\n                    <img decoding=\"async\" src=\"https:\/\/plsk.eu\/wp-content\/uploads\/2026\/04\/zdjecie-z-warsztatow-2.jpg\" alt=\"Kobiety i m\u0119\u017cczy\u017ani siedz\u0105 w sali konferencyjnej w kilku rz\u0119dach i s\u0142uchaj\u0105 m\u0119\u017cczyzny z mikrofonem, kt\u00f3ry stoi obok miejsc siedz\u0105cych \u017deny a mu\u017ei sedia v konferen\u010dnej miestnosti v nieko\u013ek\u00fdch radoch a po\u010d\u00favaj\u00fa mu\u017ea s mikrof\u00f3nom, ktor\u00fd stoj\u00ed ved\u013ea sedadiel\" class=\"img_all\">\n                    <div class=\"row\">\n\n                      <div class=\"col-xxl-12 col-xl-12 col-lg-12 col-md-12 col-sm-12\">\n                        <div class=\"img_caption\">\n                          <div class=\"cap_text\">\n                            \n                                                      <\/div>\n                          <div class=\"cap_num\">\n                            <strong> 1 z 3<\/strong>\n                          <\/div>\n\n                        <\/div>\n                      <\/div>\n\n                    <\/div>\n                  <\/div>\n                  \n                                    <div class=\"carousel-item \">\n                    <img decoding=\"async\" src=\"https:\/\/plsk.eu\/wp-content\/uploads\/2026\/04\/zdjecie-z-warsztatow-1.jpg\" alt=\"M\u0119\u017cczyzna stoi na sali konferencyjnej, na podium z mikrofonem na tle ekranu Mu\u017e stoj\u00ed v konferen\u010dnej miestnosti na p\u00f3diu s mikrof\u00f3nom pred obrazovkou\" class=\"img_all\">\n                    <div class=\"row\">\n\n                      <div class=\"col-xxl-12 col-xl-12 col-lg-12 col-md-12 col-sm-12\">\n                        <div class=\"img_caption\">\n                          <div class=\"cap_text\">\n                            \n                                                      <\/div>\n                          <div class=\"cap_num\">\n                            <strong> 2 z 3<\/strong>\n                          <\/div>\n\n                        <\/div>\n                      <\/div>\n\n                    <\/div>\n                  <\/div>\n                  \n                                    <div class=\"carousel-item \">\n                    <img decoding=\"async\" src=\"https:\/\/plsk.eu\/wp-content\/uploads\/2026\/04\/zdjecie-z-warsztatow-3.jpg\" alt=\"Grupa kilkunastu kobiet i m\u0119\u017cczyzn pozuje do zdj\u0119cia w kilku rz\u0119dach. Za nimi ekran z logotypem programu i zdj\u0119ciami \u015bwistaka i kozic Skupina nieko\u013ek\u00fdch desiatok \u017eien a mu\u017eov p\u00f3zuje na fotografiu v nieko\u013ek\u00fdch radoch. Za nimi je obrazovka s logom programu a fotografiami svi\u0161\u0165a a kamz\u00edka\" class=\"img_all\">\n                    <div class=\"row\">\n\n                      <div class=\"col-xxl-12 col-xl-12 col-lg-12 col-md-12 col-sm-12\">\n                        <div class=\"img_caption\">\n                          <div class=\"cap_text\">\n                            \n                                                      <\/div>\n                          <div class=\"cap_num\">\n                            <strong> 3 z 3<\/strong>\n                          <\/div>\n\n                        <\/div>\n                      <\/div>\n\n                    <\/div>\n                  <\/div>\n                                  <\/div>\n              <\/div>\n\n            <\/div>\n            <div class=\"col-xxl-2 col-xl-2 col-lg-2 col-md-2 col-sm-12 gal_arrow mb-30px\">\n              <img decoding=\"async\" src=\"https:\/\/plsk.eu\/wp-content\/themes\/fundusze\/assets\/images\/back.svg\"\n                data-bs-target=\"#carouselExample9208mob9208\" data-bs-slide=\"prev\" alt=\"\"> <img decoding=\"async\"\n                src=\"https:\/\/plsk.eu\/wp-content\/themes\/fundusze\/assets\/images\/next.svg\"\n                data-bs-target=\"#carouselExample9208mob9208\" data-bs-slide=\"next\" alt=\"\">\n            <\/div>\n\n          <\/div>\n      <\/div>\n    <\/div>\n  <\/div>\n\n  ","protected":false},"excerpt":{"rendered":"<p>V srdci Zakopan\u00e9ho, v priestoroch Tatransk\u00e9ho m\u00fazea, sa stretli odborn\u00edci z Po\u013eska a Slovenska, aby vypracovali spolo\u010dn\u00e9 \u0161tandardy ochrany symbolov na\u0161ich h\u00f4r. Workshop organizovan\u00fd v r\u00e1mci projektu \u201eSPEN \u2013 Chr\u00e1nime sPolo\u010dn\u00e9 ENdemity\u201c je \u010fal\u0161\u00edm krokom k posilneniu cezhrani\u010dnej spolupr\u00e1ce v z\u00e1ujme biodiverzity Tatier. 16. apr\u00edla 2026 sa takmer 50 \u0161pecialistov zastupuj\u00facich n\u00e1rodn\u00e9 parky, v\u00fdskumn\u00e9 \u00fastavy [&hellip;]<\/p>\n","protected":false},"author":22,"featured_media":43665,"comment_status":"closed","ping_status":"open","sticky":false,"template":"","format":"standard","meta":{"_acf_changed":false,"inline_featured_image":false,"_themeisle_gutenberg_block_has_review":false,"footnotes":"","_links_to":"","_links_to_target":""},"categories":[1839,1909],"tags":[],"class_list":["post-43669","post","type-post","status-publish","format-standard","has-post-thumbnail","hentry","category-bez-kategorii","category-strona-glowna-sk"],"acf":[],"_links":{"self":[{"href":"https:\/\/plsk.eu\/sk\/wp-json\/wp\/v2\/posts\/43669","targetHints":{"allow":["GET"]}}],"collection":[{"href":"https:\/\/plsk.eu\/sk\/wp-json\/wp\/v2\/posts"}],"about":[{"href":"https:\/\/plsk.eu\/sk\/wp-json\/wp\/v2\/types\/post"}],"author":[{"embeddable":true,"href":"https:\/\/plsk.eu\/sk\/wp-json\/wp\/v2\/users\/22"}],"replies":[{"embeddable":true,"href":"https:\/\/plsk.eu\/sk\/wp-json\/wp\/v2\/comments?post=43669"}],"version-history":[{"count":1,"href":"https:\/\/plsk.eu\/sk\/wp-json\/wp\/v2\/posts\/43669\/revisions"}],"predecessor-version":[{"id":43670,"href":"https:\/\/plsk.eu\/sk\/wp-json\/wp\/v2\/posts\/43669\/revisions\/43670"}],"wp:featuredmedia":[{"embeddable":true,"href":"https:\/\/plsk.eu\/sk\/wp-json\/wp\/v2\/media\/43665"}],"wp:attachment":[{"href":"https:\/\/plsk.eu\/sk\/wp-json\/wp\/v2\/media?parent=43669"}],"wp:term":[{"taxonomy":"category","embeddable":true,"href":"https:\/\/plsk.eu\/sk\/wp-json\/wp\/v2\/categories?post=43669"},{"taxonomy":"post_tag","embeddable":true,"href":"https:\/\/plsk.eu\/sk\/wp-json\/wp\/v2\/tags?post=43669"}],"curies":[{"name":"wp","href":"https:\/\/api.w.org\/{rel}","templated":true}]}}