{"id":43720,"date":"2026-04-28T08:06:00","date_gmt":"2026-04-28T06:06:00","guid":{"rendered":"https:\/\/plsk.eu\/?p=43720"},"modified":"2026-04-27T14:16:53","modified_gmt":"2026-04-27T12:16:53","slug":"dalsie-dronove-skolenie-vdaka-prostriedkom-z-eu","status":"publish","type":"post","link":"https:\/\/plsk.eu\/sk\/dalsie-dronove-skolenie-vdaka-prostriedkom-z-eu\/","title":{"rendered":"\u010eal\u0161ie dronov\u00e9 \u0161kolenie v\u010faka prostriedkom z E\u00da"},"content":{"rendered":"\n<p>V d\u0148och 10. \u2013 12. apr\u00edla z\u00e1chran\u00e1ri GOPR Beskidy a Horsk\u00e1 slu\u017eba Mal\u00e1 Fatra absolvovali \u0161kolenie v oblasti z\u00e1chrany s vyu\u017eit\u00edm syst\u00e9mov BSP \u2013 bezpilotn\u00fdch lietaj\u00facich prostriedkov.<\/p>\n\n\n\n<p>\u0160kolenie sa uskuto\u010dnilo v r\u00e1mci projektu \u201eSpolupr\u00e1ca horsk\u00fdch z\u00e1chran\u00e1rov z Po\u013eska a Slovenska\u201c, ktor\u00fd je spolufinancovan\u00fd Eur\u00f3pskou \u00faniou z prostriedkov Eur\u00f3pskeho fondu region\u00e1lneho rozvoja v r\u00e1mci programu Interreg Po\u013esko \u2013 Slovensko 2021 \u2013 2027.<\/p>\n\n\n\n<p>Hlavn\u00fdm cie\u013eom \u0161kolenia bola unifik\u00e1cia vedomost\u00ed a zru\u010dnost\u00ed pilotov dronov v oblasti vedenia p\u00e1trac\u00edch akci\u00ed s vyu\u017eit\u00edm BSP.<\/p>\n\n\n\n<p>Po\u010das kurzu z\u00e1chran\u00e1ri v ter\u00e9nnych podmienkach realizovali praktick\u00e9 scen\u00e1re p\u00e1trac\u00edch akci\u00ed. Cvi\u010denia umo\u017enili rozv\u00edja\u0165 techniky, ktor\u00e9 s\u00fa obzvl\u00e1\u0161\u0165 u\u017eito\u010dn\u00e9 pri re\u00e1lnych z\u00e1chrann\u00fdch akci\u00e1ch v horskom ter\u00e9ne.<\/p>\n\n\n\n<p>Systematick\u00e9 vyu\u017e\u00edvanie dronov a vykon\u00e1vanie misi\u00ed v s\u00falade s vypracovan\u00fdmi postupmi v\u00fdrazne zvy\u0161uje efektivitu a r\u00fdchlos\u0165 p\u00e1trac\u00edch \u010dinnost\u00ed.<\/p>\n\n\n\n<h2 class=\"wp-block-heading\">Ni\u017e\u0161ie n\u00e1jdete fotoreport\u00e1\u017e zo \u0161kolenia:<\/h2>\n\n\n\n<div class=\"\">\n\n  <div class=\"widget-image-gallery galRB gal-2306\">\n\n    <div id=\"swiperGalFUll-2306\"\n      class=\"swiper widget-image-gallery__full swiper-initialized swiper-horizontal swiper-pointer-events swiper-backface-hidden\">\n\n      <div class=\"swiper-wrapper\" id=\"swiper-wrapper-2306\" aria-live=\"polite\"\n        style=\"transform: translate3d(0px, 0px, 0px);\">\n\n        \n\n        \n        <div class=\"swiper-slide excludeimg  swiper-slide-active \"\n            tabindex=\"0\"\n        data-sliderId =\"2306\"\n        data-bs-slide-to=\"0\"\n        data-title=\"\" role=\"group\"\n          data-bs-toggle=\"modal\" data-bs-target=\"#exampleModal2306\"\n          aria-label=\"1 \/ 5\"\n          style=\"background: linear-gradient(rgba(211, 211, 211), rgba(211, 211, 211))\">\n\n          <img decoding=\"async\" src=\"https:\/\/plsk.eu\/wp-content\/uploads\/2026\/04\/5.jpg\" class=\"gal_bg_img\" style=\"\n    width: 100% !important;\">\n\n          <img decoding=\"async\" src=\"https:\/\/plsk.eu\/wp-content\/uploads\/2026\/04\/5.jpg\" alt=\"Dw\u00f3ch m\u0119\u017cczyzn w kamizelkach odblaskowych stoi na polanie ty\u0142em do zdj\u0119cia i patrzy na co\u015b co trzyma w r\u0119kach Dvaja mu\u017ei v reflexn\u00fdch vest\u00e1ch stoja na l\u00fake chrbtom k fotoapar\u00e1tu a pozeraj\u00fa sa na nie\u010do, \u010do dr\u017eia v ruk\u00e1ch\" class=\"gal_main_img\" style=\"\">\n        <\/div>\n                \n\n        \n        <div class=\"swiper-slide excludeimg \"\n            tabindex=\"0\"\n        data-sliderId =\"2306\"\n        data-bs-slide-to=\"1\"\n        data-title=\"\" role=\"group\"\n          data-bs-toggle=\"modal\" data-bs-target=\"#exampleModal2306\"\n          aria-label=\"2 \/ 5\"\n          style=\"background: linear-gradient(rgba(211, 211, 211), rgba(211, 211, 211))\">\n\n          <img decoding=\"async\" src=\"https:\/\/plsk.eu\/wp-content\/uploads\/2026\/04\/4.jpg\" class=\"gal_bg_img\" style=\"\n    width: 100% !important;\">\n\n          <img decoding=\"async\" src=\"https:\/\/plsk.eu\/wp-content\/uploads\/2026\/04\/4.jpg\" alt=\"Dwa drony lec\u0105 na niebie. Poruszaj\u0105 si\u0119 im po cztery wirniki Na oblohe lietaj\u00fa dve drony. Pohybuj\u00fa sa pomocou \u0161tyroch vrt\u00fa\u013e\" class=\"gal_main_img\" style=\"\">\n        <\/div>\n                \n\n        \n        <div class=\"swiper-slide excludeimg \"\n            tabindex=\"0\"\n        data-sliderId =\"2306\"\n        data-bs-slide-to=\"2\"\n        data-title=\"\" role=\"group\"\n          data-bs-toggle=\"modal\" data-bs-target=\"#exampleModal2306\"\n          aria-label=\"3 \/ 5\"\n          style=\"background: linear-gradient(rgba(211, 211, 211), rgba(211, 211, 211))\">\n\n          <img decoding=\"async\" src=\"https:\/\/plsk.eu\/wp-content\/uploads\/2026\/04\/3-1.jpg\" class=\"gal_bg_img\" style=\"\n    width: 100% !important;\">\n\n          <img decoding=\"async\" src=\"https:\/\/plsk.eu\/wp-content\/uploads\/2026\/04\/3-1.jpg\" alt=\"Grupa dziesi\u0119ciu ratownik\u00f3w g\u00f3rskich w kurtkach i kamizelkach odblaskowych pozuje do zdj\u0119cia na polanie. Za nimi samoch\u00f3d specjalistyczny, przed nimi walizki z wystawionymi sze\u015bcioma dronami Skupina desiatich horsk\u00fdch z\u00e1chran\u00e1rov v bund\u00e1ch a reflexn\u00fdch vest\u00e1ch p\u00f3zuje na fotke na l\u00fake. Za nimi stoj\u00ed \u0161peci\u00e1lne vozidlo, pred nimi s\u00fa kufre, z ktor\u00fdch tr\u010d\u00ed \u0161es\u0165 dronov\" class=\"gal_main_img\" style=\"\">\n        <\/div>\n                \n\n        \n        <div class=\"swiper-slide excludeimg \"\n            tabindex=\"0\"\n        data-sliderId =\"2306\"\n        data-bs-slide-to=\"3\"\n        data-title=\"\" role=\"group\"\n          data-bs-toggle=\"modal\" data-bs-target=\"#exampleModal2306\"\n          aria-label=\"4 \/ 5\"\n          style=\"background: linear-gradient(rgba(211, 211, 211), rgba(211, 211, 211))\">\n\n          <img decoding=\"async\" src=\"https:\/\/plsk.eu\/wp-content\/uploads\/2026\/04\/2.jpg\" class=\"gal_bg_img\" style=\"\n    width: 100% !important;\">\n\n          <img decoding=\"async\" src=\"https:\/\/plsk.eu\/wp-content\/uploads\/2026\/04\/2.jpg\" alt=\"Dw\u00f3ch m\u0119\u017cczyzn w kamizelkach odblaskowych stoi ty\u0142em do zdj\u0119cia i patrzy na samoch\u00f3d specjalistyczny w kt\u00f3rym siedzi przed konsol\u0105 z ekranem inny m\u0119\u017cczyzna w odblaskowej kamizelce. O samoch\u00f3d opiera si\u0119 kolejny m\u0119\u017cczyzna Dvaja mu\u017ei v reflexn\u00fdch vest\u00e1ch stoja chrbtom k fotoapar\u00e1tu a pozeraj\u00fa sa na \u0161peci\u00e1lne vozidlo, v ktorom sed\u00ed pred konzolou s obrazovkou \u010fal\u0161\u00ed mu\u017e v reflexnej veste. O vozidlo sa opiera \u010fal\u0161\u00ed mu\u017e\" class=\"gal_main_img\" style=\"\">\n        <\/div>\n                \n\n        \n        <div class=\"swiper-slide excludeimg \"\n            tabindex=\"0\"\n        data-sliderId =\"2306\"\n        data-bs-slide-to=\"4\"\n        data-title=\"\" role=\"group\"\n          data-bs-toggle=\"modal\" data-bs-target=\"#exampleModal2306\"\n          aria-label=\"5 \/ 5\"\n          style=\"background: linear-gradient(rgba(211, 211, 211), rgba(211, 211, 211))\">\n\n          <img decoding=\"async\" src=\"https:\/\/plsk.eu\/wp-content\/uploads\/2026\/04\/1.jpg\" class=\"gal_bg_img\" style=\"\n    width: 100% !important;\">\n\n          <img decoding=\"async\" src=\"https:\/\/plsk.eu\/wp-content\/uploads\/2026\/04\/1.jpg\" alt=\"Dziewi\u0119ciu m\u0119\u017cczyzn w kurtkach i kamizelkach pozuje do zdj\u0119cia przy samochodzie specjalistycznym. Cz\u0119\u015b\u0107 z nich trzyma w r\u0119kach flag\u0119 z logotypem Programu Interreg Polska - S\u0142owacja. Dw\u00f3ch trzyma w r\u0119kach drony. Dev\u00e4\u0165 mu\u017eov v bund\u00e1ch a vest\u00e1ch p\u00f3zuje na fotografiu pri \u0161peci\u00e1lnom vozidle. Niektor\u00ed z nich dr\u017eia v ruk\u00e1ch vlajku s logom programu Interreg Po\u013esko \u2013 Slovensko. Dvaja dr\u017eia v ruk\u00e1ch drony.\" class=\"gal_main_img\" style=\"\">\n        <\/div>\n                \n\n\n      <\/div>\n\n\n      <span class=\"swiper-notification\" aria-live=\"assertive\" aria-atomic=\"true\"><\/span>\n\n    <\/div>\n\n    <div id=\"swiperGalThumb-2306\" data-galid=\"2306\"\n      class=\"swiper widget-image-gallery__thumbs swiper-initialized swiper-horizontal swiper-pointer-events swiper-free-mode swiper-backface-hidden swiper-thumbs\">\n      <div class=\"swiper-wrapper\" id=\"swiper-wrapper-2306\" aria-live=\"polite\"\n        style=\"transform: translate3d(0px, 0px, 0px);\">\n\n        \n        \n        <div class=\"swiper-slide swiper-slide-prev\" style=\"width: 139px; margin-right: 30px;\" role=\"group\">\n          <img decoding=\"async\" src=\"https:\/\/plsk.eu\/wp-content\/uploads\/2026\/04\/5.jpg\" alt=\"Dw\u00f3ch m\u0119\u017cczyzn w kamizelkach odblaskowych stoi na polanie ty\u0142em do zdj\u0119cia i patrzy na co\u015b co trzyma w r\u0119kach Dvaja mu\u017ei v reflexn\u00fdch vest\u00e1ch stoja na l\u00fake chrbtom k fotoapar\u00e1tu a pozeraj\u00fa sa na nie\u010do, \u010do dr\u017eia v ruk\u00e1ch\">\n        <\/div>\n        \n        \n        <div class=\"swiper-slide swiper-slide-prev\" style=\"width: 139px; margin-right: 30px;\" role=\"group\">\n          <img decoding=\"async\" src=\"https:\/\/plsk.eu\/wp-content\/uploads\/2026\/04\/4.jpg\" alt=\"Dwa drony lec\u0105 na niebie. Poruszaj\u0105 si\u0119 im po cztery wirniki Na oblohe lietaj\u00fa dve drony. Pohybuj\u00fa sa pomocou \u0161tyroch vrt\u00fa\u013e\">\n        <\/div>\n        \n        \n        <div class=\"swiper-slide swiper-slide-prev\" style=\"width: 139px; margin-right: 30px;\" role=\"group\">\n          <img decoding=\"async\" src=\"https:\/\/plsk.eu\/wp-content\/uploads\/2026\/04\/3-1.jpg\" alt=\"Grupa dziesi\u0119ciu ratownik\u00f3w g\u00f3rskich w kurtkach i kamizelkach odblaskowych pozuje do zdj\u0119cia na polanie. Za nimi samoch\u00f3d specjalistyczny, przed nimi walizki z wystawionymi sze\u015bcioma dronami Skupina desiatich horsk\u00fdch z\u00e1chran\u00e1rov v bund\u00e1ch a reflexn\u00fdch vest\u00e1ch p\u00f3zuje na fotke na l\u00fake. Za nimi stoj\u00ed \u0161peci\u00e1lne vozidlo, pred nimi s\u00fa kufre, z ktor\u00fdch tr\u010d\u00ed \u0161es\u0165 dronov\">\n        <\/div>\n        \n        \n        <div class=\"swiper-slide swiper-slide-prev\" style=\"width: 139px; margin-right: 30px;\" role=\"group\">\n          <img decoding=\"async\" src=\"https:\/\/plsk.eu\/wp-content\/uploads\/2026\/04\/2.jpg\" alt=\"Dw\u00f3ch m\u0119\u017cczyzn w kamizelkach odblaskowych stoi ty\u0142em do zdj\u0119cia i patrzy na samoch\u00f3d specjalistyczny w kt\u00f3rym siedzi przed konsol\u0105 z ekranem inny m\u0119\u017cczyzna w odblaskowej kamizelce. O samoch\u00f3d opiera si\u0119 kolejny m\u0119\u017cczyzna Dvaja mu\u017ei v reflexn\u00fdch vest\u00e1ch stoja chrbtom k fotoapar\u00e1tu a pozeraj\u00fa sa na \u0161peci\u00e1lne vozidlo, v ktorom sed\u00ed pred konzolou s obrazovkou \u010fal\u0161\u00ed mu\u017e v reflexnej veste. O vozidlo sa opiera \u010fal\u0161\u00ed mu\u017e\">\n        <\/div>\n        \n        \n        <div class=\"swiper-slide swiper-slide-prev\" style=\"width: 139px; margin-right: 30px;\" role=\"group\">\n          <img decoding=\"async\" src=\"https:\/\/plsk.eu\/wp-content\/uploads\/2026\/04\/1.jpg\" alt=\"Dziewi\u0119ciu m\u0119\u017cczyzn w kurtkach i kamizelkach pozuje do zdj\u0119cia przy samochodzie specjalistycznym. Cz\u0119\u015b\u0107 z nich trzyma w r\u0119kach flag\u0119 z logotypem Programu Interreg Polska - S\u0142owacja. Dw\u00f3ch trzyma w r\u0119kach drony. Dev\u00e4\u0165 mu\u017eov v bund\u00e1ch a vest\u00e1ch p\u00f3zuje na fotografiu pri \u0161peci\u00e1lnom vozidle. Niektor\u00ed z nich dr\u017eia v ruk\u00e1ch vlajku s logom programu Interreg Po\u013esko \u2013 Slovensko. Dvaja dr\u017eia v ruk\u00e1ch drony.\">\n        <\/div>\n        \n\n      <\/div>\n      <span class=\"swiper-notification\" aria-live=\"assertive\" aria-atomic=\"true\"><\/span>\n    <\/div>\n          <!--\n    <div class=\"widget-image-gallery__caption\">\n      <p>Opis zdj\u0119cia5, fot. Jan Kowalski<\/p>\n    <\/div>-->\n\n\n    <div class=\"image-swiper-button-prev swiper-button-prev\" role=\"button\" aria-label=\"Predch\u00e1dzaj\u00faci obr\u00e1zok\"\n      aria-controls=\"swiper-wrapper-2306\" aria-disabled=\"false\">\n    <\/div>\n\n    <div class=\"image-swiper-button-next swiper-button-next swiper-button-disabled\" role=\"button\"\n      aria-label=\"\u010eal\u0161\u00ed obr\u00e1zok\" aria-controls=\"swiper-wrapper-5958\" aria-disabled=\"true\">\n    <\/div>\n\n\n\n\n  <\/div>\n\n  \n  <div class=\"modal fade gal_modal\" id=\"exampleModal2306\" tabindex=\"-1\" aria-hidden=\"true\">\n    <div class=\"modal-dialog\">\n      <div class=\"modal-content\">\n        <div class=\"modal-header\">\n          <button type=\"button\" class=\"btn-close\" data-bs-dismiss=\"modal\" aria-label=\"Zamkn\u0105\u0107\">\n          <img decoding=\"async\"\n              src=\"https:\/\/plsk.eu\/wp-content\/themes\/fundusze\/assets\/images\/close.svg\"\n              alt=Zamkn\u0105\u0107>\n          <span class=\"visually-hidden\">Zamkn\u0105\u0107<\/span>\n        <\/button>\n        <\/div>\n\n          <div class=\"row no_mobile\">\n\n            <div class=\"col-xxl-2 col-xl-2 col-lg-2 col-md-2 col-sm-2 gal_left\">\n              <button type=\"button\" data-bs-target=\"#carouselExample2306\" data-bs-slide=\"prev\"\n                aria-label=\"Predch\u00e1dzaj\u00faci obr\u00e1zok\">\n                <img decoding=\"async\" src=\"https:\/\/plsk.eu\/wp-content\/themes\/fundusze\/assets\/images\/back.svg\" alt=\"\"> <\/button>\n            <\/div>\n\n            <div class=\"col-xxl-8 col-xl-8 col-lg-8 col-md-8 col-sm-8\">\n\n              <div id=\"carouselExample2306\" class=\"carousel slide\" data-bs-interval=\"50000\"\n                data-bs-ride=\"carousel\">\n\n                <div class=\"carousel-inner\">\n\n                  \n                                    <div class=\"carousel-item  active \">\n                    <img decoding=\"async\" src=\"https:\/\/plsk.eu\/wp-content\/uploads\/2026\/04\/5.jpg\" alt=\"Dw\u00f3ch m\u0119\u017cczyzn w kamizelkach odblaskowych stoi na polanie ty\u0142em do zdj\u0119cia i patrzy na co\u015b co trzyma w r\u0119kach Dvaja mu\u017ei v reflexn\u00fdch vest\u00e1ch stoja na l\u00fake chrbtom k fotoapar\u00e1tu a pozeraj\u00fa sa na nie\u010do, \u010do dr\u017eia v ruk\u00e1ch\" class=\"img_all\">\n                    <div class=\"row\">\n\n                      <div class=\"col-xxl-12 col-xl-12 col-lg-12 col-md-12 col-sm-12\">\n                        <div class=\"img_caption\">\n                          <div class=\"cap_text\">\n                                                                                  <\/div>\n                          <div class=\"cap_num\">\n                            <strong> 1 z 5<\/strong>\n                          <\/div>\n\n                        <\/div>\n                      <\/div>\n\n                    <\/div>\n                  <\/div>\n                                    \n                                    <div class=\"carousel-item \">\n                    <img decoding=\"async\" src=\"https:\/\/plsk.eu\/wp-content\/uploads\/2026\/04\/4.jpg\" alt=\"Dwa drony lec\u0105 na niebie. Poruszaj\u0105 si\u0119 im po cztery wirniki Na oblohe lietaj\u00fa dve drony. Pohybuj\u00fa sa pomocou \u0161tyroch vrt\u00fa\u013e\" class=\"img_all\">\n                    <div class=\"row\">\n\n                      <div class=\"col-xxl-12 col-xl-12 col-lg-12 col-md-12 col-sm-12\">\n                        <div class=\"img_caption\">\n                          <div class=\"cap_text\">\n                                                                                  <\/div>\n                          <div class=\"cap_num\">\n                            <strong> 2 z 5<\/strong>\n                          <\/div>\n\n                        <\/div>\n                      <\/div>\n\n                    <\/div>\n                  <\/div>\n                                    \n                                    <div class=\"carousel-item \">\n                    <img decoding=\"async\" src=\"https:\/\/plsk.eu\/wp-content\/uploads\/2026\/04\/3-1.jpg\" alt=\"Grupa dziesi\u0119ciu ratownik\u00f3w g\u00f3rskich w kurtkach i kamizelkach odblaskowych pozuje do zdj\u0119cia na polanie. Za nimi samoch\u00f3d specjalistyczny, przed nimi walizki z wystawionymi sze\u015bcioma dronami Skupina desiatich horsk\u00fdch z\u00e1chran\u00e1rov v bund\u00e1ch a reflexn\u00fdch vest\u00e1ch p\u00f3zuje na fotke na l\u00fake. Za nimi stoj\u00ed \u0161peci\u00e1lne vozidlo, pred nimi s\u00fa kufre, z ktor\u00fdch tr\u010d\u00ed \u0161es\u0165 dronov\" class=\"img_all\">\n                    <div class=\"row\">\n\n                      <div class=\"col-xxl-12 col-xl-12 col-lg-12 col-md-12 col-sm-12\">\n                        <div class=\"img_caption\">\n                          <div class=\"cap_text\">\n                                                                                  <\/div>\n                          <div class=\"cap_num\">\n                            <strong> 3 z 5<\/strong>\n                          <\/div>\n\n                        <\/div>\n                      <\/div>\n\n                    <\/div>\n                  <\/div>\n                                    \n                                    <div class=\"carousel-item \">\n                    <img decoding=\"async\" src=\"https:\/\/plsk.eu\/wp-content\/uploads\/2026\/04\/2.jpg\" alt=\"Dw\u00f3ch m\u0119\u017cczyzn w kamizelkach odblaskowych stoi ty\u0142em do zdj\u0119cia i patrzy na samoch\u00f3d specjalistyczny w kt\u00f3rym siedzi przed konsol\u0105 z ekranem inny m\u0119\u017cczyzna w odblaskowej kamizelce. O samoch\u00f3d opiera si\u0119 kolejny m\u0119\u017cczyzna Dvaja mu\u017ei v reflexn\u00fdch vest\u00e1ch stoja chrbtom k fotoapar\u00e1tu a pozeraj\u00fa sa na \u0161peci\u00e1lne vozidlo, v ktorom sed\u00ed pred konzolou s obrazovkou \u010fal\u0161\u00ed mu\u017e v reflexnej veste. O vozidlo sa opiera \u010fal\u0161\u00ed mu\u017e\" class=\"img_all\">\n                    <div class=\"row\">\n\n                      <div class=\"col-xxl-12 col-xl-12 col-lg-12 col-md-12 col-sm-12\">\n                        <div class=\"img_caption\">\n                          <div class=\"cap_text\">\n                                                                                  <\/div>\n                          <div class=\"cap_num\">\n                            <strong> 4 z 5<\/strong>\n                          <\/div>\n\n                        <\/div>\n                      <\/div>\n\n                    <\/div>\n                  <\/div>\n                                    \n                                    <div class=\"carousel-item \">\n                    <img decoding=\"async\" src=\"https:\/\/plsk.eu\/wp-content\/uploads\/2026\/04\/1.jpg\" alt=\"Dziewi\u0119ciu m\u0119\u017cczyzn w kurtkach i kamizelkach pozuje do zdj\u0119cia przy samochodzie specjalistycznym. Cz\u0119\u015b\u0107 z nich trzyma w r\u0119kach flag\u0119 z logotypem Programu Interreg Polska - S\u0142owacja. Dw\u00f3ch trzyma w r\u0119kach drony. Dev\u00e4\u0165 mu\u017eov v bund\u00e1ch a vest\u00e1ch p\u00f3zuje na fotografiu pri \u0161peci\u00e1lnom vozidle. Niektor\u00ed z nich dr\u017eia v ruk\u00e1ch vlajku s logom programu Interreg Po\u013esko \u2013 Slovensko. Dvaja dr\u017eia v ruk\u00e1ch drony.\" class=\"img_all\">\n                    <div class=\"row\">\n\n                      <div class=\"col-xxl-12 col-xl-12 col-lg-12 col-md-12 col-sm-12\">\n                        <div class=\"img_caption\">\n                          <div class=\"cap_text\">\n                                                                                  <\/div>\n                          <div class=\"cap_num\">\n                            <strong> 5 z 5<\/strong>\n                          <\/div>\n\n                        <\/div>\n                      <\/div>\n\n                    <\/div>\n                  <\/div>\n                                    \n                <\/div>\n\n              <\/div>\n\n            <\/div>\n            <div class=\"col-xxl-2 col-xl-2 col-lg-2 col-md-2 col-sm-2 gal_right\">\n              <button type=\"button\" data-bs-target=\"#carouselExample2306\" data-bs-slide=\"next\"\n                aria-label=\"\u010eal\u0161\u00ed obr\u00e1zok\"> <img decoding=\"async\"\n                  src=\"https:\/\/plsk.eu\/wp-content\/themes\/fundusze\/assets\/images\/next.svg\" alt=\"\"><\/button>\n            <\/div>\n\n          <\/div>\n\n\n          <div class=\"row no_desk\">\n\n            <div class=\"col-xxl-8 col-xl-8 col-lg-8 col-md-8 col-sm-8\">\n\n              <div id=\"carouselExample2306mob2306\" class=\"carousel slide\" data-bs-interval=\"50000\"\n                data-bs-ride=\"carousel\">\n\n                <div class=\"carousel-inner\">\n\n                  \n                                    <div class=\"carousel-item  active \">\n                    <img decoding=\"async\" src=\"https:\/\/plsk.eu\/wp-content\/uploads\/2026\/04\/5.jpg\" alt=\"Dw\u00f3ch m\u0119\u017cczyzn w kamizelkach odblaskowych stoi na polanie ty\u0142em do zdj\u0119cia i patrzy na co\u015b co trzyma w r\u0119kach Dvaja mu\u017ei v reflexn\u00fdch vest\u00e1ch stoja na l\u00fake chrbtom k fotoapar\u00e1tu a pozeraj\u00fa sa na nie\u010do, \u010do dr\u017eia v ruk\u00e1ch\" class=\"img_all\">\n                    <div class=\"row\">\n\n                      <div class=\"col-xxl-12 col-xl-12 col-lg-12 col-md-12 col-sm-12\">\n                        <div class=\"img_caption\">\n                          <div class=\"cap_text\">\n                            \n                                                      <\/div>\n                          <div class=\"cap_num\">\n                            <strong> 1 z 5<\/strong>\n                          <\/div>\n\n                        <\/div>\n                      <\/div>\n\n                    <\/div>\n                  <\/div>\n                  \n                                    <div class=\"carousel-item \">\n                    <img decoding=\"async\" src=\"https:\/\/plsk.eu\/wp-content\/uploads\/2026\/04\/4.jpg\" alt=\"Dwa drony lec\u0105 na niebie. Poruszaj\u0105 si\u0119 im po cztery wirniki Na oblohe lietaj\u00fa dve drony. Pohybuj\u00fa sa pomocou \u0161tyroch vrt\u00fa\u013e\" class=\"img_all\">\n                    <div class=\"row\">\n\n                      <div class=\"col-xxl-12 col-xl-12 col-lg-12 col-md-12 col-sm-12\">\n                        <div class=\"img_caption\">\n                          <div class=\"cap_text\">\n                            \n                                                      <\/div>\n                          <div class=\"cap_num\">\n                            <strong> 2 z 5<\/strong>\n                          <\/div>\n\n                        <\/div>\n                      <\/div>\n\n                    <\/div>\n                  <\/div>\n                  \n                                    <div class=\"carousel-item \">\n                    <img decoding=\"async\" src=\"https:\/\/plsk.eu\/wp-content\/uploads\/2026\/04\/3-1.jpg\" alt=\"Grupa dziesi\u0119ciu ratownik\u00f3w g\u00f3rskich w kurtkach i kamizelkach odblaskowych pozuje do zdj\u0119cia na polanie. Za nimi samoch\u00f3d specjalistyczny, przed nimi walizki z wystawionymi sze\u015bcioma dronami Skupina desiatich horsk\u00fdch z\u00e1chran\u00e1rov v bund\u00e1ch a reflexn\u00fdch vest\u00e1ch p\u00f3zuje na fotke na l\u00fake. Za nimi stoj\u00ed \u0161peci\u00e1lne vozidlo, pred nimi s\u00fa kufre, z ktor\u00fdch tr\u010d\u00ed \u0161es\u0165 dronov\" class=\"img_all\">\n                    <div class=\"row\">\n\n                      <div class=\"col-xxl-12 col-xl-12 col-lg-12 col-md-12 col-sm-12\">\n                        <div class=\"img_caption\">\n                          <div class=\"cap_text\">\n                            \n                                                      <\/div>\n                          <div class=\"cap_num\">\n                            <strong> 3 z 5<\/strong>\n                          <\/div>\n\n                        <\/div>\n                      <\/div>\n\n                    <\/div>\n                  <\/div>\n                  \n                                    <div class=\"carousel-item \">\n                    <img decoding=\"async\" src=\"https:\/\/plsk.eu\/wp-content\/uploads\/2026\/04\/2.jpg\" alt=\"Dw\u00f3ch m\u0119\u017cczyzn w kamizelkach odblaskowych stoi ty\u0142em do zdj\u0119cia i patrzy na samoch\u00f3d specjalistyczny w kt\u00f3rym siedzi przed konsol\u0105 z ekranem inny m\u0119\u017cczyzna w odblaskowej kamizelce. O samoch\u00f3d opiera si\u0119 kolejny m\u0119\u017cczyzna Dvaja mu\u017ei v reflexn\u00fdch vest\u00e1ch stoja chrbtom k fotoapar\u00e1tu a pozeraj\u00fa sa na \u0161peci\u00e1lne vozidlo, v ktorom sed\u00ed pred konzolou s obrazovkou \u010fal\u0161\u00ed mu\u017e v reflexnej veste. O vozidlo sa opiera \u010fal\u0161\u00ed mu\u017e\" class=\"img_all\">\n                    <div class=\"row\">\n\n                      <div class=\"col-xxl-12 col-xl-12 col-lg-12 col-md-12 col-sm-12\">\n                        <div class=\"img_caption\">\n                          <div class=\"cap_text\">\n                            \n                                                      <\/div>\n                          <div class=\"cap_num\">\n                            <strong> 4 z 5<\/strong>\n                          <\/div>\n\n                        <\/div>\n                      <\/div>\n\n                    <\/div>\n                  <\/div>\n                  \n                                    <div class=\"carousel-item \">\n                    <img decoding=\"async\" src=\"https:\/\/plsk.eu\/wp-content\/uploads\/2026\/04\/1.jpg\" alt=\"Dziewi\u0119ciu m\u0119\u017cczyzn w kurtkach i kamizelkach pozuje do zdj\u0119cia przy samochodzie specjalistycznym. Cz\u0119\u015b\u0107 z nich trzyma w r\u0119kach flag\u0119 z logotypem Programu Interreg Polska - S\u0142owacja. Dw\u00f3ch trzyma w r\u0119kach drony. Dev\u00e4\u0165 mu\u017eov v bund\u00e1ch a vest\u00e1ch p\u00f3zuje na fotografiu pri \u0161peci\u00e1lnom vozidle. Niektor\u00ed z nich dr\u017eia v ruk\u00e1ch vlajku s logom programu Interreg Po\u013esko \u2013 Slovensko. Dvaja dr\u017eia v ruk\u00e1ch drony.\" class=\"img_all\">\n                    <div class=\"row\">\n\n                      <div class=\"col-xxl-12 col-xl-12 col-lg-12 col-md-12 col-sm-12\">\n                        <div class=\"img_caption\">\n                          <div class=\"cap_text\">\n                            \n                                                      <\/div>\n                          <div class=\"cap_num\">\n                            <strong> 5 z 5<\/strong>\n                          <\/div>\n\n                        <\/div>\n                      <\/div>\n\n                    <\/div>\n                  <\/div>\n                                  <\/div>\n              <\/div>\n\n            <\/div>\n            <div class=\"col-xxl-2 col-xl-2 col-lg-2 col-md-2 col-sm-12 gal_arrow mb-30px\">\n              <img decoding=\"async\" src=\"https:\/\/plsk.eu\/wp-content\/themes\/fundusze\/assets\/images\/back.svg\"\n                data-bs-target=\"#carouselExample2306mob2306\" data-bs-slide=\"prev\" alt=\"\"> <img decoding=\"async\"\n                src=\"https:\/\/plsk.eu\/wp-content\/themes\/fundusze\/assets\/images\/next.svg\"\n                data-bs-target=\"#carouselExample2306mob2306\" data-bs-slide=\"next\" alt=\"\">\n            <\/div>\n\n          <\/div>\n      <\/div>\n    <\/div>\n  <\/div>\n\n  ","protected":false},"excerpt":{"rendered":"<p>V d\u0148och 10. \u2013 12. apr\u00edla z\u00e1chran\u00e1ri GOPR Beskidy a Horsk\u00e1 slu\u017eba Mal\u00e1 Fatra absolvovali \u0161kolenie v oblasti z\u00e1chrany s vyu\u017eit\u00edm syst\u00e9mov BSP \u2013 bezpilotn\u00fdch lietaj\u00facich prostriedkov. \u0160kolenie sa uskuto\u010dnilo v r\u00e1mci projektu \u201eSpolupr\u00e1ca horsk\u00fdch z\u00e1chran\u00e1rov z Po\u013eska a Slovenska\u201c, ktor\u00fd je spolufinancovan\u00fd Eur\u00f3pskou \u00faniou z prostriedkov Eur\u00f3pskeho fondu region\u00e1lneho rozvoja v r\u00e1mci programu Interreg [&hellip;]<\/p>\n","protected":false},"author":22,"featured_media":43716,"comment_status":"closed","ping_status":"open","sticky":false,"template":"","format":"standard","meta":{"_acf_changed":false,"inline_featured_image":false,"_themeisle_gutenberg_block_has_review":false,"footnotes":"","_links_to":"","_links_to_target":""},"categories":[1839,1909],"tags":[],"class_list":["post-43720","post","type-post","status-publish","format-standard","has-post-thumbnail","hentry","category-bez-kategorii","category-strona-glowna-sk"],"acf":[],"_links":{"self":[{"href":"https:\/\/plsk.eu\/sk\/wp-json\/wp\/v2\/posts\/43720","targetHints":{"allow":["GET"]}}],"collection":[{"href":"https:\/\/plsk.eu\/sk\/wp-json\/wp\/v2\/posts"}],"about":[{"href":"https:\/\/plsk.eu\/sk\/wp-json\/wp\/v2\/types\/post"}],"author":[{"embeddable":true,"href":"https:\/\/plsk.eu\/sk\/wp-json\/wp\/v2\/users\/22"}],"replies":[{"embeddable":true,"href":"https:\/\/plsk.eu\/sk\/wp-json\/wp\/v2\/comments?post=43720"}],"version-history":[{"count":1,"href":"https:\/\/plsk.eu\/sk\/wp-json\/wp\/v2\/posts\/43720\/revisions"}],"predecessor-version":[{"id":43721,"href":"https:\/\/plsk.eu\/sk\/wp-json\/wp\/v2\/posts\/43720\/revisions\/43721"}],"wp:featuredmedia":[{"embeddable":true,"href":"https:\/\/plsk.eu\/sk\/wp-json\/wp\/v2\/media\/43716"}],"wp:attachment":[{"href":"https:\/\/plsk.eu\/sk\/wp-json\/wp\/v2\/media?parent=43720"}],"wp:term":[{"taxonomy":"category","embeddable":true,"href":"https:\/\/plsk.eu\/sk\/wp-json\/wp\/v2\/categories?post=43720"},{"taxonomy":"post_tag","embeddable":true,"href":"https:\/\/plsk.eu\/sk\/wp-json\/wp\/v2\/tags?post=43720"}],"curies":[{"name":"wp","href":"https:\/\/api.w.org\/{rel}","templated":true}]}}