{"id":45439,"date":"2026-09-04T08:44:00","date_gmt":"2026-09-04T06:44:00","guid":{"rendered":"https:\/\/plsk.eu\/?p=45439"},"modified":"2026-08-26T14:15:03","modified_gmt":"2026-08-26T12:15:03","slug":"rozhovor-spolupraca-horskych-zachranarov-z-polska-a-slovenska","status":"publish","type":"post","link":"https:\/\/plsk.eu\/sk\/rozhovor-spolupraca-horskych-zachranarov-z-polska-a-slovenska\/","title":{"rendered":"Rozhovor: Spolupr\u00e1ca horsk\u00fdch z\u00e1chran\u00e1rov z Po\u013eska a Slovenska"},"content":{"rendered":"\n<p class=\"wp-block-paragraph\">Pokra\u010dujeme v s\u00e9rii rozhovorov, ktor\u00e9 ukazuj\u00fa, ako sa po\u013esko-slovensk\u00e9 pohrani\u010die st\u00e1va bezpe\u010dnej\u0161\u00edm, odolnej\u0161\u00edm vo\u010di pr\u00edrodn\u00fdm katastrof\u00e1m a lep\u0161ie prisp\u00f4soben\u00fdm na zmenu kl\u00edmy. Rozhovory realizujeme v r\u00e1mci hesla: Bezpe\u010dnej\u0161ie po\u013esko-slovensk\u00e9 pohrani\u010die pre v\u0161etk\u00fdch!<\/p>\n\n\n\n<p class=\"wp-block-paragraph\">Projekt \u201eSpolupr\u00e1ca horsk\u00fdch z\u00e1chran\u00e1rov z Po\u013eska a Slovenska\u201c realizuje Nad\u00e1cia ICAD v spolupr\u00e1ci s GOPR Grupa Beskidzka a Horskou slu\u017ebou Mal\u00e1 Fatra. Rozhovor sme uskuto\u010dnili s p. Edytou Tyc, predsedn\u00ed\u010dkou spr\u00e1vnej rady Nad\u00e1cie ICAD, ktor\u00e1 je ved\u00facim partnerom projektu.<\/p>\n\n\n\n<h3 class=\"wp-block-heading\"><strong>Dobr\u00fd de\u0148. Ve\u013emi pekne \u010fakujem za mo\u017enos\u0165 uskuto\u010dni\u0165 tento rozhovor. Povedzte n\u00e1m, pros\u00edm, ak\u00fa \u00falohu hr\u00e1te v projekte?<\/strong><\/h3>\n\n\n\n<p class=\"wp-block-paragraph\">Som z\u00e1stupky\u0148ou Nad\u00e1cie ICAD, ktor\u00e1 v \u0148om pln\u00ed \u00falohu ved\u00faceho partnera. Zodpoved\u00e1me predov\u0161etk\u00fdm za koordin\u00e1ciu aktiv\u00edt, spolupr\u00e1cu medzi partnermi a za organiza\u010dn\u00e9 a administrat\u00edvne ot\u00e1zky spojen\u00e9 s realiz\u00e1ciou projektu.<\/p>\n\n\n\n<h3 class=\"wp-block-heading\"><strong>\u010co bolo hlavn\u00fdm cie\u013eom projektu a na ak\u00fd probl\u00e9m reagoval?<\/strong><\/h3>\n\n\n\n<p class=\"wp-block-paragraph\">Hlavn\u00fdm cie\u013eom projektu je zlep\u0161enie spolupr\u00e1ce medzi horsk\u00fdmi z\u00e1chran\u00e1rmi z Po\u013eska a Slovenska. Ide predov\u0161etk\u00fdm o spolo\u010dn\u00e9 \u0161kolenia, v\u00fdmenu sk\u00fasenost\u00ed, lep\u0161ie spoznanie fungovania slu\u017eieb na oboch stran\u00e1ch hranice a vypracovanie rie\u0161en\u00ed, ktor\u00e9 bude mo\u017en\u00e9 n\u00e1sledne vyu\u017ei\u0165 v praxi.<\/p>\n\n\n\n<p class=\"wp-block-paragraph\">Projekt reaguje na ve\u013emi konkr\u00e9tnu potrebu. V hor\u00e1ch nem\u00e1 administrat\u00edvna hranica pre \u010dloveka, ktor\u00fd potrebuje pomoc, v\u00e4\u010d\u0161\u00ed v\u00fdznam. Preto je d\u00f4le\u017eit\u00e9, aby zlo\u017eky poznali svoje postupy, dok\u00e1zali spolu odborne komunikova\u0165 a vedeli, ako spolupracova\u0165 pri spolo\u010dn\u00fdch z\u00e1sahoch.<\/p>\n\n\n\n<p class=\"wp-block-paragraph\">Jedn\u00fdm z v\u00fdsledkov projektu bude aj denn\u00edk dobr\u00fdch prax\u00ed, v ktorom zhroma\u017ed\u00edme sk\u00fasenosti, rie\u0161enia a odpor\u00fa\u010dania vypracovan\u00e9 po\u010das \u0161kolen\u00ed a workshopov.<\/p>\n\n\n\n<h3 class=\"wp-block-heading\"><strong>Ako vznikla my\u0161lienka na projekt a ako ste na\u0161li projektov\u00fdch partnerov?<\/strong><\/h3>\n\n\n\n<p class=\"wp-block-paragraph\">V horskom prostred\u00ed p\u00f4sob\u00edme u\u017e mnoho rokov. \u010casto sa stret\u00e1vame so z\u00e1chran\u00e1rmi, rozpr\u00e1vame sa s nimi a spolo\u010dne pracujeme. V\u010faka tomu dobre pozn\u00e1me probl\u00e9my spojen\u00e9 tak so syst\u00e9mov\u00fdm fungovan\u00edm zlo\u017eiek, ako aj s ich ka\u017edodennou technickou pr\u00e1cou v ter\u00e9ne.<\/p>\n\n\n\n<p class=\"wp-block-paragraph\">Po\u010das jedn\u00e9ho z tak\u00fdchto rozhovorov vznikla my\u0161lienka, \u017ee by st\u00e1lo za to vytvori\u0165 priestor na spolo\u010dn\u00e9 cvi\u010denia, v\u00fdmenu sk\u00fasenost\u00ed a vypracovanie dobr\u00fdch prax\u00ed, ktor\u00e9 by mohli re\u00e1lne zlep\u0161i\u0165 spolupr\u00e1cu zlo\u017eiek v pohrani\u010d\u00ed. Z t\u00fdchto rozhovorov postupne vznikol n\u00e1pad na cel\u00fd projekt.<\/p>\n\n\n\n<p class=\"wp-block-paragraph\">Partnerov sme poznali u\u017e predt\u00fdm. Mali sme sk\u00fasenosti so spolupr\u00e1cou a vedeli sme, \u017ee sa na seba m\u00f4\u017eeme spo\u013eahn\u00fa\u0165. V tomto oh\u013eade sme teda mali \u00falohu u\u013eah\u010den\u00fa.<\/p>\n\n\n\n<h3 class=\"wp-block-heading\"><strong>\u010co v\u00e1s viedlo k \u00fa\u010dasti pr\u00e1ve v programe Interreg?<\/strong><\/h3>\n\n\n\n<p class=\"wp-block-paragraph\">Program Interreg poskytuje mo\u017enos\u0165 z\u00edska\u0165 finan\u010dn\u00e9 prostriedky na aktivity, ktor\u00e9 sa t\u00fdkaj\u00fa konkr\u00e9tnych potrieb regi\u00f3nu a vy\u017eaduj\u00fa spolupr\u00e1cu na oboch stran\u00e1ch hranice. Ciele programu ve\u013emi dobre zapadali do potrieb z\u00e1chran\u00e1rskych zlo\u017eiek p\u00f4sobiacich v po\u013esko-slovenskom pohrani\u010d\u00ed.<\/p>\n\n\n\n<p class=\"wp-block-paragraph\">D\u00f4le\u017eit\u00e9 bolo aj to, \u017ee ide o program zameran\u00fd pr\u00e1ve na region\u00e1lnu spolupr\u00e1cu. V\u010faka tomu sme mohli vytvori\u0165 projekt reaguj\u00faci na ve\u013emi konkr\u00e9tne probl\u00e9my tejto oblasti a nemuseli sme sa ho sna\u017ei\u0165 prisp\u00f4sobova\u0165 \u0161ir\u0161ej, celo\u0161t\u00e1tnej s\u00fa\u0165a\u017ei.<\/p>\n\n\n\n<h3 class=\"wp-block-heading\"><strong>Tak\u017ee sa oplat\u00ed \u00eds\u0165 do Interregu?<\/strong><\/h3>\n\n\n\n<p class=\"wp-block-paragraph\">Rozhodne \u00e1no. Interreg umo\u017e\u0148uje realizova\u0165 ciele, ktor\u00e9 s\u00fa \u010dasto z\u00e1rove\u0148 \u0161tatut\u00e1rnymi alebo strategick\u00fdmi cie\u013emi z\u00fa\u010dastnen\u00fdch in\u0161tit\u00faci\u00ed. Poskytuje prostriedky na aktivity, ktor\u00e9 by sa bez takejto podpory nebolo v\u017edy mo\u017en\u00e9 realizova\u0165 v podobnom rozsahu.<\/p>\n\n\n\n<p class=\"wp-block-paragraph\">Samotn\u00fd program je n\u00e1ro\u010dn\u00fd, ale tak vo f\u00e1ze pr\u00edpravy projektu, ako aj nesk\u00f4r pri jeho realiz\u00e1cii sa mo\u017eno spo\u013eahn\u00fa\u0165 na podporu in\u0161tit\u00faci\u00ed zapojen\u00fdch do implement\u00e1cie programu. To ve\u013emi pom\u00e1ha, najm\u00e4 ak ide o prv\u00fd projekt tohto typu.<\/p>\n\n\n\n<h3 class=\"wp-block-heading\"><strong>M\u00f4\u017eete uvies\u0165, ktor\u00e1 f\u00e1za projektu bola naj\u0165a\u017e\u0161ia a pre\u010do?<\/strong><\/h3>\n\n\n\n<p class=\"wp-block-paragraph\">Mierne so \u017eartom: pr\u00edprava aj realiz\u00e1cia. Ka\u017ed\u00e1 z t\u00fdchto f\u00e1z m\u00e1 svoje \u00faskalia.<\/p>\n\n\n\n<p class=\"wp-block-paragraph\">Vo f\u00e1ze pr\u00edpravy bolo potrebn\u00e9 zhroma\u017edi\u0165 v\u0161etky inform\u00e1cie, usporiada\u0165 n\u00e1pady a potreby partnerov, pretransformova\u0165 ich do konkr\u00e9tnych aktiv\u00edt a n\u00e1sledne ich op\u00edsa\u0165 tak, aby sp\u013a\u0148ali po\u017eiadavky programu. Interreg je administrat\u00edvne pomerne n\u00e1ro\u010dn\u00fd program, tak\u017ee vytvorenie dobr\u00e9ho projektu si vy\u017eaduje \u010das a presnos\u0165.<\/p>\n\n\n\n<p class=\"wp-block-paragraph\">Po\u010das realiz\u00e1cie sa zasa u\u010d\u00edme, ako sa obratne pohybova\u0165 v pr\u00e1vnych, finan\u010dn\u00fdch a administrat\u00edvnych po\u017eiadavk\u00e1ch. Posledn\u00e9 mesiace boli pre n\u00e1s ve\u013emi intenz\u00edvne a ve\u013ea n\u00e1s nau\u010dili. D\u00fafam, \u017ee naj\u0165a\u017e\u0161iu f\u00e1zu zav\u00e1dzania t\u00fdchto postupov m\u00e1me u\u017e za sebou a \u010falej to u\u017e bude \u013eah\u0161ie.<\/p>\n\n\n\n<h3 class=\"wp-block-heading\"><strong>\u010co bolo najv\u00e4\u010d\u0161ou prek\u00e1\u017ekou alebo v\u00fdzvou po\u010das realiz\u00e1cie projektu a ako ste sa s t\u00fdm vyrovnali?<\/strong><\/h3>\n\n\n\n<p class=\"wp-block-paragraph\">Najv\u00e4\u010d\u0161ou v\u00fdzvou je plynul\u00e1 realiz\u00e1cia v\u0161etk\u00fdch administrat\u00edvnych po\u017eiadaviek. V ka\u017edom projekte doch\u00e1dza aj k zmen\u00e1m, preto\u017ee realita nie v\u017edy vyzer\u00e1 presne tak, ako bola op\u00edsan\u00e1 v \u017eiadosti.<\/p>\n\n\n\n<p class=\"wp-block-paragraph\">Samotn\u00e9 prisp\u00f4sobenie aktiv\u00edt e\u0161te nie je t\u00fdm najv\u00e4\u010d\u0161\u00edm probl\u00e9mom. N\u00e1ro\u010dnej\u0161ie b\u00fdva n\u00e1le\u017eit\u00e9 zd\u00f4vodnenie a form\u00e1lne vykonanie takejto zmeny. To si vy\u017eaduje presnos\u0165, trpezlivos\u0165 a dobr\u00fa komunik\u00e1ciu.<\/p>\n\n\n\n<h3 class=\"wp-block-heading\"><strong>Ako prebieha komunik\u00e1cia medzi partnermi po\u010das realiz\u00e1cie? \u010co ste sa nau\u010dili od partnerov zo Slovenska?<\/strong><\/h3>\n\n\n\n<p class=\"wp-block-paragraph\">Komunik\u00e1cia prebieha ve\u013emi plynulo. M\u00e1me vytvoren\u00e9 kan\u00e1ly na ka\u017edodenn\u00fd kontakt, a to ako samostatne s jednotliv\u00fdmi partnermi, tak aj spolo\u010dne v r\u00e1mci cel\u00e9ho projektov\u00e9ho t\u00edmu.<\/p>\n\n\n\n<p class=\"wp-block-paragraph\">Dokumenty si odovzd\u00e1vame e-mailom, sme v neust\u00e1lom telefonickom kontakte a navy\u0161e pravidelne organizujeme stretnutia t\u00fdkaj\u00face sa pokroku projektu. Realizujeme aj spolo\u010dn\u00e9 workshopy, po\u010das ktor\u00fdch m\u00f4\u017eeme prediskutova\u0165 v\u00fdsledky aktiv\u00edt, vznikaj\u00face probl\u00e9my a \u010fal\u0161ie kroky.<\/p>\n\n\n\n<p class=\"wp-block-paragraph\">Od partnerov zo Slovenska sa u\u010d\u00edme predov\u0161etk\u00fdm to, ako funguje horsk\u00e1 z\u00e1chrana na druhej strane hranice. Spozn\u00e1vame ich sp\u00f4sob organiz\u00e1cie pr\u00e1ce, sk\u00fasenosti, postupy a rie\u0161enia pou\u017e\u00edvan\u00e9 v ter\u00e9ne. Pr\u00e1ve tak\u00e1to v\u00fdmena poznatkov bola jedn\u00fdm z najd\u00f4le\u017eitej\u0161\u00edch predpokladov projektu.<\/p>\n\n\n\n<h3 class=\"wp-block-heading\"><strong>\u010co pova\u017eujete za k\u013e\u00fa\u010dov\u00e9 pre dobr\u00fa cezhrani\u010dn\u00fa spolupr\u00e1cu?<\/strong><\/h3>\n\n\n\n<p class=\"wp-block-paragraph\">Najd\u00f4le\u017eitej\u0161ia je ochota spolupracova\u0165. Bez nej by sa nepodarilo urobi\u0165 ni\u010d, bez oh\u013eadu na to, ako dobre by bol projekt pripraven\u00fd.<\/p>\n\n\n\n<p class=\"wp-block-paragraph\">Rovnako d\u00f4le\u017eit\u00e1 je otvorenos\u0165 vo\u010di druhej strane, vo\u010di organiza\u010dn\u00fdm, pr\u00e1vnym \u010di kult\u00farnym rozdielom. Nejde o to, aby v\u0161etci konali presne rovnako, ale aby dok\u00e1zali pochopi\u0165 svoje sp\u00f4soby fungovania a napriek rozdielom dosahova\u0165 spolo\u010dn\u00e9 ciele.<\/p>\n\n\n\n<h3 class=\"wp-block-heading\"><strong>Ak\u00fdm sp\u00f4sobom sa projekt propaguje medzi obyvate\u013emi a \u0161ir\u0161ou verejnos\u0165ou?<\/strong><\/h3>\n\n\n\n<p class=\"wp-block-paragraph\">O projekte informujeme predov\u0161etk\u00fdm prostredn\u00edctvom soci\u00e1lnych siet\u00ed, miestnych m\u00e9di\u00ed a po\u010das organizovan\u00fdch podujat\u00ed.<\/p>\n\n\n\n<p class=\"wp-block-paragraph\">Ozna\u010dujeme aj miesta a materi\u00e1ly s\u00favisiace s realiz\u00e1ciou projektu. Mimo\u0159adne d\u00f4le\u017eit\u00e9 s\u00fa otvoren\u00e9 podujatia, po\u010das ktor\u00fdch si obyvatelia m\u00f4\u017eu zbl\u00edzka pozrie\u0165 pr\u00e1cu z\u00e1chran\u00e1rov, pou\u017e\u00edvan\u00fa techniku a aktivity realizovan\u00e9 v r\u00e1mci projektu.<\/p>\n\n\n\n<h3 class=\"wp-block-heading\"><strong>Ak by ste mali uvies\u0165 jednu najd\u00f4le\u017eitej\u0161iu vec, ktor\u00e1 sa v pohrani\u010d\u00ed v\u010faka tomuto projektu zmenila, \u010do by to bolo?<\/strong><\/h3>\n\n\n\n<p class=\"wp-block-paragraph\">Najd\u00f4le\u017eitej\u0161ie je, \u017ee z\u00e1chran\u00e1ri z oboch str\u00e1n hranice maj\u00fa mo\u017enos\u0165 spolo\u010dne cvi\u010di\u0165, spozn\u00e1va\u0165 sa a vymie\u0148a\u0165 si sk\u00fasenosti v takomto ve\u013ekom rozsahu.<\/p>\n\n\n\n<p class=\"wp-block-paragraph\">Predt\u00fdm tak\u00e9to pravideln\u00e9, rozsiahle aktivity neexistovali. Teraz sa zlo\u017eky m\u00f4\u017eu nielen dozvedie\u0165, ako funguje druh\u00e1 strana, ale aj spolo\u010dne precvi\u010di\u0165 konkr\u00e9tne situ\u00e1cie. To buduje z\u00e1klady pre bud\u00facu spolupr\u00e1cu po\u010das skuto\u010dn\u00fdch z\u00e1sahov.<\/p>\n\n\n\n<h3 class=\"wp-block-heading\"><strong>Ke\u010f hovor\u00edme o bezpe\u010dnosti, ako sa prejavuje v \u017eivote obyvate\u013eov alebo turistov na chodn\u00edku?<\/strong><\/h3>\n\n\n\n<p class=\"wp-block-paragraph\">V tomto projekte sa prejavuje ve\u013emi priamo. Z\u00e1chran\u00e1rske zlo\u017eky s\u00fa povolan\u00e9 konat v situ\u00e1ci\u00e1ch ohrozenia zdravia a \u017eivota. \u010c\u00edm lep\u0161ie s\u00fa pripraven\u00e9 a \u010d\u00edm plynulej\u0161ie dok\u00e1\u017eu spolupracova\u0165, t\u00fdm v\u00e4\u010d\u0161ia je bezpe\u010dnos\u0165 \u013eud\u00ed pohybuj\u00facich sa v hor\u00e1ch.<\/p>\n\n\n\n<p class=\"wp-block-paragraph\">V\u010faka projektu sa vypracov\u00e1vaj\u00fa komunika\u010dn\u00e9 kan\u00e1ly a spolupr\u00e1ca. Z\u00e1chran\u00e1ri spozn\u00e1vaj\u00fa svoje postupy a cvi\u010dia spolo\u010dn\u00e9 z\u00e1sahy. V situ\u00e1cii ohrozenia potom nie je potrebn\u00e9 a\u017e na mieste prem\u00fd\u0161\u013ea\u0165, k\u00fdm sa skontaktova\u0165 a ako si rozdeli\u0165 \u00falohy. Tieto rie\u0161enia s\u00fa u\u017e vopred dohodnut\u00e9 a precvi\u010den\u00e9.<\/p>\n\n\n\n<h3 class=\"wp-block-heading\"><strong>\u010casto si mysl\u00edme, \u017ee hranica n\u00e1s rozde\u013euje. Ak\u00fdm sp\u00f4sobom tento projekt dok\u00e1zal, \u017ee je to presne naopak?<\/strong><\/h3>\n\n\n\n<p class=\"wp-block-paragraph\">V pr\u00edpade bezpe\u010dnosti, zdravia a \u017eivota by hranica nemala ma\u0165 \u017eiadny v\u00fdznam. \u013dudsk\u00fd \u017eivot je rovnako d\u00f4le\u017eit\u00fd na oboch jej stran\u00e1ch.<\/p>\n\n\n\n<p class=\"wp-block-paragraph\">Z\u00e1chran\u00e1ri z Po\u013eska a Slovenska pracuj\u00fa v prospech rovnak\u00e9ho cie\u013ea. T\u00fdmto cie\u013eom je \u010do najr\u00fdchlej\u0161ie a \u010do najlep\u0161ie poskytnutie pomoci osobe, ktor\u00e1 sa ocitla v nebezpe\u010denstve. V tomto pr\u00edpade n\u00e1s hranica nerozde\u013euje. Spolo\u010dn\u00e1 zodpovednos\u0165 za \u013eudsk\u00e9 zdravie a \u017eivot n\u00e1s jednozna\u010dne sp\u00e1ja.<\/p>\n\n\n\n<h3 class=\"wp-block-heading\"><strong>Pam\u00e4t\u00e1te si moment, kedy vybavenie re\u00e1lne pomohlo v \u0165a\u017ekej situ\u00e1cii? \u010co by sa stalo, kedy ho nebolo?<\/strong><\/h3>\n\n\n\n<p class=\"wp-block-paragraph\">Ako z\u00e1stupky\u0148a Nad\u00e1cie, ktor\u00e1 projekt koordinuje (pozn. red. ICAD), sa priamo ne\u00fa\u010dastn\u00edm na z\u00e1chrann\u00fdch akci\u00e1ch, preto by som nechcela hovori\u0165 o jednej konkr\u00e9tnej situ\u00e1cii v mene z\u00e1chran\u00e1rov.<\/p>\n\n\n\n<p class=\"wp-block-paragraph\">M\u00f4\u017eem v\u0161ak poveda\u0165, \u017ee vhodn\u00e9 vybavenie je v horskej z\u00e1chrane absol\u00fatne nevyhnutn\u00e9. Bez neho by z\u00e1chran\u00e1ri neboli schopn\u00ed plynule sa pohybova\u0165 v n\u00e1ro\u010dnom ter\u00e9ne, vykon\u00e1va\u0165 p\u00e1tranie ani bezpe\u010dne pracova\u0165 v zimn\u00fdch podmienkach \u010di pri zlom po\u010das\u00ed.<\/p>\n\n\n\n<p class=\"wp-block-paragraph\">Drony umo\u017e\u0148uj\u00fa r\u00fdchlej\u0161ie skontrolova\u0165 ve\u013ek\u00fa oblas\u0165 a lokalizova\u0165 zranen\u00fdch, zatia\u013e \u010do vhodn\u00e9 oble\u010denie a v\u00fdstroj chr\u00e1nia samotn\u00fdch z\u00e1chran\u00e1rov. Absencia tak\u00e9hoto vybavenia by znamenala pomal\u0161ie z\u00e1sahy a v\u00e4\u010d\u0161ie riziko tak pre zranen\u00fa osobu, ako aj pre z\u00e1chran\u00e1rsky t\u00edm.<\/p>\n\n\n\n<h3 class=\"wp-block-heading\"><strong>D\u00e1va nov\u00e9 vybavenie a odborn\u00e9 znalosti v\u00e4\u010d\u0161\u00ed psychick\u00fd komfort po\u010das akcie?<\/strong><\/h3>\n\n\n\n<p class=\"wp-block-paragraph\">Rozhodne zlep\u0161uj\u00fa komfort pri pr\u00e1ci. Vybavenie pou\u017e\u00edvan\u00e9 z\u00e1chran\u00e1rmi sa ve\u013emi r\u00fdchlo opotreb\u00fava, ke\u010f\u017ee pracuje v n\u00e1ro\u010dn\u00fdch podmienkach a ka\u017ed\u00e9 jeho pou\u017eitie je intenz\u00edvne.<\/p>\n\n\n\n<p class=\"wp-block-paragraph\">Nov\u00e9, funk\u010dn\u00e9 vybavenie d\u00e1va z\u00e1chran\u00e1rom v\u00e4\u010d\u0161iu istotu, \u017ee sa na\u0148 bud\u00fa m\u00f4c\u0165 po\u010das akcie spo\u013eahn\u00fa\u0165. To vpl\u00fdva tak na bezpe\u010dnos\u0165, ako aj na psychick\u00fd komfort cel\u00e9ho t\u00edmu.<\/p>\n\n\n\n<p class=\"wp-block-paragraph\">Odborn\u00e9 znalosti s\u00fa, naopak, neocenite\u013en\u00e9. Bez odpovedaj\u00facej pr\u00edpravy a sk\u00fasenost\u00ed by nebolo mo\u017en\u00e9 bezpe\u010dne vykon\u00e1va\u0165 z\u00e1sahy v ter\u00e9ne ani s vyu\u017eit\u00edm tej najlep\u0161ej techniky.<\/p>\n\n\n\n<h3 class=\"wp-block-heading\"><strong>Mali ste mo\u017enos\u0165 spolupracova\u0165 rameno po ramene s kolegami z druhej strany hranice? Ak\u00fd je to pocit vedie\u0165, \u017ee sa v pr\u00edpade potreby m\u00f4\u017eete na seba spo\u013eahn\u00fa\u0165?<\/strong><\/h3>\n\n\n\n<p class=\"wp-block-paragraph\">Nie som horsk\u00e1 z\u00e1chran\u00e1rka, preto sa priamo ne\u00fa\u010dastn\u00edm cvi\u010den\u00ed v tejto \u00falohe. Av\u0161ak ako z\u00e1stupky\u0148a nad\u00e1cie, ktor\u00e1 aktivity koordinuje, m\u00e1m mo\u017enos\u0165 pozorova\u0165, ako t\u00e1to spolupr\u00e1ca vyzer\u00e1.<\/p>\n\n\n\n<p class=\"wp-block-paragraph\">S\u00fa to \u010dinnosti vy\u017eaduj\u00face si obrovsk\u00fa d\u00f4veru a t\u00edmov\u00fa pr\u00e1cu. Aj po\u010das cvi\u010den\u00ed z\u00e1chran\u00e1ri vykon\u00e1vaj\u00fa n\u00e1ro\u010dn\u00e9 \u00falohy, pri ktor\u00fdch sa musia spolieha\u0165 jeden na druh\u00e9ho.<\/p>\n\n\n\n<p class=\"wp-block-paragraph\">Nechcela by som hovori\u0165 v ich mene, ale z mojej perspekt\u00edvy je vidie\u0165, \u017ee spolo\u010dn\u00e9 szkolenia u\u017e teraz buduj\u00fa d\u00f4veru. V\u010faka tomu z\u00e1chran\u00e1ri po\u010das skuto\u010dnej akcie nebud\u00fa musie\u0165 prem\u00fd\u0161\u013ea\u0165, \u010di sa m\u00f4\u017eu na seba spo\u013eahn\u00fa\u0165. Bude za nimi spolo\u010dn\u00e1 sk\u00fasenos\u0165 a precvi\u010den\u00e9 z\u00e1sahy. Pr\u00e1ve preto je tento projekt tak\u00fd potrebn\u00fd.<\/p>\n\n\n\n<h3 class=\"wp-block-heading\"><strong>Ako by ste kr\u00e1tko op\u00edsali rozdiel v bezpe\u010dnosti pred projektom a po jeho realiz\u00e1cii?<\/strong><\/h3>\n\n\n\n<p class=\"wp-block-paragraph\">Projekt sa e\u0161te neskon\u010dil, preto nem\u00f4\u017eeme hovori\u0165 o jeho kone\u010dn\u00fdch v\u00fdsledkoch. U\u017e teraz je v\u0161ak vidie\u0165, \u017ee spolo\u010dn\u00e9 \u0161kolenia, v\u00fdmena sk\u00fasenost\u00ed a lep\u0161ia komunik\u00e1cia zvy\u0161uj\u00fa potenci\u00e1l zlo\u017eiek na plynul\u00e9 fungovanie.<\/p>\n\n\n\n<p class=\"wp-block-paragraph\">Najd\u00f4le\u017eitej\u0161\u00ed rozdiel spo\u010d\u00edva v tom, \u017ee partneri sa \u010doraz lep\u0161ie poznaj\u00fa, rozumej\u00fa svojim postupom a vedia, ako spolupracova\u0165. V\u010faka tomu v bud\u00facnosti, v situ\u00e1cii ohrozenia, nebud\u00fa musie\u0165 prem\u00fd\u0161\u013ea\u0165, \u010do robi\u0165 a ako sa navz\u00e1jom skontaktova\u0165. Bud\u00fa m\u00f4c\u0165 jednoducho kona\u0165.<\/p>\n\n\n\n<p class=\"wp-block-paragraph\">\u010eakujem za rozhovor a prajem \u010fal\u0161ie \u00faspechy pri realiz\u00e1cii tohto projektu aj \u010fal\u0161\u00edch cezhrani\u010dn\u00fdch podnikate\u013esk\u00fdch i celospolo\u010densk\u00fdch z\u00e1merov.<\/p>\n\n\n\n<p class=\"wp-block-paragraph\">Rozhovor viedla Dorota Przy\u0142ucka z Region\u00e1lneho kontaktn\u00e9ho bodu Interreg PL-SK Sliezskeho vojvodstva.<\/p>\n\n\n\n<h2 class=\"wp-block-heading\">Realiz\u00e1cia projektu<\/h2>\n\n\n\n<div class=\"\">\n\n  <div class=\"widget-image-gallery galRB gal-7932\">\n\n    <div id=\"swiperGalFUll-7932\"\n      class=\"swiper widget-image-gallery__full swiper-initialized swiper-horizontal swiper-pointer-events swiper-backface-hidden\">\n\n      <div class=\"swiper-wrapper\" id=\"swiper-wrapper-7932\" aria-live=\"polite\"\n        style=\"transform: translate3d(0px, 0px, 0px);\">\n\n        \n\n        \n        <div class=\"swiper-slide excludeimg  swiper-slide-active \"\n            tabindex=\"0\"\n        data-sliderId =\"7932\"\n        data-bs-slide-to=\"0\"\n        data-title=\"\" role=\"group\"\n          data-bs-toggle=\"modal\" data-bs-target=\"#exampleModal7932\"\n          aria-label=\"1 \/ 5\"\n          style=\"background: linear-gradient(rgba(211, 211, 211), rgba(211, 211, 211))\">\n\n          <img decoding=\"async\" src=\"https:\/\/plsk.eu\/wp-content\/uploads\/2026\/08\/Wywiad-5.png\" class=\"gal_bg_img\" style=\"\n    width: 100% !important;\">\n\n          <img decoding=\"async\" src=\"https:\/\/plsk.eu\/wp-content\/uploads\/2026\/08\/Wywiad-5.png\" alt=\"Grupa ratownik\u00f3w g\u00f3rskich prowadzi \u0107wiczenia z u\u017cyciem lin wspinaczkowych na trawiastym zboczu g\u00f3rskim. Skupina horsk\u00fdch z\u00e1chran\u00e1rov vykon\u00e1va cvi\u010denie s horolezeck\u00fdmi lanami na tr\u00e1vnatom horskom svahu.\" class=\"gal_main_img\" style=\"\">\n        <\/div>\n                \n\n        \n        <div class=\"swiper-slide excludeimg \"\n            tabindex=\"0\"\n        data-sliderId =\"7932\"\n        data-bs-slide-to=\"1\"\n        data-title=\"\" role=\"group\"\n          data-bs-toggle=\"modal\" data-bs-target=\"#exampleModal7932\"\n          aria-label=\"2 \/ 5\"\n          style=\"background: linear-gradient(rgba(211, 211, 211), rgba(211, 211, 211))\">\n\n          <img decoding=\"async\" src=\"https:\/\/plsk.eu\/wp-content\/uploads\/2026\/08\/Wywiad-4.png\" class=\"gal_bg_img\" style=\"\n    width: 100% !important;\">\n\n          <img decoding=\"async\" src=\"https:\/\/plsk.eu\/wp-content\/uploads\/2026\/08\/Wywiad-4.png\" alt=\"Drony ratownicze w locie na tle jesiennego lasu w g\u00f3rach. Z\u00e1chran\u00e1rske drony v lete na pozad\u00ed jesenn\u00e9ho horsk\u00e9ho lesa\" class=\"gal_main_img\" style=\"\">\n        <\/div>\n                \n\n        \n        <div class=\"swiper-slide excludeimg \"\n            tabindex=\"0\"\n        data-sliderId =\"7932\"\n        data-bs-slide-to=\"2\"\n        data-title=\"\" role=\"group\"\n          data-bs-toggle=\"modal\" data-bs-target=\"#exampleModal7932\"\n          aria-label=\"3 \/ 5\"\n          style=\"background: linear-gradient(rgba(211, 211, 211), rgba(211, 211, 211))\">\n\n          <img decoding=\"async\" src=\"https:\/\/plsk.eu\/wp-content\/uploads\/2026\/08\/Wywiad-3.png\" class=\"gal_bg_img\" style=\"\n    width: 100% !important;\">\n\n          <img decoding=\"async\" src=\"https:\/\/plsk.eu\/wp-content\/uploads\/2026\/08\/Wywiad-3.png\" alt=\"Dwaj ratownicy g\u00f3rscy w czerwonych kurtkach z napisem Horsk\u00e1 Slu\u017eba Rescue na tle jesiennych drzew. Dva horsk\u00ed z\u00e1chran\u00e1ri v \u010derven\u00fdch bund\u00e1ch s n\u00e1pisom Horsk\u00e1 Slu\u017eba Rescue na pozad\u00ed jesenn\u00fdch stromov.\" class=\"gal_main_img\" style=\"\">\n        <\/div>\n                \n\n        \n        <div class=\"swiper-slide excludeimg \"\n            tabindex=\"0\"\n        data-sliderId =\"7932\"\n        data-bs-slide-to=\"3\"\n        data-title=\"\" role=\"group\"\n          data-bs-toggle=\"modal\" data-bs-target=\"#exampleModal7932\"\n          aria-label=\"4 \/ 5\"\n          style=\"background: linear-gradient(rgba(211, 211, 211), rgba(211, 211, 211))\">\n\n          <img decoding=\"async\" src=\"https:\/\/plsk.eu\/wp-content\/uploads\/2026\/08\/Wywiad-2.png\" class=\"gal_bg_img\" style=\"\n    width: 100% !important;\">\n\n          <img decoding=\"async\" src=\"https:\/\/plsk.eu\/wp-content\/uploads\/2026\/08\/Wywiad-2.png\" alt=\"Uczestnicy szkolenia \u0107wicz\u0105 resuscytacj\u0119 na manekinach w pomieszczeniu. Obok le\u017cy flaga Interreg Polska \u2013 S\u0142owacja. \u00da\u010dastn\u00edci \u0161kolenia cvi\u010dia resuscit\u00e1ciu na figur\u00ednach v miestnosti. Ved\u013ea le\u017e\u00ed vlajka Interreg Po\u013esko \u2013 Slovensko.\" class=\"gal_main_img\" style=\"\">\n        <\/div>\n                \n\n        \n        <div class=\"swiper-slide excludeimg \"\n            tabindex=\"0\"\n        data-sliderId =\"7932\"\n        data-bs-slide-to=\"4\"\n        data-title=\"\" role=\"group\"\n          data-bs-toggle=\"modal\" data-bs-target=\"#exampleModal7932\"\n          aria-label=\"5 \/ 5\"\n          style=\"background: linear-gradient(rgba(211, 211, 211), rgba(211, 211, 211))\">\n\n          <img decoding=\"async\" src=\"https:\/\/plsk.eu\/wp-content\/uploads\/2026\/08\/Wywiad-1.png\" class=\"gal_bg_img\" style=\"\n    width: 100% !important;\">\n\n          <img decoding=\"async\" src=\"https:\/\/plsk.eu\/wp-content\/uploads\/2026\/08\/Wywiad-1.png\" alt=\"Ratownicy g\u00f3rscy w zimowych str\u00f3j ratowniczych \u0107wicz\u0105 resuscytacj\u0119 na manekinie w nocnych warunkach na \u015bniegu. Horsk\u00ed z\u00e1chran\u00e1ri v zimnom v\u00fdstroji cvi\u010dia resuscit\u00e1ciu na figur\u00edne v no\u010dn\u00fdch podmienkach na snehu.\" class=\"gal_main_img\" style=\"\">\n        <\/div>\n                \n\n\n      <\/div>\n\n\n      <span class=\"swiper-notification\" aria-live=\"assertive\" aria-atomic=\"true\"><\/span>\n\n    <\/div>\n\n    <div id=\"swiperGalThumb-7932\" data-galid=\"7932\"\n      class=\"swiper widget-image-gallery__thumbs swiper-initialized swiper-horizontal swiper-pointer-events swiper-free-mode swiper-backface-hidden swiper-thumbs\">\n      <div class=\"swiper-wrapper\" id=\"swiper-wrapper-7932\" aria-live=\"polite\"\n        style=\"transform: translate3d(0px, 0px, 0px);\">\n\n        \n        \n        <div class=\"swiper-slide swiper-slide-prev\" style=\"width: 139px; margin-right: 30px;\" role=\"group\">\n          <img decoding=\"async\" src=\"https:\/\/plsk.eu\/wp-content\/uploads\/2026\/08\/Wywiad-5.png\" alt=\"Grupa ratownik\u00f3w g\u00f3rskich prowadzi \u0107wiczenia z u\u017cyciem lin wspinaczkowych na trawiastym zboczu g\u00f3rskim. Skupina horsk\u00fdch z\u00e1chran\u00e1rov vykon\u00e1va cvi\u010denie s horolezeck\u00fdmi lanami na tr\u00e1vnatom horskom svahu.\">\n        <\/div>\n        \n        \n        <div class=\"swiper-slide swiper-slide-prev\" style=\"width: 139px; margin-right: 30px;\" role=\"group\">\n          <img decoding=\"async\" src=\"https:\/\/plsk.eu\/wp-content\/uploads\/2026\/08\/Wywiad-4.png\" alt=\"Drony ratownicze w locie na tle jesiennego lasu w g\u00f3rach. Z\u00e1chran\u00e1rske drony v lete na pozad\u00ed jesenn\u00e9ho horsk\u00e9ho lesa\">\n        <\/div>\n        \n        \n        <div class=\"swiper-slide swiper-slide-prev\" style=\"width: 139px; margin-right: 30px;\" role=\"group\">\n          <img decoding=\"async\" src=\"https:\/\/plsk.eu\/wp-content\/uploads\/2026\/08\/Wywiad-3.png\" alt=\"Dwaj ratownicy g\u00f3rscy w czerwonych kurtkach z napisem Horsk\u00e1 Slu\u017eba Rescue na tle jesiennych drzew. Dva horsk\u00ed z\u00e1chran\u00e1ri v \u010derven\u00fdch bund\u00e1ch s n\u00e1pisom Horsk\u00e1 Slu\u017eba Rescue na pozad\u00ed jesenn\u00fdch stromov.\">\n        <\/div>\n        \n        \n        <div class=\"swiper-slide swiper-slide-prev\" style=\"width: 139px; margin-right: 30px;\" role=\"group\">\n          <img decoding=\"async\" src=\"https:\/\/plsk.eu\/wp-content\/uploads\/2026\/08\/Wywiad-2.png\" alt=\"Uczestnicy szkolenia \u0107wicz\u0105 resuscytacj\u0119 na manekinach w pomieszczeniu. Obok le\u017cy flaga Interreg Polska \u2013 S\u0142owacja. \u00da\u010dastn\u00edci \u0161kolenia cvi\u010dia resuscit\u00e1ciu na figur\u00ednach v miestnosti. Ved\u013ea le\u017e\u00ed vlajka Interreg Po\u013esko \u2013 Slovensko.\">\n        <\/div>\n        \n        \n        <div class=\"swiper-slide swiper-slide-prev\" style=\"width: 139px; margin-right: 30px;\" role=\"group\">\n          <img decoding=\"async\" src=\"https:\/\/plsk.eu\/wp-content\/uploads\/2026\/08\/Wywiad-1.png\" alt=\"Ratownicy g\u00f3rscy w zimowych str\u00f3j ratowniczych \u0107wicz\u0105 resuscytacj\u0119 na manekinie w nocnych warunkach na \u015bniegu. Horsk\u00ed z\u00e1chran\u00e1ri v zimnom v\u00fdstroji cvi\u010dia resuscit\u00e1ciu na figur\u00edne v no\u010dn\u00fdch podmienkach na snehu.\">\n        <\/div>\n        \n\n      <\/div>\n      <span class=\"swiper-notification\" aria-live=\"assertive\" aria-atomic=\"true\"><\/span>\n    <\/div>\n          <!--\n    <div class=\"widget-image-gallery__caption\">\n      <p>Opis zdj\u0119cia5, fot. Jan Kowalski<\/p>\n    <\/div>-->\n\n\n    <div class=\"image-swiper-button-prev swiper-button-prev\" role=\"button\" aria-label=\"Predch\u00e1dzaj\u00faci obr\u00e1zok\"\n      aria-controls=\"swiper-wrapper-7932\" aria-disabled=\"false\">\n    <\/div>\n\n    <div class=\"image-swiper-button-next swiper-button-next swiper-button-disabled\" role=\"button\"\n      aria-label=\"\u010eal\u0161\u00ed obr\u00e1zok\" aria-controls=\"swiper-wrapper-5321\" aria-disabled=\"true\">\n    <\/div>\n\n\n\n\n  <\/div>\n\n  \n  <div class=\"modal fade gal_modal\" id=\"exampleModal7932\" tabindex=\"-1\" aria-hidden=\"true\">\n    <div class=\"modal-dialog\">\n      <div class=\"modal-content\">\n        <div class=\"modal-header\">\n          <button type=\"button\" class=\"btn-close\" data-bs-dismiss=\"modal\" aria-label=\"Zamkn\u0105\u0107\">\n          <img decoding=\"async\"\n              src=\"https:\/\/plsk.eu\/wp-content\/themes\/fundusze\/assets\/images\/close.svg\"\n              alt=Zamkn\u0105\u0107>\n          <span class=\"visually-hidden\">Zamkn\u0105\u0107<\/span>\n        <\/button>\n        <\/div>\n\n          <div class=\"row no_mobile\">\n\n            <div class=\"col-xxl-2 col-xl-2 col-lg-2 col-md-2 col-sm-2 gal_left\">\n              <button type=\"button\" data-bs-target=\"#carouselExample7932\" data-bs-slide=\"prev\"\n                aria-label=\"Predch\u00e1dzaj\u00faci obr\u00e1zok\">\n                <img decoding=\"async\" src=\"https:\/\/plsk.eu\/wp-content\/themes\/fundusze\/assets\/images\/back.svg\" alt=\"\"> <\/button>\n            <\/div>\n\n            <div class=\"col-xxl-8 col-xl-8 col-lg-8 col-md-8 col-sm-8\">\n\n              <div id=\"carouselExample7932\" class=\"carousel slide\" data-bs-interval=\"50000\"\n                data-bs-ride=\"carousel\">\n\n                <div class=\"carousel-inner\">\n\n                  \n                                    <div class=\"carousel-item  active \">\n                    <img decoding=\"async\" src=\"https:\/\/plsk.eu\/wp-content\/uploads\/2026\/08\/Wywiad-5.png\" alt=\"Grupa ratownik\u00f3w g\u00f3rskich prowadzi \u0107wiczenia z u\u017cyciem lin wspinaczkowych na trawiastym zboczu g\u00f3rskim. Skupina horsk\u00fdch z\u00e1chran\u00e1rov vykon\u00e1va cvi\u010denie s horolezeck\u00fdmi lanami na tr\u00e1vnatom horskom svahu.\" class=\"img_all\">\n                    <div class=\"row\">\n\n                      <div class=\"col-xxl-12 col-xl-12 col-lg-12 col-md-12 col-sm-12\">\n                        <div class=\"img_caption\">\n                          <div class=\"cap_text\">\n                                                                                  <\/div>\n                          <div class=\"cap_num\">\n                            <strong> 1 z 5<\/strong>\n                          <\/div>\n\n                        <\/div>\n                      <\/div>\n\n                    <\/div>\n                  <\/div>\n                                    \n                                    <div class=\"carousel-item \">\n                    <img decoding=\"async\" src=\"https:\/\/plsk.eu\/wp-content\/uploads\/2026\/08\/Wywiad-4.png\" alt=\"Drony ratownicze w locie na tle jesiennego lasu w g\u00f3rach. Z\u00e1chran\u00e1rske drony v lete na pozad\u00ed jesenn\u00e9ho horsk\u00e9ho lesa\" class=\"img_all\">\n                    <div class=\"row\">\n\n                      <div class=\"col-xxl-12 col-xl-12 col-lg-12 col-md-12 col-sm-12\">\n                        <div class=\"img_caption\">\n                          <div class=\"cap_text\">\n                                                                                  <\/div>\n                          <div class=\"cap_num\">\n                            <strong> 2 z 5<\/strong>\n                          <\/div>\n\n                        <\/div>\n                      <\/div>\n\n                    <\/div>\n                  <\/div>\n                                    \n                                    <div class=\"carousel-item \">\n                    <img decoding=\"async\" src=\"https:\/\/plsk.eu\/wp-content\/uploads\/2026\/08\/Wywiad-3.png\" alt=\"Dwaj ratownicy g\u00f3rscy w czerwonych kurtkach z napisem Horsk\u00e1 Slu\u017eba Rescue na tle jesiennych drzew. Dva horsk\u00ed z\u00e1chran\u00e1ri v \u010derven\u00fdch bund\u00e1ch s n\u00e1pisom Horsk\u00e1 Slu\u017eba Rescue na pozad\u00ed jesenn\u00fdch stromov.\" class=\"img_all\">\n                    <div class=\"row\">\n\n                      <div class=\"col-xxl-12 col-xl-12 col-lg-12 col-md-12 col-sm-12\">\n                        <div class=\"img_caption\">\n                          <div class=\"cap_text\">\n                                                                                  <\/div>\n                          <div class=\"cap_num\">\n                            <strong> 3 z 5<\/strong>\n                          <\/div>\n\n                        <\/div>\n                      <\/div>\n\n                    <\/div>\n                  <\/div>\n                                    \n                                    <div class=\"carousel-item \">\n                    <img decoding=\"async\" src=\"https:\/\/plsk.eu\/wp-content\/uploads\/2026\/08\/Wywiad-2.png\" alt=\"Uczestnicy szkolenia \u0107wicz\u0105 resuscytacj\u0119 na manekinach w pomieszczeniu. Obok le\u017cy flaga Interreg Polska \u2013 S\u0142owacja. \u00da\u010dastn\u00edci \u0161kolenia cvi\u010dia resuscit\u00e1ciu na figur\u00ednach v miestnosti. Ved\u013ea le\u017e\u00ed vlajka Interreg Po\u013esko \u2013 Slovensko.\" class=\"img_all\">\n                    <div class=\"row\">\n\n                      <div class=\"col-xxl-12 col-xl-12 col-lg-12 col-md-12 col-sm-12\">\n                        <div class=\"img_caption\">\n                          <div class=\"cap_text\">\n                                                                                  <\/div>\n                          <div class=\"cap_num\">\n                            <strong> 4 z 5<\/strong>\n                          <\/div>\n\n                        <\/div>\n                      <\/div>\n\n                    <\/div>\n                  <\/div>\n                                    \n                                    <div class=\"carousel-item \">\n                    <img decoding=\"async\" src=\"https:\/\/plsk.eu\/wp-content\/uploads\/2026\/08\/Wywiad-1.png\" alt=\"Ratownicy g\u00f3rscy w zimowych str\u00f3j ratowniczych \u0107wicz\u0105 resuscytacj\u0119 na manekinie w nocnych warunkach na \u015bniegu. Horsk\u00ed z\u00e1chran\u00e1ri v zimnom v\u00fdstroji cvi\u010dia resuscit\u00e1ciu na figur\u00edne v no\u010dn\u00fdch podmienkach na snehu.\" class=\"img_all\">\n                    <div class=\"row\">\n\n                      <div class=\"col-xxl-12 col-xl-12 col-lg-12 col-md-12 col-sm-12\">\n                        <div class=\"img_caption\">\n                          <div class=\"cap_text\">\n                                                                                  <\/div>\n                          <div class=\"cap_num\">\n                            <strong> 5 z 5<\/strong>\n                          <\/div>\n\n                        <\/div>\n                      <\/div>\n\n                    <\/div>\n                  <\/div>\n                                    \n                <\/div>\n\n              <\/div>\n\n            <\/div>\n            <div class=\"col-xxl-2 col-xl-2 col-lg-2 col-md-2 col-sm-2 gal_right\">\n              <button type=\"button\" data-bs-target=\"#carouselExample7932\" data-bs-slide=\"next\"\n                aria-label=\"\u010eal\u0161\u00ed obr\u00e1zok\"> <img decoding=\"async\"\n                  src=\"https:\/\/plsk.eu\/wp-content\/themes\/fundusze\/assets\/images\/next.svg\" alt=\"\"><\/button>\n            <\/div>\n\n          <\/div>\n\n\n          <div class=\"row no_desk\">\n\n            <div class=\"col-xxl-8 col-xl-8 col-lg-8 col-md-8 col-sm-8\">\n\n              <div id=\"carouselExample7932mob7932\" class=\"carousel slide\" data-bs-interval=\"50000\"\n                data-bs-ride=\"carousel\">\n\n                <div class=\"carousel-inner\">\n\n                  \n                                    <div class=\"carousel-item  active \">\n                    <img decoding=\"async\" src=\"https:\/\/plsk.eu\/wp-content\/uploads\/2026\/08\/Wywiad-5.png\" alt=\"Grupa ratownik\u00f3w g\u00f3rskich prowadzi \u0107wiczenia z u\u017cyciem lin wspinaczkowych na trawiastym zboczu g\u00f3rskim. Skupina horsk\u00fdch z\u00e1chran\u00e1rov vykon\u00e1va cvi\u010denie s horolezeck\u00fdmi lanami na tr\u00e1vnatom horskom svahu.\" class=\"img_all\">\n                    <div class=\"row\">\n\n                      <div class=\"col-xxl-12 col-xl-12 col-lg-12 col-md-12 col-sm-12\">\n                        <div class=\"img_caption\">\n                          <div class=\"cap_text\">\n                            \n                                                      <\/div>\n                          <div class=\"cap_num\">\n                            <strong> 1 z 5<\/strong>\n                          <\/div>\n\n                        <\/div>\n                      <\/div>\n\n                    <\/div>\n                  <\/div>\n                  \n                                    <div class=\"carousel-item \">\n                    <img decoding=\"async\" src=\"https:\/\/plsk.eu\/wp-content\/uploads\/2026\/08\/Wywiad-4.png\" alt=\"Drony ratownicze w locie na tle jesiennego lasu w g\u00f3rach. Z\u00e1chran\u00e1rske drony v lete na pozad\u00ed jesenn\u00e9ho horsk\u00e9ho lesa\" class=\"img_all\">\n                    <div class=\"row\">\n\n                      <div class=\"col-xxl-12 col-xl-12 col-lg-12 col-md-12 col-sm-12\">\n                        <div class=\"img_caption\">\n                          <div class=\"cap_text\">\n                            \n                                                      <\/div>\n                          <div class=\"cap_num\">\n                            <strong> 2 z 5<\/strong>\n                          <\/div>\n\n                        <\/div>\n                      <\/div>\n\n                    <\/div>\n                  <\/div>\n                  \n                                    <div class=\"carousel-item \">\n                    <img decoding=\"async\" src=\"https:\/\/plsk.eu\/wp-content\/uploads\/2026\/08\/Wywiad-3.png\" alt=\"Dwaj ratownicy g\u00f3rscy w czerwonych kurtkach z napisem Horsk\u00e1 Slu\u017eba Rescue na tle jesiennych drzew. Dva horsk\u00ed z\u00e1chran\u00e1ri v \u010derven\u00fdch bund\u00e1ch s n\u00e1pisom Horsk\u00e1 Slu\u017eba Rescue na pozad\u00ed jesenn\u00fdch stromov.\" class=\"img_all\">\n                    <div class=\"row\">\n\n                      <div class=\"col-xxl-12 col-xl-12 col-lg-12 col-md-12 col-sm-12\">\n                        <div class=\"img_caption\">\n                          <div class=\"cap_text\">\n                            \n                                                      <\/div>\n                          <div class=\"cap_num\">\n                            <strong> 3 z 5<\/strong>\n                          <\/div>\n\n                        <\/div>\n                      <\/div>\n\n                    <\/div>\n                  <\/div>\n                  \n                                    <div class=\"carousel-item \">\n                    <img decoding=\"async\" src=\"https:\/\/plsk.eu\/wp-content\/uploads\/2026\/08\/Wywiad-2.png\" alt=\"Uczestnicy szkolenia \u0107wicz\u0105 resuscytacj\u0119 na manekinach w pomieszczeniu. Obok le\u017cy flaga Interreg Polska \u2013 S\u0142owacja. \u00da\u010dastn\u00edci \u0161kolenia cvi\u010dia resuscit\u00e1ciu na figur\u00ednach v miestnosti. Ved\u013ea le\u017e\u00ed vlajka Interreg Po\u013esko \u2013 Slovensko.\" class=\"img_all\">\n                    <div class=\"row\">\n\n                      <div class=\"col-xxl-12 col-xl-12 col-lg-12 col-md-12 col-sm-12\">\n                        <div class=\"img_caption\">\n                          <div class=\"cap_text\">\n                            \n                                                      <\/div>\n                          <div class=\"cap_num\">\n                            <strong> 4 z 5<\/strong>\n                          <\/div>\n\n                        <\/div>\n                      <\/div>\n\n                    <\/div>\n                  <\/div>\n                  \n                                    <div class=\"carousel-item \">\n                    <img decoding=\"async\" src=\"https:\/\/plsk.eu\/wp-content\/uploads\/2026\/08\/Wywiad-1.png\" alt=\"Ratownicy g\u00f3rscy w zimowych str\u00f3j ratowniczych \u0107wicz\u0105 resuscytacj\u0119 na manekinie w nocnych warunkach na \u015bniegu. Horsk\u00ed z\u00e1chran\u00e1ri v zimnom v\u00fdstroji cvi\u010dia resuscit\u00e1ciu na figur\u00edne v no\u010dn\u00fdch podmienkach na snehu.\" class=\"img_all\">\n                    <div class=\"row\">\n\n                      <div class=\"col-xxl-12 col-xl-12 col-lg-12 col-md-12 col-sm-12\">\n                        <div class=\"img_caption\">\n                          <div class=\"cap_text\">\n                            \n                                                      <\/div>\n                          <div class=\"cap_num\">\n                            <strong> 5 z 5<\/strong>\n                          <\/div>\n\n                        <\/div>\n                      <\/div>\n\n                    <\/div>\n                  <\/div>\n                                  <\/div>\n              <\/div>\n\n            <\/div>\n            <div class=\"col-xxl-2 col-xl-2 col-lg-2 col-md-2 col-sm-12 gal_arrow mb-30px\">\n              <img decoding=\"async\" src=\"https:\/\/plsk.eu\/wp-content\/themes\/fundusze\/assets\/images\/back.svg\"\n                data-bs-target=\"#carouselExample7932mob7932\" data-bs-slide=\"prev\" alt=\"\"> <img decoding=\"async\"\n                src=\"https:\/\/plsk.eu\/wp-content\/themes\/fundusze\/assets\/images\/next.svg\"\n                data-bs-target=\"#carouselExample7932mob7932\" data-bs-slide=\"next\" alt=\"\">\n            <\/div>\n\n          <\/div>\n      <\/div>\n    <\/div>\n  <\/div>\n\n  ","protected":false},"excerpt":{"rendered":"<p>Pokra\u010dujeme v s\u00e9rii rozhovorov, ktor\u00e9 ukazuj\u00fa, ako sa po\u013esko-slovensk\u00e9 pohrani\u010die st\u00e1va bezpe\u010dnej\u0161\u00edm, odolnej\u0161\u00edm vo\u010di pr\u00edrodn\u00fdm katastrof\u00e1m a lep\u0161ie prisp\u00f4soben\u00fdm na zmenu kl\u00edmy. Rozhovory realizujeme v r\u00e1mci hesla: Bezpe\u010dnej\u0161ie po\u013esko-slovensk\u00e9 pohrani\u010die pre v\u0161etk\u00fdch! Projekt \u201eSpolupr\u00e1ca horsk\u00fdch z\u00e1chran\u00e1rov z Po\u013eska a Slovenska\u201c realizuje Nad\u00e1cia ICAD v spolupr\u00e1ci s GOPR Grupa Beskidzka a Horskou slu\u017ebou Mal\u00e1 Fatra. Rozhovor [&hellip;]<\/p>\n","protected":false},"author":22,"featured_media":45433,"comment_status":"closed","ping_status":"open","sticky":false,"template":"","format":"standard","meta":{"_acf_changed":false,"inline_featured_image":false,"_themeisle_gutenberg_block_has_review":false,"footnotes":"","_links_to":"","_links_to_target":""},"categories":[1839,1909],"tags":[],"class_list":["post-45439","post","type-post","status-publish","format-standard","has-post-thumbnail","hentry","category-bez-kategorii","category-strona-glowna-sk"],"acf":[],"_links":{"self":[{"href":"https:\/\/plsk.eu\/sk\/wp-json\/wp\/v2\/posts\/45439","targetHints":{"allow":["GET"]}}],"collection":[{"href":"https:\/\/plsk.eu\/sk\/wp-json\/wp\/v2\/posts"}],"about":[{"href":"https:\/\/plsk.eu\/sk\/wp-json\/wp\/v2\/types\/post"}],"author":[{"embeddable":true,"href":"https:\/\/plsk.eu\/sk\/wp-json\/wp\/v2\/users\/22"}],"replies":[{"embeddable":true,"href":"https:\/\/plsk.eu\/sk\/wp-json\/wp\/v2\/comments?post=45439"}],"version-history":[{"count":1,"href":"https:\/\/plsk.eu\/sk\/wp-json\/wp\/v2\/posts\/45439\/revisions"}],"predecessor-version":[{"id":45440,"href":"https:\/\/plsk.eu\/sk\/wp-json\/wp\/v2\/posts\/45439\/revisions\/45440"}],"wp:featuredmedia":[{"embeddable":true,"href":"https:\/\/plsk.eu\/sk\/wp-json\/wp\/v2\/media\/45433"}],"wp:attachment":[{"href":"https:\/\/plsk.eu\/sk\/wp-json\/wp\/v2\/media?parent=45439"}],"wp:term":[{"taxonomy":"category","embeddable":true,"href":"https:\/\/plsk.eu\/sk\/wp-json\/wp\/v2\/categories?post=45439"},{"taxonomy":"post_tag","embeddable":true,"href":"https:\/\/plsk.eu\/sk\/wp-json\/wp\/v2\/tags?post=45439"}],"curies":[{"name":"wp","href":"https:\/\/api.w.org\/{rel}","templated":true}]}}