{"id":45476,"date":"2026-09-01T10:32:44","date_gmt":"2026-09-01T08:32:44","guid":{"rendered":"https:\/\/plsk.eu\/?p=45476"},"modified":"2026-09-01T10:34:37","modified_gmt":"2026-09-01T08:34:37","slug":"uvodna-konferencia-k-projektu-dedicstvo-pre-vsetkych","status":"publish","type":"post","link":"https:\/\/plsk.eu\/sk\/uvodna-konferencia-k-projektu-dedicstvo-pre-vsetkych\/","title":{"rendered":"\u00davodn\u00e1 konferencia k projektu \u201eDedi\u010dstvo pre v\u0161etk\u00fdch\u201c"},"content":{"rendered":"\n<p class=\"wp-block-paragraph\">D\u0148a 18. augusta 2026 sa v&nbsp;spolo\u010denskej s\u00e1le Domu kult\u00fary vo Svidn\u00edku uskuto\u010dnila otv\u00e1racia konferencia projektu \u201eDedi\u010dstvo pre v\u0161etk\u00fdch\u201c, ktor\u00e9ho ved\u00facim partnerom jeZesp\u00f3\u0142 Karpackich Park\u00f3w Krajobrazowych w Kro\u015bnie (PL) a&nbsp;partnerom na slovenskej strane je Podduklianske osvetov\u00e9 stredisko vo Svidn\u00edku. Konferencie sa z\u00fa\u010dastnili z\u00e1stupcovia spolupracuj\u00facich organiz\u00e1ci\u00ed, zdru\u017een\u00ed a&nbsp;jednotlivci z&nbsp;po\u013esko-slovensk\u00e9ho pohrani\u010dia, ktor\u00ed sa anga\u017euj\u00fa v&nbsp;oblasti tradi\u010dnej \u013eudovej kult\u00fary, turistiky a&nbsp;ochrany pr\u00edrody.<\/p>\n\n\n\n<p class=\"wp-block-paragraph\">Cie\u013eom konferencie bolo predstavi\u0165 verejnosti hlavn\u00e9 ciele projektu, jeho aktivity a&nbsp;pouk\u00e1za\u0165 na pr\u00ednosy Programu Interreg Po\u013esko &#8211; Slovensko 2021 &#8211; 2027 pre cel\u00e9 po\u013esko-slovensk\u00e9 pohrani\u010die.<\/p>\n\n\n\n<h2 class=\"wp-block-heading\"><strong>Aktivity Podduklianskeho osvetov\u00e9ho strediska vo Svidn\u00edku<\/strong><\/h2>\n\n\n\n<p class=\"wp-block-paragraph\">Investi\u010dn\u00e9 aktivity Podduklianskeho osvetov\u00e9ho strediska vo Svidn\u00edku predstavil riadite\u013e POS, p\u00e1n Miroslav \u0160toffa. Budova POS prejde rozsiahlou rekon\u0161trukciou: vymenia sa okn\u00e1, oprav\u00ed sa fas\u00e1da budovy, zmen\u00ed sa dispozi\u010dn\u00e9 usporiadanie priestorov na I. a&nbsp;II. nadzemnom podla\u017e\u00ed, zv\u00fd\u0161i sa hygienick\u00fd \u0161tandard&nbsp; tane\u010dnej a&nbsp;hudobnej s\u00e1ly, vytvoria sa podmienky na vznik centra tradi\u010dnej \u013eudovej kult\u00fary. Astronomick\u00e1 infra\u0161trukt\u00fara na vysunutom astronomickom pracovisku v Roztokoch sa dobuduje vybudovan\u00edm kupoly a&nbsp;osaden\u00edm \u010falekoh\u013eadu. Na tieto rekon\u0161truk\u010dn\u00e9 aktivity priamo nadv\u00e4zuje aj realiz\u00e1cia m\u00e4kk\u00fdch aktiv\u00edt &#8211; workshopov, ktor\u00fdch sa po\u010das trvania projektu uskuto\u010dn\u00ed 27 s&nbsp;celkov\u00fdm pl\u00e1novan\u00fdm po\u010dtom pribli\u017ene 800 \u00fa\u010dastn\u00edkov. Na konferencii pani M\u00e1ria Pajzinkov\u00e1 prezentovala zameranie jednotliv\u00fdch workshopov a ich v\u00fdznam z&nbsp;h\u013eadiska zachovania a&nbsp;prezent\u00e1cie tradi\u010dnej \u013eudovej kult\u00fary.<\/p>\n\n\n\n<h2 class=\"wp-block-heading\"><strong>Aktivity Zesp\u00f3\u0142u Karpackich Park\u00f3w Krajobrazowych w Kro\u015bnie<\/strong><\/h2>\n\n\n\n<p class=\"wp-block-paragraph\">\u010cinnosti&nbsp; hlavn\u00e9ho partnera &#8211; Zesp\u00f3\u0142u Karpackich Park\u00f3w Krajobrazowych w Kro\u015bnie \u2013 predstavil &nbsp;p\u00e1n Wojciech Mi\u0119tka, ktor\u00fd pribl\u00ed\u017eil hist\u00f3riu a s\u00fa\u010dasn\u00e9 p\u00f4sobenie organiz\u00e1cie, \u00fazemie jej p\u00f4sobnosti, ako aj aktivity a projekty, ktor\u00e9 realizuje. S\u00fa\u010das\u0165ou prezent\u00e1cie bolo aj predstavenie prihrani\u010dn\u00e9ho \u00fazemia z poh\u013eadu jeho kult\u00farneho a pr\u00edrodn\u00e9ho potenci\u00e1lu, charakteru krajiny a bohatej biodiverzity. Potenci\u00e1l prihrani\u010dn\u00e9ho regi\u00f3nu spo\u010d\u00edva predov\u0161etk\u00fdm v jeho jedine\u010dnom pr\u00edrodnom a kult\u00farnom dedi\u010dstve. Jeho ochrana, efekt\u00edvne vyu\u017e\u00edvanie a zachovanie princ\u00edpov trvalo udr\u017eate\u013en\u00e9ho rozvoja predstavuj\u00fa v\u00fdznamn\u00fa v\u00fdzvu pre organiz\u00e1cie p\u00f4sobiace v oblasti kult\u00fary a cestovn\u00e9ho ruchu. Nosn\u00fa aktivitu Zesp\u00f3\u0142u Karpackich Park\u00f3w Krajobrazowych w Kro\u015bnie prezentovala pani Anna Marczy\u0144ska. Ide o vytvorenie Mobiln\u00e9ho centra cestovn\u00e9ho ruchu so sol\u00e1rnym nap\u00e1jan\u00edm (MCT) s multimedi\u00e1lnym vybaven\u00edm a sprievodnou infra\u0161trukt\u00farou, ktor\u00fa tvoria fotovoltick\u00fd pr\u00edstre\u0161ok s nab\u00edjacou stanicou, bicykle s VR okuliarmi, ter\u00e9nne hry a&nbsp;pohrani\u010dn\u00fd turistick\u00fd servis. Vznik MCT prispeje k zabezpe\u010deniu spolo\u010dnej ochrany a rozvoja pr\u00edrodn\u00e9ho a kult\u00farneho dedi\u010dstva, ako aj k&nbsp;jeho efekt\u00edvnemu a udr\u017eate\u013en\u00e9mu vyu\u017e\u00edvaniu s cie\u013eom zv\u00fd\u0161i\u0165 \u00farove\u0148 atraktivity pohrani\u010dia. V\u010faka tejto inovat\u00edvnej iniciat\u00edve sa v r\u00e1mci realiz\u00e1cie projektu vytvoria podmienky na prezent\u00e1ciu, zachovanie a propag\u00e1ciu lok\u00e1lnej kult\u00fary.<\/p>\n\n\n\n<h2 class=\"wp-block-heading\"><strong>Prezent\u00e1cia Programu Interreg PL-SK 2021 &#8211; 2027<\/strong><\/h2>\n\n\n\n<p class=\"wp-block-paragraph\">&nbsp;&nbsp;&nbsp;&nbsp;&nbsp;&nbsp;&nbsp;&nbsp;&nbsp;&nbsp;&nbsp;&nbsp;&nbsp;&nbsp;&nbsp; Hlavn\u00e9 oblasti a&nbsp;pr\u00ednosy programu cezhrani\u010dnej spolupr\u00e1ce Interreg Po\u013esko &#8211; Slovensko 2021 \u2013 2027 prezentoval ved\u00faci odboru projektov\u00e9ho riadenia Pre\u0161ovsk\u00e9ho samospr\u00e1vneho kraja<br>JUDr. J\u00e1n Koc\u00e1k. Vo svojom pr\u00edspevku zd\u00f4raznil, \u017ee program Interreg m\u00e1 pre prihrani\u010dn\u00fd regi\u00f3n k\u013e\u00fa\u010dov\u00fd v\u00fdznam, preto\u017ee prep\u00e1ja miestne komunity, financuje spolo\u010dn\u00e9 rozvojov\u00e9 projekty a prispieva k zmier\u0148ovaniu ekonomick\u00fdch a soci\u00e1lnych rozdielov medzi regi\u00f3nmi. Z\u00e1rove\u0148 podporuje spolo\u010dn\u00fa prezent\u00e1ciu hist\u00f3rie, trad\u00edci\u00ed a&nbsp;folkl\u00f3ru, ako aj budovanie turistickej infra\u0161trukt\u00fary na oboch stran\u00e1ch hranice. V&nbsp;r\u00e1mci programu Interreg sa financuj\u00fa aj projekty zameran\u00e9 na ochranu \u017eivotn\u00e9ho prostredia, ekol\u00f3giu, udr\u017eate\u013en\u00fa energiu \u010di posil\u0148ovanie bezpe\u010dnosti v prihrani\u010dn\u00fdch oblastiach. V\u00fdznamn\u00fdm pr\u00ednosom programu je tie\u017e podpora rozvoja dopravnej infra\u0161trukt\u00fary a zlep\u0161ovanie cezhrani\u010dnej mobility medzi jednotliv\u00fdmi regi\u00f3nmi.<\/p>\n\n\n\n<h2 class=\"wp-block-heading\"><strong>Panelov\u00e1 diskusia<\/strong><\/h2>\n\n\n\n<p class=\"wp-block-paragraph\">V&nbsp;panelovej diskusii, ktor\u00fa viedla pani Aneta Jarecka, boli predstaven\u00e9 projektov\u00e9 aktivity realizovan\u00e9 v r\u00e1mci predch\u00e1dzaj\u00facich v\u00fdziev a pr\u00edklady \u00faspe\u0161n\u00fdch projektov. Zrealizovan\u00e9 projekty a ich pr\u00ednos pre obyvate\u013eov po\u013esko-slovensk\u00e9ho pohrani\u010dia prezentovali pani&nbsp; Ma\u0142gorzata Walaszczyk-Faryj, dlhoro\u010dn\u00e1 riadite\u013eka kult\u00farneho strediska v&nbsp;Dukle, p\u00e1n Micha\u0142 Szope, riadite\u013e Mestsk\u00e9ho strediska \u0161portu a&nbsp;rekre\u00e1cie v&nbsp;Dukle, a&nbsp;pani Marcela Ivan\u010dov\u00e1, prim\u00e1torka mesta Svidn\u00edk.<\/p>\n\n\n\n<p class=\"wp-block-paragraph\">Aktivity realizovan\u00e9 v pohrani\u010dn\u00fdch oblastiach v&nbsp;r\u00e1mci cezhrani\u010dnej spolupr\u00e1ce prin\u00e1\u0161aj\u00fa v\u00fdznamn\u00e9 pr\u00ednosy pre rozvoj ekonomiky, kult\u00fary a infra\u0161trukt\u00fary dotknut\u00fdch regi\u00f3nov. V\u010faka t\u00fdmto aktivit\u00e1m sa pohrani\u010dn\u00e9 oblasti postupne transformuj\u00fa z okrajov\u00fdch perif\u00e9ri\u00ed na v\u00fdznamn\u00e9 centr\u00e1 spolupr\u00e1ce a integr\u00e1cie.<\/p>\n\n\n\n<h2 class=\"wp-block-heading\"><strong>Ni\u017e\u0161ie n\u00e1jdete fotoreport\u00e1\u017e z podujatia<\/strong><\/h2>\n\n\n\n<div class=\"\">\n\n  <div class=\"widget-image-gallery galRB gal-1569\">\n\n    <div id=\"swiperGalFUll-1569\"\n      class=\"swiper widget-image-gallery__full swiper-initialized swiper-horizontal swiper-pointer-events swiper-backface-hidden\">\n\n      <div class=\"swiper-wrapper\" id=\"swiper-wrapper-1569\" aria-live=\"polite\"\n        style=\"transform: translate3d(0px, 0px, 0px);\">\n\n        \n\n        \n        <div class=\"swiper-slide excludeimg  swiper-slide-active \"\n            tabindex=\"0\"\n        data-sliderId =\"1569\"\n        data-bs-slide-to=\"0\"\n        data-title=\"\" role=\"group\"\n          data-bs-toggle=\"modal\" data-bs-target=\"#exampleModal1569\"\n          aria-label=\"1 \/ 6\"\n          style=\"background: linear-gradient(rgba(211, 211, 211), rgba(211, 211, 211))\">\n\n          <img decoding=\"async\" src=\"https:\/\/plsk.eu\/wp-content\/uploads\/2026\/09\/Konferencja-otwierajaca-6-scaled.jpg\" class=\"gal_bg_img\" style=\"\n    width: 100% !important;\">\n\n          <img decoding=\"async\" src=\"https:\/\/plsk.eu\/wp-content\/uploads\/2026\/09\/Konferencja-otwierajaca-6-scaled.jpg\" alt=\"Pi\u0119cioosobowe prezydium siedz\u0105ce przy d\u0142ugim stole nakrytym bia\u0142ym obrusem, w tle na \u015bcianie god\u0142o S\u0142owacji i herb gminy. P\u00e4\u0165\u010dlenn\u00e9 predsedn\u00edctvo sediace za dlh\u00fdm stolom s bielym obrusom, v pozad\u00ed na stene \u0161t\u00e1tny znak Slovenska a erb obce.\" class=\"gal_main_img\" style=\"\">\n        <\/div>\n                \n\n        \n        <div class=\"swiper-slide excludeimg \"\n            tabindex=\"0\"\n        data-sliderId =\"1569\"\n        data-bs-slide-to=\"1\"\n        data-title=\"\" role=\"group\"\n          data-bs-toggle=\"modal\" data-bs-target=\"#exampleModal1569\"\n          aria-label=\"2 \/ 6\"\n          style=\"background: linear-gradient(rgba(211, 211, 211), rgba(211, 211, 211))\">\n\n          <img decoding=\"async\" src=\"https:\/\/plsk.eu\/wp-content\/uploads\/2026\/09\/Konferencja-otwierajaca-5-scaled.jpg\" class=\"gal_bg_img\" style=\"\n    width: 100% !important;\">\n\n          <img decoding=\"async\" src=\"https:\/\/plsk.eu\/wp-content\/uploads\/2026\/09\/Konferencja-otwierajaca-5-scaled.jpg\" alt=\"Widok z boku na ca\u0142\u0105 sal\u0119 konferencyjn\u0105 z prezydium przy stole prezydialnym i licznie zgromadzonymi uczestnikami. Poh\u013ead zboku na cel\u00fa konferen\u010dn\u00fa s\u00e1lu s predsedn\u00edctvom za hlavn\u00fdm stolom a po\u010detn\u00fdmi \u00fa\u010dastn\u00edkmi.\" class=\"gal_main_img\" style=\"\">\n        <\/div>\n                \n\n        \n        <div class=\"swiper-slide excludeimg \"\n            tabindex=\"0\"\n        data-sliderId =\"1569\"\n        data-bs-slide-to=\"2\"\n        data-title=\"\" role=\"group\"\n          data-bs-toggle=\"modal\" data-bs-target=\"#exampleModal1569\"\n          aria-label=\"3 \/ 6\"\n          style=\"background: linear-gradient(rgba(211, 211, 211), rgba(211, 211, 211))\">\n\n          <img decoding=\"async\" src=\"https:\/\/plsk.eu\/wp-content\/uploads\/2026\/09\/Konferencja-otwierajaca-4-scaled.jpg\" class=\"gal_bg_img\" style=\"\n    width: 100% !important;\">\n\n          <img decoding=\"async\" src=\"https:\/\/plsk.eu\/wp-content\/uploads\/2026\/09\/Konferencja-otwierajaca-4-scaled.jpg\" alt=\"Prelegentka prowadz\u0105ca prezentacj\u0119 przed uczestnikami konferencji; na ekranie projektora widoczny slajd z logo Interreg Polska \u2013 S\u0142owacja. Predn\u00e1\u0161aj\u00faca ved\u00faca prezent\u00e1ciu pred \u00fa\u010dastn\u00edkmi konferencie; na obrazovke projektora je vidite\u013en\u00e1 sn\u00edmka s logom Interreg Po\u013esko \u2013 Slovensko.\" class=\"gal_main_img\" style=\"\">\n        <\/div>\n                \n\n        \n        <div class=\"swiper-slide excludeimg \"\n            tabindex=\"0\"\n        data-sliderId =\"1569\"\n        data-bs-slide-to=\"3\"\n        data-title=\"\" role=\"group\"\n          data-bs-toggle=\"modal\" data-bs-target=\"#exampleModal1569\"\n          aria-label=\"4 \/ 6\"\n          style=\"background: linear-gradient(rgba(211, 211, 211), rgba(211, 211, 211))\">\n\n          <img decoding=\"async\" src=\"https:\/\/plsk.eu\/wp-content\/uploads\/2026\/09\/Konferencja-otwierajaca-3-scaled.jpg\" class=\"gal_bg_img\" style=\"\n    width: 100% !important;\">\n\n          <img decoding=\"async\" src=\"https:\/\/plsk.eu\/wp-content\/uploads\/2026\/09\/Konferencja-otwierajaca-3-scaled.jpg\" alt=\"Baner promocyjny projektu z napisem w j\u0119zyku s\u0142owackim i polskim \u201eDedi\u010dstvo pre v\u0161etk\u00fdch \/ Dziedzictwo dla wszystkich\u201d oraz numerem projektu, obok stoj\u0105 flagi Polski i S\u0142owacji. Propaga\u010dn\u00fd banner projektu s n\u00e1pisom v sloven\u010dine a po\u013e\u0161tine \u201eDedi\u010dstvo pre v\u0161etk\u00fdch \/ Dziedzictwo dla wszystkich\u201c a \u010d\u00edslom projektu, ved\u013ea stoja vlajky Po\u013eska a Slovenska.\" class=\"gal_main_img\" style=\"\">\n        <\/div>\n                \n\n        \n        <div class=\"swiper-slide excludeimg \"\n            tabindex=\"0\"\n        data-sliderId =\"1569\"\n        data-bs-slide-to=\"4\"\n        data-title=\"\" role=\"group\"\n          data-bs-toggle=\"modal\" data-bs-target=\"#exampleModal1569\"\n          aria-label=\"5 \/ 6\"\n          style=\"background: linear-gradient(rgba(211, 211, 211), rgba(211, 211, 211))\">\n\n          <img decoding=\"async\" src=\"https:\/\/plsk.eu\/wp-content\/uploads\/2026\/09\/Konferencja-otwierajaca-2-scaled.jpg\" class=\"gal_bg_img\" style=\"\n    width: 100% !important;\">\n\n          <img decoding=\"async\" src=\"https:\/\/plsk.eu\/wp-content\/uploads\/2026\/09\/Konferencja-otwierajaca-2-scaled.jpg\" alt=\"Uczestnicy wydarzenia rozmawiaj\u0105cy w korytarzu podczas przerwy kawowej; w tle widoczna \u015bcianka reklamowa Interreg. \u00da\u010dastn\u00edci podujatia rozpr\u00e1vaj\u00faci sa na chodbe po\u010das k\u00e1vovej prest\u00e1vky; v pozad\u00ed je vidite\u013en\u00e1 reklamn\u00e1 stena Interreg.\" class=\"gal_main_img\" style=\"\">\n        <\/div>\n                \n\n        \n        <div class=\"swiper-slide excludeimg \"\n            tabindex=\"0\"\n        data-sliderId =\"1569\"\n        data-bs-slide-to=\"5\"\n        data-title=\"\" role=\"group\"\n          data-bs-toggle=\"modal\" data-bs-target=\"#exampleModal1569\"\n          aria-label=\"6 \/ 6\"\n          style=\"background: linear-gradient(rgba(211, 211, 211), rgba(211, 211, 211))\">\n\n          <img decoding=\"async\" src=\"https:\/\/plsk.eu\/wp-content\/uploads\/2026\/09\/Konferencja-otwierajaca-1-scaled.jpg\" class=\"gal_bg_img\" style=\"\n    width: 100% !important;\">\n\n          <img decoding=\"async\" src=\"https:\/\/plsk.eu\/wp-content\/uploads\/2026\/09\/Konferencja-otwierajaca-1-scaled.jpg\" alt=\"Uczestnicy konferencji siedz\u0105cy przy sto\u0142ach i w rz\u0119dach krzese\u0142 w jasnej sali obrad, s\u0142uchaj\u0105cy wyst\u0105pienia. \u00da\u010dastn\u00edci konferencie sediaci za stolmi a v radoch stoli\u010diek v svetlej sadacej s\u00e1le, po\u010d\u00favaj\u00faci prezent\u00e1ciu.\" class=\"gal_main_img\" style=\"\">\n        <\/div>\n                \n\n\n      <\/div>\n\n\n      <span class=\"swiper-notification\" aria-live=\"assertive\" aria-atomic=\"true\"><\/span>\n\n    <\/div>\n\n    <div id=\"swiperGalThumb-1569\" data-galid=\"1569\"\n      class=\"swiper widget-image-gallery__thumbs swiper-initialized swiper-horizontal swiper-pointer-events swiper-free-mode swiper-backface-hidden swiper-thumbs\">\n      <div class=\"swiper-wrapper\" id=\"swiper-wrapper-1569\" aria-live=\"polite\"\n        style=\"transform: translate3d(0px, 0px, 0px);\">\n\n        \n        \n        <div class=\"swiper-slide swiper-slide-prev\" style=\"width: 139px; margin-right: 30px;\" role=\"group\">\n          <img decoding=\"async\" src=\"https:\/\/plsk.eu\/wp-content\/uploads\/2026\/09\/Konferencja-otwierajaca-6-scaled.jpg\" alt=\"Pi\u0119cioosobowe prezydium siedz\u0105ce przy d\u0142ugim stole nakrytym bia\u0142ym obrusem, w tle na \u015bcianie god\u0142o S\u0142owacji i herb gminy. P\u00e4\u0165\u010dlenn\u00e9 predsedn\u00edctvo sediace za dlh\u00fdm stolom s bielym obrusom, v pozad\u00ed na stene \u0161t\u00e1tny znak Slovenska a erb obce.\">\n        <\/div>\n        \n        \n        <div class=\"swiper-slide swiper-slide-prev\" style=\"width: 139px; margin-right: 30px;\" role=\"group\">\n          <img decoding=\"async\" src=\"https:\/\/plsk.eu\/wp-content\/uploads\/2026\/09\/Konferencja-otwierajaca-5-scaled.jpg\" alt=\"Widok z boku na ca\u0142\u0105 sal\u0119 konferencyjn\u0105 z prezydium przy stole prezydialnym i licznie zgromadzonymi uczestnikami. Poh\u013ead zboku na cel\u00fa konferen\u010dn\u00fa s\u00e1lu s predsedn\u00edctvom za hlavn\u00fdm stolom a po\u010detn\u00fdmi \u00fa\u010dastn\u00edkmi.\">\n        <\/div>\n        \n        \n        <div class=\"swiper-slide swiper-slide-prev\" style=\"width: 139px; margin-right: 30px;\" role=\"group\">\n          <img decoding=\"async\" src=\"https:\/\/plsk.eu\/wp-content\/uploads\/2026\/09\/Konferencja-otwierajaca-4-scaled.jpg\" alt=\"Prelegentka prowadz\u0105ca prezentacj\u0119 przed uczestnikami konferencji; na ekranie projektora widoczny slajd z logo Interreg Polska \u2013 S\u0142owacja. Predn\u00e1\u0161aj\u00faca ved\u00faca prezent\u00e1ciu pred \u00fa\u010dastn\u00edkmi konferencie; na obrazovke projektora je vidite\u013en\u00e1 sn\u00edmka s logom Interreg Po\u013esko \u2013 Slovensko.\">\n        <\/div>\n        \n        \n        <div class=\"swiper-slide swiper-slide-prev\" style=\"width: 139px; margin-right: 30px;\" role=\"group\">\n          <img decoding=\"async\" src=\"https:\/\/plsk.eu\/wp-content\/uploads\/2026\/09\/Konferencja-otwierajaca-3-scaled.jpg\" alt=\"Baner promocyjny projektu z napisem w j\u0119zyku s\u0142owackim i polskim \u201eDedi\u010dstvo pre v\u0161etk\u00fdch \/ Dziedzictwo dla wszystkich\u201d oraz numerem projektu, obok stoj\u0105 flagi Polski i S\u0142owacji. Propaga\u010dn\u00fd banner projektu s n\u00e1pisom v sloven\u010dine a po\u013e\u0161tine \u201eDedi\u010dstvo pre v\u0161etk\u00fdch \/ Dziedzictwo dla wszystkich\u201c a \u010d\u00edslom projektu, ved\u013ea stoja vlajky Po\u013eska a Slovenska.\">\n        <\/div>\n        \n        \n        <div class=\"swiper-slide swiper-slide-prev\" style=\"width: 139px; margin-right: 30px;\" role=\"group\">\n          <img decoding=\"async\" src=\"https:\/\/plsk.eu\/wp-content\/uploads\/2026\/09\/Konferencja-otwierajaca-2-scaled.jpg\" alt=\"Uczestnicy wydarzenia rozmawiaj\u0105cy w korytarzu podczas przerwy kawowej; w tle widoczna \u015bcianka reklamowa Interreg. \u00da\u010dastn\u00edci podujatia rozpr\u00e1vaj\u00faci sa na chodbe po\u010das k\u00e1vovej prest\u00e1vky; v pozad\u00ed je vidite\u013en\u00e1 reklamn\u00e1 stena Interreg.\">\n        <\/div>\n        \n        \n        <div class=\"swiper-slide swiper-slide-prev\" style=\"width: 139px; margin-right: 30px;\" role=\"group\">\n          <img decoding=\"async\" src=\"https:\/\/plsk.eu\/wp-content\/uploads\/2026\/09\/Konferencja-otwierajaca-1-scaled.jpg\" alt=\"Uczestnicy konferencji siedz\u0105cy przy sto\u0142ach i w rz\u0119dach krzese\u0142 w jasnej sali obrad, s\u0142uchaj\u0105cy wyst\u0105pienia. \u00da\u010dastn\u00edci konferencie sediaci za stolmi a v radoch stoli\u010diek v svetlej sadacej s\u00e1le, po\u010d\u00favaj\u00faci prezent\u00e1ciu.\">\n        <\/div>\n        \n\n      <\/div>\n      <span class=\"swiper-notification\" aria-live=\"assertive\" aria-atomic=\"true\"><\/span>\n    <\/div>\n          <!--\n    <div class=\"widget-image-gallery__caption\">\n      <p>Opis zdj\u0119cia5, fot. Jan Kowalski<\/p>\n    <\/div>-->\n\n\n    <div class=\"image-swiper-button-prev swiper-button-prev\" role=\"button\" aria-label=\"Predch\u00e1dzaj\u00faci obr\u00e1zok\"\n      aria-controls=\"swiper-wrapper-1569\" aria-disabled=\"false\">\n    <\/div>\n\n    <div class=\"image-swiper-button-next swiper-button-next swiper-button-disabled\" role=\"button\"\n      aria-label=\"\u010eal\u0161\u00ed obr\u00e1zok\" aria-controls=\"swiper-wrapper-4052\" aria-disabled=\"true\">\n    <\/div>\n\n\n\n\n  <\/div>\n\n  \n  <div class=\"modal fade gal_modal\" id=\"exampleModal1569\" tabindex=\"-1\" aria-hidden=\"true\">\n    <div class=\"modal-dialog\">\n      <div class=\"modal-content\">\n        <div class=\"modal-header\">\n          <button type=\"button\" class=\"btn-close\" data-bs-dismiss=\"modal\" aria-label=\"Zamkn\u0105\u0107\">\n          <img decoding=\"async\"\n              src=\"https:\/\/plsk.eu\/wp-content\/themes\/fundusze\/assets\/images\/close.svg\"\n              alt=Zamkn\u0105\u0107>\n          <span class=\"visually-hidden\">Zamkn\u0105\u0107<\/span>\n        <\/button>\n        <\/div>\n\n          <div class=\"row no_mobile\">\n\n            <div class=\"col-xxl-2 col-xl-2 col-lg-2 col-md-2 col-sm-2 gal_left\">\n              <button type=\"button\" data-bs-target=\"#carouselExample1569\" data-bs-slide=\"prev\"\n                aria-label=\"Predch\u00e1dzaj\u00faci obr\u00e1zok\">\n                <img decoding=\"async\" src=\"https:\/\/plsk.eu\/wp-content\/themes\/fundusze\/assets\/images\/back.svg\" alt=\"\"> <\/button>\n            <\/div>\n\n            <div class=\"col-xxl-8 col-xl-8 col-lg-8 col-md-8 col-sm-8\">\n\n              <div id=\"carouselExample1569\" class=\"carousel slide\" data-bs-interval=\"50000\"\n                data-bs-ride=\"carousel\">\n\n                <div class=\"carousel-inner\">\n\n                  \n                                    <div class=\"carousel-item  active \">\n                    <img decoding=\"async\" src=\"https:\/\/plsk.eu\/wp-content\/uploads\/2026\/09\/Konferencja-otwierajaca-6-scaled.jpg\" alt=\"Pi\u0119cioosobowe prezydium siedz\u0105ce przy d\u0142ugim stole nakrytym bia\u0142ym obrusem, w tle na \u015bcianie god\u0142o S\u0142owacji i herb gminy. P\u00e4\u0165\u010dlenn\u00e9 predsedn\u00edctvo sediace za dlh\u00fdm stolom s bielym obrusom, v pozad\u00ed na stene \u0161t\u00e1tny znak Slovenska a erb obce.\" class=\"img_all\">\n                    <div class=\"row\">\n\n                      <div class=\"col-xxl-12 col-xl-12 col-lg-12 col-md-12 col-sm-12\">\n                        <div class=\"img_caption\">\n                          <div class=\"cap_text\">\n                                                                                  <\/div>\n                          <div class=\"cap_num\">\n                            <strong> 1 z 6<\/strong>\n                          <\/div>\n\n                        <\/div>\n                      <\/div>\n\n                    <\/div>\n                  <\/div>\n                                    \n                                    <div class=\"carousel-item \">\n                    <img decoding=\"async\" src=\"https:\/\/plsk.eu\/wp-content\/uploads\/2026\/09\/Konferencja-otwierajaca-5-scaled.jpg\" alt=\"Widok z boku na ca\u0142\u0105 sal\u0119 konferencyjn\u0105 z prezydium przy stole prezydialnym i licznie zgromadzonymi uczestnikami. Poh\u013ead zboku na cel\u00fa konferen\u010dn\u00fa s\u00e1lu s predsedn\u00edctvom za hlavn\u00fdm stolom a po\u010detn\u00fdmi \u00fa\u010dastn\u00edkmi.\" class=\"img_all\">\n                    <div class=\"row\">\n\n                      <div class=\"col-xxl-12 col-xl-12 col-lg-12 col-md-12 col-sm-12\">\n                        <div class=\"img_caption\">\n                          <div class=\"cap_text\">\n                                                                                  <\/div>\n                          <div class=\"cap_num\">\n                            <strong> 2 z 6<\/strong>\n                          <\/div>\n\n                        <\/div>\n                      <\/div>\n\n                    <\/div>\n                  <\/div>\n                                    \n                                    <div class=\"carousel-item \">\n                    <img decoding=\"async\" src=\"https:\/\/plsk.eu\/wp-content\/uploads\/2026\/09\/Konferencja-otwierajaca-4-scaled.jpg\" alt=\"Prelegentka prowadz\u0105ca prezentacj\u0119 przed uczestnikami konferencji; na ekranie projektora widoczny slajd z logo Interreg Polska \u2013 S\u0142owacja. Predn\u00e1\u0161aj\u00faca ved\u00faca prezent\u00e1ciu pred \u00fa\u010dastn\u00edkmi konferencie; na obrazovke projektora je vidite\u013en\u00e1 sn\u00edmka s logom Interreg Po\u013esko \u2013 Slovensko.\" class=\"img_all\">\n                    <div class=\"row\">\n\n                      <div class=\"col-xxl-12 col-xl-12 col-lg-12 col-md-12 col-sm-12\">\n                        <div class=\"img_caption\">\n                          <div class=\"cap_text\">\n                                                                                  <\/div>\n                          <div class=\"cap_num\">\n                            <strong> 3 z 6<\/strong>\n                          <\/div>\n\n                        <\/div>\n                      <\/div>\n\n                    <\/div>\n                  <\/div>\n                                    \n                                    <div class=\"carousel-item \">\n                    <img decoding=\"async\" src=\"https:\/\/plsk.eu\/wp-content\/uploads\/2026\/09\/Konferencja-otwierajaca-3-scaled.jpg\" alt=\"Baner promocyjny projektu z napisem w j\u0119zyku s\u0142owackim i polskim \u201eDedi\u010dstvo pre v\u0161etk\u00fdch \/ Dziedzictwo dla wszystkich\u201d oraz numerem projektu, obok stoj\u0105 flagi Polski i S\u0142owacji. Propaga\u010dn\u00fd banner projektu s n\u00e1pisom v sloven\u010dine a po\u013e\u0161tine \u201eDedi\u010dstvo pre v\u0161etk\u00fdch \/ Dziedzictwo dla wszystkich\u201c a \u010d\u00edslom projektu, ved\u013ea stoja vlajky Po\u013eska a Slovenska.\" class=\"img_all\">\n                    <div class=\"row\">\n\n                      <div class=\"col-xxl-12 col-xl-12 col-lg-12 col-md-12 col-sm-12\">\n                        <div class=\"img_caption\">\n                          <div class=\"cap_text\">\n                                                                                  <\/div>\n                          <div class=\"cap_num\">\n                            <strong> 4 z 6<\/strong>\n                          <\/div>\n\n                        <\/div>\n                      <\/div>\n\n                    <\/div>\n                  <\/div>\n                                    \n                                    <div class=\"carousel-item \">\n                    <img decoding=\"async\" src=\"https:\/\/plsk.eu\/wp-content\/uploads\/2026\/09\/Konferencja-otwierajaca-2-scaled.jpg\" alt=\"Uczestnicy wydarzenia rozmawiaj\u0105cy w korytarzu podczas przerwy kawowej; w tle widoczna \u015bcianka reklamowa Interreg. \u00da\u010dastn\u00edci podujatia rozpr\u00e1vaj\u00faci sa na chodbe po\u010das k\u00e1vovej prest\u00e1vky; v pozad\u00ed je vidite\u013en\u00e1 reklamn\u00e1 stena Interreg.\" class=\"img_all\">\n                    <div class=\"row\">\n\n                      <div class=\"col-xxl-12 col-xl-12 col-lg-12 col-md-12 col-sm-12\">\n                        <div class=\"img_caption\">\n                          <div class=\"cap_text\">\n                                                                                  <\/div>\n                          <div class=\"cap_num\">\n                            <strong> 5 z 6<\/strong>\n                          <\/div>\n\n                        <\/div>\n                      <\/div>\n\n                    <\/div>\n                  <\/div>\n                                    \n                                    <div class=\"carousel-item \">\n                    <img decoding=\"async\" src=\"https:\/\/plsk.eu\/wp-content\/uploads\/2026\/09\/Konferencja-otwierajaca-1-scaled.jpg\" alt=\"Uczestnicy konferencji siedz\u0105cy przy sto\u0142ach i w rz\u0119dach krzese\u0142 w jasnej sali obrad, s\u0142uchaj\u0105cy wyst\u0105pienia. \u00da\u010dastn\u00edci konferencie sediaci za stolmi a v radoch stoli\u010diek v svetlej sadacej s\u00e1le, po\u010d\u00favaj\u00faci prezent\u00e1ciu.\" class=\"img_all\">\n                    <div class=\"row\">\n\n                      <div class=\"col-xxl-12 col-xl-12 col-lg-12 col-md-12 col-sm-12\">\n                        <div class=\"img_caption\">\n                          <div class=\"cap_text\">\n                                                                                  <\/div>\n                          <div class=\"cap_num\">\n                            <strong> 6 z 6<\/strong>\n                          <\/div>\n\n                        <\/div>\n                      <\/div>\n\n                    <\/div>\n                  <\/div>\n                                    \n                <\/div>\n\n              <\/div>\n\n            <\/div>\n            <div class=\"col-xxl-2 col-xl-2 col-lg-2 col-md-2 col-sm-2 gal_right\">\n              <button type=\"button\" data-bs-target=\"#carouselExample1569\" data-bs-slide=\"next\"\n                aria-label=\"\u010eal\u0161\u00ed obr\u00e1zok\"> <img decoding=\"async\"\n                  src=\"https:\/\/plsk.eu\/wp-content\/themes\/fundusze\/assets\/images\/next.svg\" alt=\"\"><\/button>\n            <\/div>\n\n          <\/div>\n\n\n          <div class=\"row no_desk\">\n\n            <div class=\"col-xxl-8 col-xl-8 col-lg-8 col-md-8 col-sm-8\">\n\n              <div id=\"carouselExample1569mob1569\" class=\"carousel slide\" data-bs-interval=\"50000\"\n                data-bs-ride=\"carousel\">\n\n                <div class=\"carousel-inner\">\n\n                  \n                                    <div class=\"carousel-item  active \">\n                    <img decoding=\"async\" src=\"https:\/\/plsk.eu\/wp-content\/uploads\/2026\/09\/Konferencja-otwierajaca-6-scaled.jpg\" alt=\"Pi\u0119cioosobowe prezydium siedz\u0105ce przy d\u0142ugim stole nakrytym bia\u0142ym obrusem, w tle na \u015bcianie god\u0142o S\u0142owacji i herb gminy. P\u00e4\u0165\u010dlenn\u00e9 predsedn\u00edctvo sediace za dlh\u00fdm stolom s bielym obrusom, v pozad\u00ed na stene \u0161t\u00e1tny znak Slovenska a erb obce.\" class=\"img_all\">\n                    <div class=\"row\">\n\n                      <div class=\"col-xxl-12 col-xl-12 col-lg-12 col-md-12 col-sm-12\">\n                        <div class=\"img_caption\">\n                          <div class=\"cap_text\">\n                            \n                                                      <\/div>\n                          <div class=\"cap_num\">\n                            <strong> 1 z 6<\/strong>\n                          <\/div>\n\n                        <\/div>\n                      <\/div>\n\n                    <\/div>\n                  <\/div>\n                  \n                                    <div class=\"carousel-item \">\n                    <img decoding=\"async\" src=\"https:\/\/plsk.eu\/wp-content\/uploads\/2026\/09\/Konferencja-otwierajaca-5-scaled.jpg\" alt=\"Widok z boku na ca\u0142\u0105 sal\u0119 konferencyjn\u0105 z prezydium przy stole prezydialnym i licznie zgromadzonymi uczestnikami. Poh\u013ead zboku na cel\u00fa konferen\u010dn\u00fa s\u00e1lu s predsedn\u00edctvom za hlavn\u00fdm stolom a po\u010detn\u00fdmi \u00fa\u010dastn\u00edkmi.\" class=\"img_all\">\n                    <div class=\"row\">\n\n                      <div class=\"col-xxl-12 col-xl-12 col-lg-12 col-md-12 col-sm-12\">\n                        <div class=\"img_caption\">\n                          <div class=\"cap_text\">\n                            \n                                                      <\/div>\n                          <div class=\"cap_num\">\n                            <strong> 2 z 6<\/strong>\n                          <\/div>\n\n                        <\/div>\n                      <\/div>\n\n                    <\/div>\n                  <\/div>\n                  \n                                    <div class=\"carousel-item \">\n                    <img decoding=\"async\" src=\"https:\/\/plsk.eu\/wp-content\/uploads\/2026\/09\/Konferencja-otwierajaca-4-scaled.jpg\" alt=\"Prelegentka prowadz\u0105ca prezentacj\u0119 przed uczestnikami konferencji; na ekranie projektora widoczny slajd z logo Interreg Polska \u2013 S\u0142owacja. Predn\u00e1\u0161aj\u00faca ved\u00faca prezent\u00e1ciu pred \u00fa\u010dastn\u00edkmi konferencie; na obrazovke projektora je vidite\u013en\u00e1 sn\u00edmka s logom Interreg Po\u013esko \u2013 Slovensko.\" class=\"img_all\">\n                    <div class=\"row\">\n\n                      <div class=\"col-xxl-12 col-xl-12 col-lg-12 col-md-12 col-sm-12\">\n                        <div class=\"img_caption\">\n                          <div class=\"cap_text\">\n                            \n                                                      <\/div>\n                          <div class=\"cap_num\">\n                            <strong> 3 z 6<\/strong>\n                          <\/div>\n\n                        <\/div>\n                      <\/div>\n\n                    <\/div>\n                  <\/div>\n                  \n                                    <div class=\"carousel-item \">\n                    <img decoding=\"async\" src=\"https:\/\/plsk.eu\/wp-content\/uploads\/2026\/09\/Konferencja-otwierajaca-3-scaled.jpg\" alt=\"Baner promocyjny projektu z napisem w j\u0119zyku s\u0142owackim i polskim \u201eDedi\u010dstvo pre v\u0161etk\u00fdch \/ Dziedzictwo dla wszystkich\u201d oraz numerem projektu, obok stoj\u0105 flagi Polski i S\u0142owacji. Propaga\u010dn\u00fd banner projektu s n\u00e1pisom v sloven\u010dine a po\u013e\u0161tine \u201eDedi\u010dstvo pre v\u0161etk\u00fdch \/ Dziedzictwo dla wszystkich\u201c a \u010d\u00edslom projektu, ved\u013ea stoja vlajky Po\u013eska a Slovenska.\" class=\"img_all\">\n                    <div class=\"row\">\n\n                      <div class=\"col-xxl-12 col-xl-12 col-lg-12 col-md-12 col-sm-12\">\n                        <div class=\"img_caption\">\n                          <div class=\"cap_text\">\n                            \n                                                      <\/div>\n                          <div class=\"cap_num\">\n                            <strong> 4 z 6<\/strong>\n                          <\/div>\n\n                        <\/div>\n                      <\/div>\n\n                    <\/div>\n                  <\/div>\n                  \n                                    <div class=\"carousel-item \">\n                    <img decoding=\"async\" src=\"https:\/\/plsk.eu\/wp-content\/uploads\/2026\/09\/Konferencja-otwierajaca-2-scaled.jpg\" alt=\"Uczestnicy wydarzenia rozmawiaj\u0105cy w korytarzu podczas przerwy kawowej; w tle widoczna \u015bcianka reklamowa Interreg. \u00da\u010dastn\u00edci podujatia rozpr\u00e1vaj\u00faci sa na chodbe po\u010das k\u00e1vovej prest\u00e1vky; v pozad\u00ed je vidite\u013en\u00e1 reklamn\u00e1 stena Interreg.\" class=\"img_all\">\n                    <div class=\"row\">\n\n                      <div class=\"col-xxl-12 col-xl-12 col-lg-12 col-md-12 col-sm-12\">\n                        <div class=\"img_caption\">\n                          <div class=\"cap_text\">\n                            \n                                                      <\/div>\n                          <div class=\"cap_num\">\n                            <strong> 5 z 6<\/strong>\n                          <\/div>\n\n                        <\/div>\n                      <\/div>\n\n                    <\/div>\n                  <\/div>\n                  \n                                    <div class=\"carousel-item \">\n                    <img decoding=\"async\" src=\"https:\/\/plsk.eu\/wp-content\/uploads\/2026\/09\/Konferencja-otwierajaca-1-scaled.jpg\" alt=\"Uczestnicy konferencji siedz\u0105cy przy sto\u0142ach i w rz\u0119dach krzese\u0142 w jasnej sali obrad, s\u0142uchaj\u0105cy wyst\u0105pienia. \u00da\u010dastn\u00edci konferencie sediaci za stolmi a v radoch stoli\u010diek v svetlej sadacej s\u00e1le, po\u010d\u00favaj\u00faci prezent\u00e1ciu.\" class=\"img_all\">\n                    <div class=\"row\">\n\n                      <div class=\"col-xxl-12 col-xl-12 col-lg-12 col-md-12 col-sm-12\">\n                        <div class=\"img_caption\">\n                          <div class=\"cap_text\">\n                            \n                                                      <\/div>\n                          <div class=\"cap_num\">\n                            <strong> 6 z 6<\/strong>\n                          <\/div>\n\n                        <\/div>\n                      <\/div>\n\n                    <\/div>\n                  <\/div>\n                                  <\/div>\n              <\/div>\n\n            <\/div>\n            <div class=\"col-xxl-2 col-xl-2 col-lg-2 col-md-2 col-sm-12 gal_arrow mb-30px\">\n              <img decoding=\"async\" src=\"https:\/\/plsk.eu\/wp-content\/themes\/fundusze\/assets\/images\/back.svg\"\n                data-bs-target=\"#carouselExample1569mob1569\" data-bs-slide=\"prev\" alt=\"\"> <img decoding=\"async\"\n                src=\"https:\/\/plsk.eu\/wp-content\/themes\/fundusze\/assets\/images\/next.svg\"\n                data-bs-target=\"#carouselExample1569mob1569\" data-bs-slide=\"next\" alt=\"\">\n            <\/div>\n\n          <\/div>\n      <\/div>\n    <\/div>\n  <\/div>\n\n  ","protected":false},"excerpt":{"rendered":"<p>D\u0148a 18. augusta 2026 sa v&nbsp;spolo\u010denskej s\u00e1le Domu kult\u00fary vo Svidn\u00edku uskuto\u010dnila otv\u00e1racia konferencia projektu \u201eDedi\u010dstvo pre v\u0161etk\u00fdch\u201c, ktor\u00e9ho ved\u00facim partnerom jeZesp\u00f3\u0142 Karpackich Park\u00f3w Krajobrazowych w Kro\u015bnie (PL) a&nbsp;partnerom na slovenskej strane je Podduklianske osvetov\u00e9 stredisko vo Svidn\u00edku. Konferencie sa z\u00fa\u010dastnili z\u00e1stupcovia spolupracuj\u00facich organiz\u00e1ci\u00ed, zdru\u017een\u00ed a&nbsp;jednotlivci z&nbsp;po\u013esko-slovensk\u00e9ho pohrani\u010dia, ktor\u00ed sa anga\u017euj\u00fa v&nbsp;oblasti tradi\u010dnej \u013eudovej kult\u00fary, [&hellip;]<\/p>\n","protected":false},"author":22,"featured_media":45474,"comment_status":"closed","ping_status":"open","sticky":false,"template":"","format":"standard","meta":{"_acf_changed":false,"inline_featured_image":false,"_themeisle_gutenberg_block_has_review":false,"footnotes":"","_links_to":"","_links_to_target":""},"categories":[1839,1909],"tags":[],"class_list":["post-45476","post","type-post","status-publish","format-standard","has-post-thumbnail","hentry","category-bez-kategorii","category-strona-glowna-sk"],"acf":[],"_links":{"self":[{"href":"https:\/\/plsk.eu\/sk\/wp-json\/wp\/v2\/posts\/45476","targetHints":{"allow":["GET"]}}],"collection":[{"href":"https:\/\/plsk.eu\/sk\/wp-json\/wp\/v2\/posts"}],"about":[{"href":"https:\/\/plsk.eu\/sk\/wp-json\/wp\/v2\/types\/post"}],"author":[{"embeddable":true,"href":"https:\/\/plsk.eu\/sk\/wp-json\/wp\/v2\/users\/22"}],"replies":[{"embeddable":true,"href":"https:\/\/plsk.eu\/sk\/wp-json\/wp\/v2\/comments?post=45476"}],"version-history":[{"count":1,"href":"https:\/\/plsk.eu\/sk\/wp-json\/wp\/v2\/posts\/45476\/revisions"}],"predecessor-version":[{"id":45477,"href":"https:\/\/plsk.eu\/sk\/wp-json\/wp\/v2\/posts\/45476\/revisions\/45477"}],"wp:featuredmedia":[{"embeddable":true,"href":"https:\/\/plsk.eu\/sk\/wp-json\/wp\/v2\/media\/45474"}],"wp:attachment":[{"href":"https:\/\/plsk.eu\/sk\/wp-json\/wp\/v2\/media?parent=45476"}],"wp:term":[{"taxonomy":"category","embeddable":true,"href":"https:\/\/plsk.eu\/sk\/wp-json\/wp\/v2\/categories?post=45476"},{"taxonomy":"post_tag","embeddable":true,"href":"https:\/\/plsk.eu\/sk\/wp-json\/wp\/v2\/tags?post=45476"}],"curies":[{"name":"wp","href":"https:\/\/api.w.org\/{rel}","templated":true}]}}