{"id":45503,"date":"2026-09-03T09:17:20","date_gmt":"2026-09-03T07:17:20","guid":{"rendered":"https:\/\/plsk.eu\/?p=45503"},"modified":"2026-09-02T09:30:45","modified_gmt":"2026-09-02T07:30:45","slug":"ako-sa-rozvija-polsko-slovenska-spolupraca-v-oblasti-cezhranicnych-funkcnych-oblasti","status":"publish","type":"post","link":"https:\/\/plsk.eu\/sk\/ako-sa-rozvija-polsko-slovenska-spolupraca-v-oblasti-cezhranicnych-funkcnych-oblasti\/","title":{"rendered":"Ako sa rozv\u00edja po\u013esko-slovensk\u00e1 spolupr\u00e1ca v oblasti cezhrani\u010dn\u00fdch funk\u010dn\u00fdch oblast\u00ed?"},"content":{"rendered":"\n<p class=\"wp-block-paragraph\">Z\u00e1stupcovia samospr\u00e1v a odborn\u00edci z akademickej obce sa stret\u00e1vaj\u00fa na spolo\u010dn\u00fdch konzult\u00e1ci\u00e1ch, aby diskutovali o rozvoji po\u013esko-slovensk\u00e9ho pohrani\u010dia. Aktivity realizovan\u00e9 v obci Gmina Jedlicze v spolupr\u00e1ci s partnermi z Po\u013eska a Slovenska predstavuj\u00fa k\u013e\u00fa\u010dov\u00fd prvok projektu: Veda pre cezhrani\u010dn\u00e9 funk\u010dn\u00e9 oblasti, ktor\u00fd sp\u00e1ja v\u00fdskumn\u00fd potenci\u00e1l s praktick\u00fdmi potrebami lok\u00e1lnych komun\u00edt.<\/p>\n\n\n\n<h2 class=\"wp-block-heading\"><strong>Odborn\u00fd dial\u00f3g a partnerstvo bez hran\u00edc<\/strong><\/h2>\n\n\n\n<p class=\"wp-block-paragraph\">Koncom j\u00fala sa v Jedliczi uskuto\u010dnilo stretnutie venovan\u00e9 po\u013esko-slovensk\u00fdm funk\u010dn\u00fdm \u00fazemiam. Zorganizovan\u00fd workshop zhroma\u017edil lok\u00e1lnych l\u00eddrov, predstavite\u013eov samospr\u00e1v a z\u00e1stupcov vedecko-v\u00fdskumn\u00e9ho sektora. \u00da\u010dastn\u00edci sa zamerali na anal\u00fdzu v\u00fdziev, ktor\u00fdm \u010delia prihrani\u010dn\u00e9 obce \u2013 od ot\u00e1zok spojen\u00fdch s verejn\u00fdm priestorom a\u017e po hospod\u00e1rske a soci\u00e1lne t\u00e9my.<\/p>\n\n\n\n<p class=\"wp-block-paragraph\">K\u013e\u00fa\u010dov\u00fdm z\u00e1merom iniciat\u00edvy je zabezpe\u010di\u0165, aby pripravovan\u00e9 rie\u0161enia nevych\u00e1dzali len z lok\u00e1lnych, izolovan\u00fdch pl\u00e1nov. V\u010faka zapojeniu ved\u00faceho partnera \u2013 Zdru\u017eenia Euroregi\u00f3n Karpatsk\u00fd \u2013 a slovensk\u00e9ho partnera, ktor\u00fdm je Mesto Medzilaborce, vznik\u00e1 spolo\u010dn\u00e1 cezhrani\u010dn\u00e1 platforma spolupr\u00e1ce. Spolo\u010dn\u00fd dial\u00f3g umo\u017e\u0148uje v\u00fdmenu sk\u00fasenost\u00ed a efekt\u00edvnej\u0161iu diagn\u00f3zu potrieb obyvate\u013eov na oboch stran\u00e1ch hranice.<\/p>\n\n\n\n<h2 class=\"wp-block-heading\"><strong>Od te\u00f3rie k praxi: Konzult\u00e1cie v \u017barnowci<\/strong><\/h2>\n\n\n\n<p class=\"wp-block-paragraph\">\u010eal\u0161\u00ed krok k utu\u017eeniu spolupr\u00e1ce sa uskuto\u010dnil po\u010das konzulta\u010dn\u00e9ho stretnutia zorganizovan\u00e9ho v historick\u00fdch priestoroch M\u00fazea Marie Konopnickej v \u017barnowci. Toto miesto, ktor\u00e9 je v\u00fdznamn\u00fdm bodom na kult\u00farnej mape regi\u00f3nu, sa stalo kulisou pre diskusiu o rozvoji cezhrani\u010dn\u00e9ho funk\u010dn\u00e9ho \u00fazemia N\u00edzke Beskydy.<\/p>\n\n\n\n<p class=\"wp-block-paragraph\">Po\u010das workshopu odborn\u00edci predstavili predbe\u017en\u00e9 z\u00e1very z diagnostick\u00fdch v\u00fdskumov a n\u00e1vrhy konkr\u00e9tnych rie\u0161en\u00ed pre cezhrani\u010dn\u00e9 funk\u010dn\u00e9 oblasti (CFO). Diskusia sa s\u00fastredila na praktick\u00e9 met\u00f3dy transferu poznatkov z oblasti vedy a v\u00fdskumu do ka\u017edodennej samospr\u00e1vnej praxe, vzdel\u00e1vania a podnikania. \u00da\u010dastn\u00edci analyzovali, ako vyu\u017ei\u0165 unik\u00e1tny pr\u00edrodn\u00fd a kult\u00farny potenci\u00e1l \u2013 vr\u00e1tane propag\u00e1cie rozpoznate\u013enej zna\u010dky CARPATHIA \u2013 s cie\u013eom \u010deli\u0165 negat\u00edvnym soci\u00e1lnym javom, ako je depopul\u00e1cia \u010di odliv mlad\u00fdch \u013eud\u00ed z regi\u00f3nu.<\/p>\n\n\n\n<h2 class=\"wp-block-heading\"><strong>Cie\u013e a v\u00fdsledky projektu<\/strong><\/h2>\n\n\n\n<p class=\"wp-block-paragraph\">Op\u00edsan\u00e9 podujatia zapadaj\u00fa do \u0161ir\u0161ieho cie\u013ea projektu \u201eVeda pre cezhrani\u010dn\u00e9 funk\u010dn\u00e9 oblasti\u201c. Toto podujatie sa zameriava na vybudovanie trval\u00e9ho syst\u00e9mu monitorovania soci\u00e1lno-hospod\u00e1rskej situ\u00e1cie na po\u013esko-slovenskom pohrani\u010d\u00ed.<\/p>\n\n\n\n<p class=\"wp-block-paragraph\">Hlavn\u00e9 v\u00fdsledky, ku ktor\u00fdm partneri projektu smeruj\u00fa, s\u00fa:<\/p>\n\n\n\n<ul class=\"wp-block-list\">\n<li>vytvorenie profesion\u00e1lneho kan\u00e1la transferu poznatkov \u2013 priame prepojenie v\u00fdsledkov vedeck\u00fdch v\u00fdskumov s mana\u017e\u00e9rskym rozhodovan\u00edm v obciach.<\/li>\n\n\n\n<li>posilnenie in\u0161titucion\u00e1lneho potenci\u00e1lu \u2013 vypracovanie modern\u00fdch n\u00e1strojov pl\u00e1novania priestorov\u00e9ho a hospod\u00e1rskeho rozvoja pre cezhrani\u010dn\u00e9 funk\u010dn\u00e9 \u00fazemia.<\/li>\n<\/ul>\n\n\n\n<p class=\"wp-block-paragraph\">V\u010faka spolufinancovaniu z fondov Eur\u00f3pskej \u00fanie sa spolo\u010dn\u00e9 aktivity obce Gmina Jedlicze, Zdru\u017eenia Euroregi\u00f3n Karpatsk\u00fd a Mesta Medzilaborce pretavuj\u00fa do trval\u00e9ho partnerstva.<\/p>\n\n\n\n<p class=\"wp-block-paragraph\">Viac o projekte si m\u00f4\u017eete pre\u010d\u00edta\u0165 tu: <a href=\"https:\/\/plsk.eu\/sk\/projekty\/veda-pre-cezhranicne-funkcne-oblasti\/\">https:\/\/plsk.eu\/sk\/projekty\/veda-pre-cezhranicne-funkcne-oblasti\/<\/a><\/p>\n\n\n\n<p class=\"wp-block-paragraph\">Ni\u017e\u0161ie uv\u00e1dzame fotoreport\u00e1\u017e z podujat\u00ed:<\/p>\n\n\n\n<div class=\"\">\n\n  <div class=\"widget-image-gallery galRB gal-3012\">\n\n    <div id=\"swiperGalFUll-3012\"\n      class=\"swiper widget-image-gallery__full swiper-initialized swiper-horizontal swiper-pointer-events swiper-backface-hidden\">\n\n      <div class=\"swiper-wrapper\" id=\"swiper-wrapper-3012\" aria-live=\"polite\"\n        style=\"transform: translate3d(0px, 0px, 0px);\">\n\n        \n\n        \n        <div class=\"swiper-slide excludeimg  swiper-slide-active \"\n            tabindex=\"0\"\n        data-sliderId =\"3012\"\n        data-bs-slide-to=\"0\"\n        data-title=\"\" role=\"group\"\n          data-bs-toggle=\"modal\" data-bs-target=\"#exampleModal3012\"\n          aria-label=\"1 \/ 11\"\n          style=\"background: linear-gradient(rgba(211, 211, 211), rgba(211, 211, 211))\">\n\n          <img decoding=\"async\" src=\"https:\/\/plsk.eu\/wp-content\/uploads\/2026\/09\/Spotkanie-Zarnowiec-4.jpg\" class=\"gal_bg_img\" style=\"\n    width: 100% !important;\">\n\n          <img decoding=\"async\" src=\"https:\/\/plsk.eu\/wp-content\/uploads\/2026\/09\/Spotkanie-Zarnowiec-4.jpg\" alt=\"Uczestnicy spotkania projektu Interreg Polska-S\u0142owacja przed Muzeum Marii Konopnickiej w \u017barnowcu. \u00da\u010dastn\u00edci stretnutia projektu Interreg Po\u013esko-Slovensko pred M\u00fazeom Marie Konopnickej v \u017darnowci.\" class=\"gal_main_img\" style=\"\">\n        <\/div>\n                \n\n        \n        <div class=\"swiper-slide excludeimg \"\n            tabindex=\"0\"\n        data-sliderId =\"3012\"\n        data-bs-slide-to=\"1\"\n        data-title=\"\" role=\"group\"\n          data-bs-toggle=\"modal\" data-bs-target=\"#exampleModal3012\"\n          aria-label=\"2 \/ 11\"\n          style=\"background: linear-gradient(rgba(211, 211, 211), rgba(211, 211, 211))\">\n\n          <img decoding=\"async\" src=\"https:\/\/plsk.eu\/wp-content\/uploads\/2026\/09\/Spotkanie-Zarnowiec-3.jpg\" class=\"gal_bg_img\" style=\"\n    width: 100% !important;\">\n\n          <img decoding=\"async\" src=\"https:\/\/plsk.eu\/wp-content\/uploads\/2026\/09\/Spotkanie-Zarnowiec-3.jpg\" alt=\"M\u0119\u017cczyzna w jasnej marynarce przemawiaj\u0105cy na tle ekranu interaktywnego i roll-up\u00f3w programu Interreg Polska-S\u0142owacja. Mu\u017e v svetlom saku hovoriaci pred interakt\u00edvnou obrazovkou a bannerom programu Interreg Po\u013esko-Slovensko.\" class=\"gal_main_img\" style=\"\">\n        <\/div>\n                \n\n        \n        <div class=\"swiper-slide excludeimg \"\n            tabindex=\"0\"\n        data-sliderId =\"3012\"\n        data-bs-slide-to=\"2\"\n        data-title=\"\" role=\"group\"\n          data-bs-toggle=\"modal\" data-bs-target=\"#exampleModal3012\"\n          aria-label=\"3 \/ 11\"\n          style=\"background: linear-gradient(rgba(211, 211, 211), rgba(211, 211, 211))\">\n\n          <img decoding=\"async\" src=\"https:\/\/plsk.eu\/wp-content\/uploads\/2026\/09\/Spotkanie-Zarnowiec-2.jpg\" class=\"gal_bg_img\" style=\"\n    width: 100% !important;\">\n\n          <img decoding=\"async\" src=\"https:\/\/plsk.eu\/wp-content\/uploads\/2026\/09\/Spotkanie-Zarnowiec-2.jpg\" alt=\"M\u0119\u017cczy\u017ani w garniturach s\u0142uchaj\u0105cy prelekcji w pierwszym rz\u0119dzie na sali konferencyjnej. Mu\u017ei v oblekoch po\u010d\u00favaj\u00faci predn\u00e1\u0161ku v prvom rade v konferen\u010dnej miestnosti.\" class=\"gal_main_img\" style=\"\">\n        <\/div>\n                \n\n        \n        <div class=\"swiper-slide excludeimg \"\n            tabindex=\"0\"\n        data-sliderId =\"3012\"\n        data-bs-slide-to=\"3\"\n        data-title=\"\" role=\"group\"\n          data-bs-toggle=\"modal\" data-bs-target=\"#exampleModal3012\"\n          aria-label=\"4 \/ 11\"\n          style=\"background: linear-gradient(rgba(211, 211, 211), rgba(211, 211, 211))\">\n\n          <img decoding=\"async\" src=\"https:\/\/plsk.eu\/wp-content\/uploads\/2026\/09\/Spotkanie-Zarnowiec-1.jpg\" class=\"gal_bg_img\" style=\"\n    width: 100% !important;\">\n\n          <img decoding=\"async\" src=\"https:\/\/plsk.eu\/wp-content\/uploads\/2026\/09\/Spotkanie-Zarnowiec-1.jpg\" alt=\"Uczestnicy spotkania Interreg Polska-S\u0142owacja w Muzeum Marii Konopnickiej w \u017barnowcu. \u00da\u010dastn\u00edci stretnutia Interreg Po\u013esko-Slovensko v M\u00fazeu Marie Konopnickej v \u017darnowci.\" class=\"gal_main_img\" style=\"\">\n        <\/div>\n                \n\n        \n        <div class=\"swiper-slide excludeimg \"\n            tabindex=\"0\"\n        data-sliderId =\"3012\"\n        data-bs-slide-to=\"4\"\n        data-title=\"\" role=\"group\"\n          data-bs-toggle=\"modal\" data-bs-target=\"#exampleModal3012\"\n          aria-label=\"5 \/ 11\"\n          style=\"background: linear-gradient(rgba(211, 211, 211), rgba(211, 211, 211))\">\n\n          <img decoding=\"async\" src=\"https:\/\/plsk.eu\/wp-content\/uploads\/2026\/09\/Spotkanie-Jedlicze-7.jpg\" class=\"gal_bg_img\" style=\"\n    width: 100% !important;\">\n\n          <img decoding=\"async\" src=\"https:\/\/plsk.eu\/wp-content\/uploads\/2026\/09\/Spotkanie-Jedlicze-7.jpg\" alt=\"Agenda spotkania projektu \u201eNauka na rzecz Transgranicznych Obszar\u00f3w Funkcjonalnych\u201d w ramach programu Interreg Polska-S\u0142owacja. Vytla\u010den\u00fd program stretnutia v Jedlicze zo d\u0148a 24. 7. 2026 programu Interreg Po\u013esko-Slovensko.\" class=\"gal_main_img\" style=\"\">\n        <\/div>\n                \n\n        \n        <div class=\"swiper-slide excludeimg \"\n            tabindex=\"0\"\n        data-sliderId =\"3012\"\n        data-bs-slide-to=\"5\"\n        data-title=\"\" role=\"group\"\n          data-bs-toggle=\"modal\" data-bs-target=\"#exampleModal3012\"\n          aria-label=\"6 \/ 11\"\n          style=\"background: linear-gradient(rgba(211, 211, 211), rgba(211, 211, 211))\">\n\n          <img decoding=\"async\" src=\"https:\/\/plsk.eu\/wp-content\/uploads\/2026\/09\/Spotkanie-Jedlicze-6.jpg\" class=\"gal_bg_img\" style=\"\n    width: 100% !important;\">\n\n          <img decoding=\"async\" src=\"https:\/\/plsk.eu\/wp-content\/uploads\/2026\/09\/Spotkanie-Jedlicze-6.jpg\" alt=\"Wyst\u0105pienie prelegenta podczas spotkania informacyjnego Gminy Jedlicze i programu Interreg Polska-S\u0142owacja. Vyst\u00fapenie re\u010dn\u00edka po\u010das informa\u010dn\u00e9ho stretnutia Gminy Jedlicze a programu Interreg Po\u013esko-Slovensko.\" class=\"gal_main_img\" style=\"\">\n        <\/div>\n                \n\n        \n        <div class=\"swiper-slide excludeimg \"\n            tabindex=\"0\"\n        data-sliderId =\"3012\"\n        data-bs-slide-to=\"6\"\n        data-title=\"\" role=\"group\"\n          data-bs-toggle=\"modal\" data-bs-target=\"#exampleModal3012\"\n          aria-label=\"7 \/ 11\"\n          style=\"background: linear-gradient(rgba(211, 211, 211), rgba(211, 211, 211))\">\n\n          <img decoding=\"async\" src=\"https:\/\/plsk.eu\/wp-content\/uploads\/2026\/09\/Spotkanie-Jedlicze-5.jpg\" class=\"gal_bg_img\" style=\"\n    width: 100% !important;\">\n\n          <img decoding=\"async\" src=\"https:\/\/plsk.eu\/wp-content\/uploads\/2026\/09\/Spotkanie-Jedlicze-5.jpg\" alt=\"Prezentacja projektu Interreg Polska-S\u0142owacja \u2013 widok zza widowni na prelegenta i ekran projekcyjny. Prezent\u00e1cia projektu Interreg Po\u013esko-Slovensko \u2013 poh\u013ead z h\u013eadiska na re\u010dn\u00edka a projek\u010dn\u00fa obrazovku.\" class=\"gal_main_img\" style=\"\">\n        <\/div>\n                \n\n        \n        <div class=\"swiper-slide excludeimg \"\n            tabindex=\"0\"\n        data-sliderId =\"3012\"\n        data-bs-slide-to=\"7\"\n        data-title=\"\" role=\"group\"\n          data-bs-toggle=\"modal\" data-bs-target=\"#exampleModal3012\"\n          aria-label=\"8 \/ 11\"\n          style=\"background: linear-gradient(rgba(211, 211, 211), rgba(211, 211, 211))\">\n\n          <img decoding=\"async\" src=\"https:\/\/plsk.eu\/wp-content\/uploads\/2026\/09\/Spotkanie-Jedlicze-4.jpg\" class=\"gal_bg_img\" style=\"\n    width: 100% !important;\">\n\n          <img decoding=\"async\" src=\"https:\/\/plsk.eu\/wp-content\/uploads\/2026\/09\/Spotkanie-Jedlicze-4.jpg\" alt=\"M\u0119\u017cczyzna w mundurze reprezentuj\u0105cy Magurski Park Narodowy przemawia podczas konferencji projektowej. Mu\u017e v uniforme zastupuj\u00faci Magursk\u00fd n\u00e1rodn\u00fd park hovor\u00ed po\u010das projektovej konferencie.\" class=\"gal_main_img\" style=\"\">\n        <\/div>\n                \n\n        \n        <div class=\"swiper-slide excludeimg \"\n            tabindex=\"0\"\n        data-sliderId =\"3012\"\n        data-bs-slide-to=\"8\"\n        data-title=\"\" role=\"group\"\n          data-bs-toggle=\"modal\" data-bs-target=\"#exampleModal3012\"\n          aria-label=\"9 \/ 11\"\n          style=\"background: linear-gradient(rgba(211, 211, 211), rgba(211, 211, 211))\">\n\n          <img decoding=\"async\" src=\"https:\/\/plsk.eu\/wp-content\/uploads\/2026\/09\/Spotkanie-Jedlicze-3.jpg\" class=\"gal_bg_img\" style=\"\n    width: 100% !important;\">\n\n          <img decoding=\"async\" src=\"https:\/\/plsk.eu\/wp-content\/uploads\/2026\/09\/Spotkanie-Jedlicze-3.jpg\" alt=\"Kobieta w mundurze z mikrofonem prezentuje projekt \u201eNauka na rzecz Transgranicznych Obszar\u00f3w Funkcjonalnych\u201d. \u017dena v uniforme s mikrof\u00f3nom prezentuje projekt \u201eVeda pre cezhrani\u010dn\u00e9 funk\u010dn\u00e9 oblasti\u201c.\" class=\"gal_main_img\" style=\"\">\n        <\/div>\n                \n\n        \n        <div class=\"swiper-slide excludeimg \"\n            tabindex=\"0\"\n        data-sliderId =\"3012\"\n        data-bs-slide-to=\"9\"\n        data-title=\"\" role=\"group\"\n          data-bs-toggle=\"modal\" data-bs-target=\"#exampleModal3012\"\n          aria-label=\"10 \/ 11\"\n          style=\"background: linear-gradient(rgba(211, 211, 211), rgba(211, 211, 211))\">\n\n          <img decoding=\"async\" src=\"https:\/\/plsk.eu\/wp-content\/uploads\/2026\/09\/Spotkanie-Jedlicze-2.jpg\" class=\"gal_bg_img\" style=\"\n    width: 100% !important;\">\n\n          <img decoding=\"async\" src=\"https:\/\/plsk.eu\/wp-content\/uploads\/2026\/09\/Spotkanie-Jedlicze-2.jpg\" alt=\"Uczestnicy spotkania Interreg Polska-S\u0142owacja siedz\u0105cy w rz\u0119dach na sali konferencyjnej. \u00da\u010dastn\u00edci stretnutia Interreg Po\u013esko-Slovensko sediaci v radoch v konferen\u010dnej miestnosti.\" class=\"gal_main_img\" style=\"\">\n        <\/div>\n                \n\n        \n        <div class=\"swiper-slide excludeimg \"\n            tabindex=\"0\"\n        data-sliderId =\"3012\"\n        data-bs-slide-to=\"10\"\n        data-title=\"\" role=\"group\"\n          data-bs-toggle=\"modal\" data-bs-target=\"#exampleModal3012\"\n          aria-label=\"11 \/ 11\"\n          style=\"background: linear-gradient(rgba(211, 211, 211), rgba(211, 211, 211))\">\n\n          <img decoding=\"async\" src=\"https:\/\/plsk.eu\/wp-content\/uploads\/2026\/09\/Spotkanie-Jedlicze-1.jpg\" class=\"gal_bg_img\" style=\"\n    width: 100% !important;\">\n\n          <img decoding=\"async\" src=\"https:\/\/plsk.eu\/wp-content\/uploads\/2026\/09\/Spotkanie-Jedlicze-1.jpg\" alt=\"Trzech m\u0119\u017cczyzn na pierwszym planie oraz uczestnicy konferencji programu Interreg Polska-S\u0142owacja w Jedliczu. Traja mu\u017ei v popred\u00ed a \u010fal\u0161\u00ed \u00fa\u010dastn\u00edci konferencie programu Interreg Po\u013esko-Slovensko.\" class=\"gal_main_img\" style=\"\">\n        <\/div>\n                \n\n\n      <\/div>\n\n\n      <span class=\"swiper-notification\" aria-live=\"assertive\" aria-atomic=\"true\"><\/span>\n\n    <\/div>\n\n    <div id=\"swiperGalThumb-3012\" data-galid=\"3012\"\n      class=\"swiper widget-image-gallery__thumbs swiper-initialized swiper-horizontal swiper-pointer-events swiper-free-mode swiper-backface-hidden swiper-thumbs\">\n      <div class=\"swiper-wrapper\" id=\"swiper-wrapper-3012\" aria-live=\"polite\"\n        style=\"transform: translate3d(0px, 0px, 0px);\">\n\n        \n        \n        <div class=\"swiper-slide swiper-slide-prev\" style=\"width: 139px; margin-right: 30px;\" role=\"group\">\n          <img decoding=\"async\" src=\"https:\/\/plsk.eu\/wp-content\/uploads\/2026\/09\/Spotkanie-Zarnowiec-4.jpg\" alt=\"Uczestnicy spotkania projektu Interreg Polska-S\u0142owacja przed Muzeum Marii Konopnickiej w \u017barnowcu. \u00da\u010dastn\u00edci stretnutia projektu Interreg Po\u013esko-Slovensko pred M\u00fazeom Marie Konopnickej v \u017darnowci.\">\n        <\/div>\n        \n        \n        <div class=\"swiper-slide swiper-slide-prev\" style=\"width: 139px; margin-right: 30px;\" role=\"group\">\n          <img decoding=\"async\" src=\"https:\/\/plsk.eu\/wp-content\/uploads\/2026\/09\/Spotkanie-Zarnowiec-3.jpg\" alt=\"M\u0119\u017cczyzna w jasnej marynarce przemawiaj\u0105cy na tle ekranu interaktywnego i roll-up\u00f3w programu Interreg Polska-S\u0142owacja. Mu\u017e v svetlom saku hovoriaci pred interakt\u00edvnou obrazovkou a bannerom programu Interreg Po\u013esko-Slovensko.\">\n        <\/div>\n        \n        \n        <div class=\"swiper-slide swiper-slide-prev\" style=\"width: 139px; margin-right: 30px;\" role=\"group\">\n          <img decoding=\"async\" src=\"https:\/\/plsk.eu\/wp-content\/uploads\/2026\/09\/Spotkanie-Zarnowiec-2.jpg\" alt=\"M\u0119\u017cczy\u017ani w garniturach s\u0142uchaj\u0105cy prelekcji w pierwszym rz\u0119dzie na sali konferencyjnej. Mu\u017ei v oblekoch po\u010d\u00favaj\u00faci predn\u00e1\u0161ku v prvom rade v konferen\u010dnej miestnosti.\">\n        <\/div>\n        \n        \n        <div class=\"swiper-slide swiper-slide-prev\" style=\"width: 139px; margin-right: 30px;\" role=\"group\">\n          <img decoding=\"async\" src=\"https:\/\/plsk.eu\/wp-content\/uploads\/2026\/09\/Spotkanie-Zarnowiec-1.jpg\" alt=\"Uczestnicy spotkania Interreg Polska-S\u0142owacja w Muzeum Marii Konopnickiej w \u017barnowcu. \u00da\u010dastn\u00edci stretnutia Interreg Po\u013esko-Slovensko v M\u00fazeu Marie Konopnickej v \u017darnowci.\">\n        <\/div>\n        \n        \n        <div class=\"swiper-slide swiper-slide-prev\" style=\"width: 139px; margin-right: 30px;\" role=\"group\">\n          <img decoding=\"async\" src=\"https:\/\/plsk.eu\/wp-content\/uploads\/2026\/09\/Spotkanie-Jedlicze-7.jpg\" alt=\"Agenda spotkania projektu \u201eNauka na rzecz Transgranicznych Obszar\u00f3w Funkcjonalnych\u201d w ramach programu Interreg Polska-S\u0142owacja. Vytla\u010den\u00fd program stretnutia v Jedlicze zo d\u0148a 24. 7. 2026 programu Interreg Po\u013esko-Slovensko.\">\n        <\/div>\n        \n        \n        <div class=\"swiper-slide swiper-slide-prev\" style=\"width: 139px; margin-right: 30px;\" role=\"group\">\n          <img decoding=\"async\" src=\"https:\/\/plsk.eu\/wp-content\/uploads\/2026\/09\/Spotkanie-Jedlicze-6.jpg\" alt=\"Wyst\u0105pienie prelegenta podczas spotkania informacyjnego Gminy Jedlicze i programu Interreg Polska-S\u0142owacja. Vyst\u00fapenie re\u010dn\u00edka po\u010das informa\u010dn\u00e9ho stretnutia Gminy Jedlicze a programu Interreg Po\u013esko-Slovensko.\">\n        <\/div>\n        \n        \n        <div class=\"swiper-slide swiper-slide-prev\" style=\"width: 139px; margin-right: 30px;\" role=\"group\">\n          <img decoding=\"async\" src=\"https:\/\/plsk.eu\/wp-content\/uploads\/2026\/09\/Spotkanie-Jedlicze-5.jpg\" alt=\"Prezentacja projektu Interreg Polska-S\u0142owacja \u2013 widok zza widowni na prelegenta i ekran projekcyjny. Prezent\u00e1cia projektu Interreg Po\u013esko-Slovensko \u2013 poh\u013ead z h\u013eadiska na re\u010dn\u00edka a projek\u010dn\u00fa obrazovku.\">\n        <\/div>\n        \n        \n        <div class=\"swiper-slide swiper-slide-prev\" style=\"width: 139px; margin-right: 30px;\" role=\"group\">\n          <img decoding=\"async\" src=\"https:\/\/plsk.eu\/wp-content\/uploads\/2026\/09\/Spotkanie-Jedlicze-4.jpg\" alt=\"M\u0119\u017cczyzna w mundurze reprezentuj\u0105cy Magurski Park Narodowy przemawia podczas konferencji projektowej. Mu\u017e v uniforme zastupuj\u00faci Magursk\u00fd n\u00e1rodn\u00fd park hovor\u00ed po\u010das projektovej konferencie.\">\n        <\/div>\n        \n        \n        <div class=\"swiper-slide swiper-slide-prev\" style=\"width: 139px; margin-right: 30px;\" role=\"group\">\n          <img decoding=\"async\" src=\"https:\/\/plsk.eu\/wp-content\/uploads\/2026\/09\/Spotkanie-Jedlicze-3.jpg\" alt=\"Kobieta w mundurze z mikrofonem prezentuje projekt \u201eNauka na rzecz Transgranicznych Obszar\u00f3w Funkcjonalnych\u201d. \u017dena v uniforme s mikrof\u00f3nom prezentuje projekt \u201eVeda pre cezhrani\u010dn\u00e9 funk\u010dn\u00e9 oblasti\u201c.\">\n        <\/div>\n        \n        \n        <div class=\"swiper-slide swiper-slide-prev\" style=\"width: 139px; margin-right: 30px;\" role=\"group\">\n          <img decoding=\"async\" src=\"https:\/\/plsk.eu\/wp-content\/uploads\/2026\/09\/Spotkanie-Jedlicze-2.jpg\" alt=\"Uczestnicy spotkania Interreg Polska-S\u0142owacja siedz\u0105cy w rz\u0119dach na sali konferencyjnej. \u00da\u010dastn\u00edci stretnutia Interreg Po\u013esko-Slovensko sediaci v radoch v konferen\u010dnej miestnosti.\">\n        <\/div>\n        \n        \n        <div class=\"swiper-slide swiper-slide-prev\" style=\"width: 139px; margin-right: 30px;\" role=\"group\">\n          <img decoding=\"async\" src=\"https:\/\/plsk.eu\/wp-content\/uploads\/2026\/09\/Spotkanie-Jedlicze-1.jpg\" alt=\"Trzech m\u0119\u017cczyzn na pierwszym planie oraz uczestnicy konferencji programu Interreg Polska-S\u0142owacja w Jedliczu. Traja mu\u017ei v popred\u00ed a \u010fal\u0161\u00ed \u00fa\u010dastn\u00edci konferencie programu Interreg Po\u013esko-Slovensko.\">\n        <\/div>\n        \n\n      <\/div>\n      <span class=\"swiper-notification\" aria-live=\"assertive\" aria-atomic=\"true\"><\/span>\n    <\/div>\n          <!--\n    <div class=\"widget-image-gallery__caption\">\n      <p>Opis zdj\u0119cia5, fot. Jan Kowalski<\/p>\n    <\/div>-->\n\n\n    <div class=\"image-swiper-button-prev swiper-button-prev\" role=\"button\" aria-label=\"Predch\u00e1dzaj\u00faci obr\u00e1zok\"\n      aria-controls=\"swiper-wrapper-3012\" aria-disabled=\"false\">\n    <\/div>\n\n    <div class=\"image-swiper-button-next swiper-button-next swiper-button-disabled\" role=\"button\"\n      aria-label=\"\u010eal\u0161\u00ed obr\u00e1zok\" aria-controls=\"swiper-wrapper-4503\" aria-disabled=\"true\">\n    <\/div>\n\n\n\n\n  <\/div>\n\n  \n  <div class=\"modal fade gal_modal\" id=\"exampleModal3012\" tabindex=\"-1\" aria-hidden=\"true\">\n    <div class=\"modal-dialog\">\n      <div class=\"modal-content\">\n        <div class=\"modal-header\">\n          <button type=\"button\" class=\"btn-close\" data-bs-dismiss=\"modal\" aria-label=\"Zamkn\u0105\u0107\">\n          <img decoding=\"async\"\n              src=\"https:\/\/plsk.eu\/wp-content\/themes\/fundusze\/assets\/images\/close.svg\"\n              alt=Zamkn\u0105\u0107>\n          <span class=\"visually-hidden\">Zamkn\u0105\u0107<\/span>\n        <\/button>\n        <\/div>\n\n          <div class=\"row no_mobile\">\n\n            <div class=\"col-xxl-2 col-xl-2 col-lg-2 col-md-2 col-sm-2 gal_left\">\n              <button type=\"button\" data-bs-target=\"#carouselExample3012\" data-bs-slide=\"prev\"\n                aria-label=\"Predch\u00e1dzaj\u00faci obr\u00e1zok\">\n                <img decoding=\"async\" src=\"https:\/\/plsk.eu\/wp-content\/themes\/fundusze\/assets\/images\/back.svg\" alt=\"\"> <\/button>\n            <\/div>\n\n            <div class=\"col-xxl-8 col-xl-8 col-lg-8 col-md-8 col-sm-8\">\n\n              <div id=\"carouselExample3012\" class=\"carousel slide\" data-bs-interval=\"50000\"\n                data-bs-ride=\"carousel\">\n\n                <div class=\"carousel-inner\">\n\n                  \n                                    <div class=\"carousel-item  active \">\n                    <img decoding=\"async\" src=\"https:\/\/plsk.eu\/wp-content\/uploads\/2026\/09\/Spotkanie-Zarnowiec-4.jpg\" alt=\"Uczestnicy spotkania projektu Interreg Polska-S\u0142owacja przed Muzeum Marii Konopnickiej w \u017barnowcu. \u00da\u010dastn\u00edci stretnutia projektu Interreg Po\u013esko-Slovensko pred M\u00fazeom Marie Konopnickej v \u017darnowci.\" class=\"img_all\">\n                    <div class=\"row\">\n\n                      <div class=\"col-xxl-12 col-xl-12 col-lg-12 col-md-12 col-sm-12\">\n                        <div class=\"img_caption\">\n                          <div class=\"cap_text\">\n                                                                                  <\/div>\n                          <div class=\"cap_num\">\n                            <strong> 1 z 11<\/strong>\n                          <\/div>\n\n                        <\/div>\n                      <\/div>\n\n                    <\/div>\n                  <\/div>\n                                    \n                                    <div class=\"carousel-item \">\n                    <img decoding=\"async\" src=\"https:\/\/plsk.eu\/wp-content\/uploads\/2026\/09\/Spotkanie-Zarnowiec-3.jpg\" alt=\"M\u0119\u017cczyzna w jasnej marynarce przemawiaj\u0105cy na tle ekranu interaktywnego i roll-up\u00f3w programu Interreg Polska-S\u0142owacja. Mu\u017e v svetlom saku hovoriaci pred interakt\u00edvnou obrazovkou a bannerom programu Interreg Po\u013esko-Slovensko.\" class=\"img_all\">\n                    <div class=\"row\">\n\n                      <div class=\"col-xxl-12 col-xl-12 col-lg-12 col-md-12 col-sm-12\">\n                        <div class=\"img_caption\">\n                          <div class=\"cap_text\">\n                                                                                  <\/div>\n                          <div class=\"cap_num\">\n                            <strong> 2 z 11<\/strong>\n                          <\/div>\n\n                        <\/div>\n                      <\/div>\n\n                    <\/div>\n                  <\/div>\n                                    \n                                    <div class=\"carousel-item \">\n                    <img decoding=\"async\" src=\"https:\/\/plsk.eu\/wp-content\/uploads\/2026\/09\/Spotkanie-Zarnowiec-2.jpg\" alt=\"M\u0119\u017cczy\u017ani w garniturach s\u0142uchaj\u0105cy prelekcji w pierwszym rz\u0119dzie na sali konferencyjnej. Mu\u017ei v oblekoch po\u010d\u00favaj\u00faci predn\u00e1\u0161ku v prvom rade v konferen\u010dnej miestnosti.\" class=\"img_all\">\n                    <div class=\"row\">\n\n                      <div class=\"col-xxl-12 col-xl-12 col-lg-12 col-md-12 col-sm-12\">\n                        <div class=\"img_caption\">\n                          <div class=\"cap_text\">\n                                                                                  <\/div>\n                          <div class=\"cap_num\">\n                            <strong> 3 z 11<\/strong>\n                          <\/div>\n\n                        <\/div>\n                      <\/div>\n\n                    <\/div>\n                  <\/div>\n                                    \n                                    <div class=\"carousel-item \">\n                    <img decoding=\"async\" src=\"https:\/\/plsk.eu\/wp-content\/uploads\/2026\/09\/Spotkanie-Zarnowiec-1.jpg\" alt=\"Uczestnicy spotkania Interreg Polska-S\u0142owacja w Muzeum Marii Konopnickiej w \u017barnowcu. \u00da\u010dastn\u00edci stretnutia Interreg Po\u013esko-Slovensko v M\u00fazeu Marie Konopnickej v \u017darnowci.\" class=\"img_all\">\n                    <div class=\"row\">\n\n                      <div class=\"col-xxl-12 col-xl-12 col-lg-12 col-md-12 col-sm-12\">\n                        <div class=\"img_caption\">\n                          <div class=\"cap_text\">\n                                                                                  <\/div>\n                          <div class=\"cap_num\">\n                            <strong> 4 z 11<\/strong>\n                          <\/div>\n\n                        <\/div>\n                      <\/div>\n\n                    <\/div>\n                  <\/div>\n                                    \n                                    <div class=\"carousel-item \">\n                    <img decoding=\"async\" src=\"https:\/\/plsk.eu\/wp-content\/uploads\/2026\/09\/Spotkanie-Jedlicze-7.jpg\" alt=\"Agenda spotkania projektu \u201eNauka na rzecz Transgranicznych Obszar\u00f3w Funkcjonalnych\u201d w ramach programu Interreg Polska-S\u0142owacja. Vytla\u010den\u00fd program stretnutia v Jedlicze zo d\u0148a 24. 7. 2026 programu Interreg Po\u013esko-Slovensko.\" class=\"img_all\">\n                    <div class=\"row\">\n\n                      <div class=\"col-xxl-12 col-xl-12 col-lg-12 col-md-12 col-sm-12\">\n                        <div class=\"img_caption\">\n                          <div class=\"cap_text\">\n                                                                                  <\/div>\n                          <div class=\"cap_num\">\n                            <strong> 5 z 11<\/strong>\n                          <\/div>\n\n                        <\/div>\n                      <\/div>\n\n                    <\/div>\n                  <\/div>\n                                    \n                                    <div class=\"carousel-item \">\n                    <img decoding=\"async\" src=\"https:\/\/plsk.eu\/wp-content\/uploads\/2026\/09\/Spotkanie-Jedlicze-6.jpg\" alt=\"Wyst\u0105pienie prelegenta podczas spotkania informacyjnego Gminy Jedlicze i programu Interreg Polska-S\u0142owacja. Vyst\u00fapenie re\u010dn\u00edka po\u010das informa\u010dn\u00e9ho stretnutia Gminy Jedlicze a programu Interreg Po\u013esko-Slovensko.\" class=\"img_all\">\n                    <div class=\"row\">\n\n                      <div class=\"col-xxl-12 col-xl-12 col-lg-12 col-md-12 col-sm-12\">\n                        <div class=\"img_caption\">\n                          <div class=\"cap_text\">\n                                                                                  <\/div>\n                          <div class=\"cap_num\">\n                            <strong> 6 z 11<\/strong>\n                          <\/div>\n\n                        <\/div>\n                      <\/div>\n\n                    <\/div>\n                  <\/div>\n                                    \n                                    <div class=\"carousel-item \">\n                    <img decoding=\"async\" src=\"https:\/\/plsk.eu\/wp-content\/uploads\/2026\/09\/Spotkanie-Jedlicze-5.jpg\" alt=\"Prezentacja projektu Interreg Polska-S\u0142owacja \u2013 widok zza widowni na prelegenta i ekran projekcyjny. Prezent\u00e1cia projektu Interreg Po\u013esko-Slovensko \u2013 poh\u013ead z h\u013eadiska na re\u010dn\u00edka a projek\u010dn\u00fa obrazovku.\" class=\"img_all\">\n                    <div class=\"row\">\n\n                      <div class=\"col-xxl-12 col-xl-12 col-lg-12 col-md-12 col-sm-12\">\n                        <div class=\"img_caption\">\n                          <div class=\"cap_text\">\n                                                                                  <\/div>\n                          <div class=\"cap_num\">\n                            <strong> 7 z 11<\/strong>\n                          <\/div>\n\n                        <\/div>\n                      <\/div>\n\n                    <\/div>\n                  <\/div>\n                                    \n                                    <div class=\"carousel-item \">\n                    <img decoding=\"async\" src=\"https:\/\/plsk.eu\/wp-content\/uploads\/2026\/09\/Spotkanie-Jedlicze-4.jpg\" alt=\"M\u0119\u017cczyzna w mundurze reprezentuj\u0105cy Magurski Park Narodowy przemawia podczas konferencji projektowej. Mu\u017e v uniforme zastupuj\u00faci Magursk\u00fd n\u00e1rodn\u00fd park hovor\u00ed po\u010das projektovej konferencie.\" class=\"img_all\">\n                    <div class=\"row\">\n\n                      <div class=\"col-xxl-12 col-xl-12 col-lg-12 col-md-12 col-sm-12\">\n                        <div class=\"img_caption\">\n                          <div class=\"cap_text\">\n                                                                                  <\/div>\n                          <div class=\"cap_num\">\n                            <strong> 8 z 11<\/strong>\n                          <\/div>\n\n                        <\/div>\n                      <\/div>\n\n                    <\/div>\n                  <\/div>\n                                    \n                                    <div class=\"carousel-item \">\n                    <img decoding=\"async\" src=\"https:\/\/plsk.eu\/wp-content\/uploads\/2026\/09\/Spotkanie-Jedlicze-3.jpg\" alt=\"Kobieta w mundurze z mikrofonem prezentuje projekt \u201eNauka na rzecz Transgranicznych Obszar\u00f3w Funkcjonalnych\u201d. \u017dena v uniforme s mikrof\u00f3nom prezentuje projekt \u201eVeda pre cezhrani\u010dn\u00e9 funk\u010dn\u00e9 oblasti\u201c.\" class=\"img_all\">\n                    <div class=\"row\">\n\n                      <div class=\"col-xxl-12 col-xl-12 col-lg-12 col-md-12 col-sm-12\">\n                        <div class=\"img_caption\">\n                          <div class=\"cap_text\">\n                                                                                  <\/div>\n                          <div class=\"cap_num\">\n                            <strong> 9 z 11<\/strong>\n                          <\/div>\n\n                        <\/div>\n                      <\/div>\n\n                    <\/div>\n                  <\/div>\n                                    \n                                    <div class=\"carousel-item \">\n                    <img decoding=\"async\" src=\"https:\/\/plsk.eu\/wp-content\/uploads\/2026\/09\/Spotkanie-Jedlicze-2.jpg\" alt=\"Uczestnicy spotkania Interreg Polska-S\u0142owacja siedz\u0105cy w rz\u0119dach na sali konferencyjnej. \u00da\u010dastn\u00edci stretnutia Interreg Po\u013esko-Slovensko sediaci v radoch v konferen\u010dnej miestnosti.\" class=\"img_all\">\n                    <div class=\"row\">\n\n                      <div class=\"col-xxl-12 col-xl-12 col-lg-12 col-md-12 col-sm-12\">\n                        <div class=\"img_caption\">\n                          <div class=\"cap_text\">\n                                                                                  <\/div>\n                          <div class=\"cap_num\">\n                            <strong> 10 z 11<\/strong>\n                          <\/div>\n\n                        <\/div>\n                      <\/div>\n\n                    <\/div>\n                  <\/div>\n                                    \n                                    <div class=\"carousel-item \">\n                    <img decoding=\"async\" src=\"https:\/\/plsk.eu\/wp-content\/uploads\/2026\/09\/Spotkanie-Jedlicze-1.jpg\" alt=\"Trzech m\u0119\u017cczyzn na pierwszym planie oraz uczestnicy konferencji programu Interreg Polska-S\u0142owacja w Jedliczu. Traja mu\u017ei v popred\u00ed a \u010fal\u0161\u00ed \u00fa\u010dastn\u00edci konferencie programu Interreg Po\u013esko-Slovensko.\" class=\"img_all\">\n                    <div class=\"row\">\n\n                      <div class=\"col-xxl-12 col-xl-12 col-lg-12 col-md-12 col-sm-12\">\n                        <div class=\"img_caption\">\n                          <div class=\"cap_text\">\n                                                                                  <\/div>\n                          <div class=\"cap_num\">\n                            <strong> 11 z 11<\/strong>\n                          <\/div>\n\n                        <\/div>\n                      <\/div>\n\n                    <\/div>\n                  <\/div>\n                                    \n                <\/div>\n\n              <\/div>\n\n            <\/div>\n            <div class=\"col-xxl-2 col-xl-2 col-lg-2 col-md-2 col-sm-2 gal_right\">\n              <button type=\"button\" data-bs-target=\"#carouselExample3012\" data-bs-slide=\"next\"\n                aria-label=\"\u010eal\u0161\u00ed obr\u00e1zok\"> <img decoding=\"async\"\n                  src=\"https:\/\/plsk.eu\/wp-content\/themes\/fundusze\/assets\/images\/next.svg\" alt=\"\"><\/button>\n            <\/div>\n\n          <\/div>\n\n\n          <div class=\"row no_desk\">\n\n            <div class=\"col-xxl-8 col-xl-8 col-lg-8 col-md-8 col-sm-8\">\n\n              <div id=\"carouselExample3012mob3012\" class=\"carousel slide\" data-bs-interval=\"50000\"\n                data-bs-ride=\"carousel\">\n\n                <div class=\"carousel-inner\">\n\n                  \n                                    <div class=\"carousel-item  active \">\n                    <img decoding=\"async\" src=\"https:\/\/plsk.eu\/wp-content\/uploads\/2026\/09\/Spotkanie-Zarnowiec-4.jpg\" alt=\"Uczestnicy spotkania projektu Interreg Polska-S\u0142owacja przed Muzeum Marii Konopnickiej w \u017barnowcu. \u00da\u010dastn\u00edci stretnutia projektu Interreg Po\u013esko-Slovensko pred M\u00fazeom Marie Konopnickej v \u017darnowci.\" class=\"img_all\">\n                    <div class=\"row\">\n\n                      <div class=\"col-xxl-12 col-xl-12 col-lg-12 col-md-12 col-sm-12\">\n                        <div class=\"img_caption\">\n                          <div class=\"cap_text\">\n                            \n                                                      <\/div>\n                          <div class=\"cap_num\">\n                            <strong> 1 z 11<\/strong>\n                          <\/div>\n\n                        <\/div>\n                      <\/div>\n\n                    <\/div>\n                  <\/div>\n                  \n                                    <div class=\"carousel-item \">\n                    <img decoding=\"async\" src=\"https:\/\/plsk.eu\/wp-content\/uploads\/2026\/09\/Spotkanie-Zarnowiec-3.jpg\" alt=\"M\u0119\u017cczyzna w jasnej marynarce przemawiaj\u0105cy na tle ekranu interaktywnego i roll-up\u00f3w programu Interreg Polska-S\u0142owacja. Mu\u017e v svetlom saku hovoriaci pred interakt\u00edvnou obrazovkou a bannerom programu Interreg Po\u013esko-Slovensko.\" class=\"img_all\">\n                    <div class=\"row\">\n\n                      <div class=\"col-xxl-12 col-xl-12 col-lg-12 col-md-12 col-sm-12\">\n                        <div class=\"img_caption\">\n                          <div class=\"cap_text\">\n                            \n                                                      <\/div>\n                          <div class=\"cap_num\">\n                            <strong> 2 z 11<\/strong>\n                          <\/div>\n\n                        <\/div>\n                      <\/div>\n\n                    <\/div>\n                  <\/div>\n                  \n                                    <div class=\"carousel-item \">\n                    <img decoding=\"async\" src=\"https:\/\/plsk.eu\/wp-content\/uploads\/2026\/09\/Spotkanie-Zarnowiec-2.jpg\" alt=\"M\u0119\u017cczy\u017ani w garniturach s\u0142uchaj\u0105cy prelekcji w pierwszym rz\u0119dzie na sali konferencyjnej. Mu\u017ei v oblekoch po\u010d\u00favaj\u00faci predn\u00e1\u0161ku v prvom rade v konferen\u010dnej miestnosti.\" class=\"img_all\">\n                    <div class=\"row\">\n\n                      <div class=\"col-xxl-12 col-xl-12 col-lg-12 col-md-12 col-sm-12\">\n                        <div class=\"img_caption\">\n                          <div class=\"cap_text\">\n                            \n                                                      <\/div>\n                          <div class=\"cap_num\">\n                            <strong> 3 z 11<\/strong>\n                          <\/div>\n\n                        <\/div>\n                      <\/div>\n\n                    <\/div>\n                  <\/div>\n                  \n                                    <div class=\"carousel-item \">\n                    <img decoding=\"async\" src=\"https:\/\/plsk.eu\/wp-content\/uploads\/2026\/09\/Spotkanie-Zarnowiec-1.jpg\" alt=\"Uczestnicy spotkania Interreg Polska-S\u0142owacja w Muzeum Marii Konopnickiej w \u017barnowcu. \u00da\u010dastn\u00edci stretnutia Interreg Po\u013esko-Slovensko v M\u00fazeu Marie Konopnickej v \u017darnowci.\" class=\"img_all\">\n                    <div class=\"row\">\n\n                      <div class=\"col-xxl-12 col-xl-12 col-lg-12 col-md-12 col-sm-12\">\n                        <div class=\"img_caption\">\n                          <div class=\"cap_text\">\n                            \n                                                      <\/div>\n                          <div class=\"cap_num\">\n                            <strong> 4 z 11<\/strong>\n                          <\/div>\n\n                        <\/div>\n                      <\/div>\n\n                    <\/div>\n                  <\/div>\n                  \n                                    <div class=\"carousel-item \">\n                    <img decoding=\"async\" src=\"https:\/\/plsk.eu\/wp-content\/uploads\/2026\/09\/Spotkanie-Jedlicze-7.jpg\" alt=\"Agenda spotkania projektu \u201eNauka na rzecz Transgranicznych Obszar\u00f3w Funkcjonalnych\u201d w ramach programu Interreg Polska-S\u0142owacja. Vytla\u010den\u00fd program stretnutia v Jedlicze zo d\u0148a 24. 7. 2026 programu Interreg Po\u013esko-Slovensko.\" class=\"img_all\">\n                    <div class=\"row\">\n\n                      <div class=\"col-xxl-12 col-xl-12 col-lg-12 col-md-12 col-sm-12\">\n                        <div class=\"img_caption\">\n                          <div class=\"cap_text\">\n                            \n                                                      <\/div>\n                          <div class=\"cap_num\">\n                            <strong> 5 z 11<\/strong>\n                          <\/div>\n\n                        <\/div>\n                      <\/div>\n\n                    <\/div>\n                  <\/div>\n                  \n                                    <div class=\"carousel-item \">\n                    <img decoding=\"async\" src=\"https:\/\/plsk.eu\/wp-content\/uploads\/2026\/09\/Spotkanie-Jedlicze-6.jpg\" alt=\"Wyst\u0105pienie prelegenta podczas spotkania informacyjnego Gminy Jedlicze i programu Interreg Polska-S\u0142owacja. Vyst\u00fapenie re\u010dn\u00edka po\u010das informa\u010dn\u00e9ho stretnutia Gminy Jedlicze a programu Interreg Po\u013esko-Slovensko.\" class=\"img_all\">\n                    <div class=\"row\">\n\n                      <div class=\"col-xxl-12 col-xl-12 col-lg-12 col-md-12 col-sm-12\">\n                        <div class=\"img_caption\">\n                          <div class=\"cap_text\">\n                            \n                                                      <\/div>\n                          <div class=\"cap_num\">\n                            <strong> 6 z 11<\/strong>\n                          <\/div>\n\n                        <\/div>\n                      <\/div>\n\n                    <\/div>\n                  <\/div>\n                  \n                                    <div class=\"carousel-item \">\n                    <img decoding=\"async\" src=\"https:\/\/plsk.eu\/wp-content\/uploads\/2026\/09\/Spotkanie-Jedlicze-5.jpg\" alt=\"Prezentacja projektu Interreg Polska-S\u0142owacja \u2013 widok zza widowni na prelegenta i ekran projekcyjny. Prezent\u00e1cia projektu Interreg Po\u013esko-Slovensko \u2013 poh\u013ead z h\u013eadiska na re\u010dn\u00edka a projek\u010dn\u00fa obrazovku.\" class=\"img_all\">\n                    <div class=\"row\">\n\n                      <div class=\"col-xxl-12 col-xl-12 col-lg-12 col-md-12 col-sm-12\">\n                        <div class=\"img_caption\">\n                          <div class=\"cap_text\">\n                            \n                                                      <\/div>\n                          <div class=\"cap_num\">\n                            <strong> 7 z 11<\/strong>\n                          <\/div>\n\n                        <\/div>\n                      <\/div>\n\n                    <\/div>\n                  <\/div>\n                  \n                                    <div class=\"carousel-item \">\n                    <img decoding=\"async\" src=\"https:\/\/plsk.eu\/wp-content\/uploads\/2026\/09\/Spotkanie-Jedlicze-4.jpg\" alt=\"M\u0119\u017cczyzna w mundurze reprezentuj\u0105cy Magurski Park Narodowy przemawia podczas konferencji projektowej. Mu\u017e v uniforme zastupuj\u00faci Magursk\u00fd n\u00e1rodn\u00fd park hovor\u00ed po\u010das projektovej konferencie.\" class=\"img_all\">\n                    <div class=\"row\">\n\n                      <div class=\"col-xxl-12 col-xl-12 col-lg-12 col-md-12 col-sm-12\">\n                        <div class=\"img_caption\">\n                          <div class=\"cap_text\">\n                            \n                                                      <\/div>\n                          <div class=\"cap_num\">\n                            <strong> 8 z 11<\/strong>\n                          <\/div>\n\n                        <\/div>\n                      <\/div>\n\n                    <\/div>\n                  <\/div>\n                  \n                                    <div class=\"carousel-item \">\n                    <img decoding=\"async\" src=\"https:\/\/plsk.eu\/wp-content\/uploads\/2026\/09\/Spotkanie-Jedlicze-3.jpg\" alt=\"Kobieta w mundurze z mikrofonem prezentuje projekt \u201eNauka na rzecz Transgranicznych Obszar\u00f3w Funkcjonalnych\u201d. \u017dena v uniforme s mikrof\u00f3nom prezentuje projekt \u201eVeda pre cezhrani\u010dn\u00e9 funk\u010dn\u00e9 oblasti\u201c.\" class=\"img_all\">\n                    <div class=\"row\">\n\n                      <div class=\"col-xxl-12 col-xl-12 col-lg-12 col-md-12 col-sm-12\">\n                        <div class=\"img_caption\">\n                          <div class=\"cap_text\">\n                            \n                                                      <\/div>\n                          <div class=\"cap_num\">\n                            <strong> 9 z 11<\/strong>\n                          <\/div>\n\n                        <\/div>\n                      <\/div>\n\n                    <\/div>\n                  <\/div>\n                  \n                                    <div class=\"carousel-item \">\n                    <img decoding=\"async\" src=\"https:\/\/plsk.eu\/wp-content\/uploads\/2026\/09\/Spotkanie-Jedlicze-2.jpg\" alt=\"Uczestnicy spotkania Interreg Polska-S\u0142owacja siedz\u0105cy w rz\u0119dach na sali konferencyjnej. \u00da\u010dastn\u00edci stretnutia Interreg Po\u013esko-Slovensko sediaci v radoch v konferen\u010dnej miestnosti.\" class=\"img_all\">\n                    <div class=\"row\">\n\n                      <div class=\"col-xxl-12 col-xl-12 col-lg-12 col-md-12 col-sm-12\">\n                        <div class=\"img_caption\">\n                          <div class=\"cap_text\">\n                            \n                                                      <\/div>\n                          <div class=\"cap_num\">\n                            <strong> 10 z 11<\/strong>\n                          <\/div>\n\n                        <\/div>\n                      <\/div>\n\n                    <\/div>\n                  <\/div>\n                  \n                                    <div class=\"carousel-item \">\n                    <img decoding=\"async\" src=\"https:\/\/plsk.eu\/wp-content\/uploads\/2026\/09\/Spotkanie-Jedlicze-1.jpg\" alt=\"Trzech m\u0119\u017cczyzn na pierwszym planie oraz uczestnicy konferencji programu Interreg Polska-S\u0142owacja w Jedliczu. Traja mu\u017ei v popred\u00ed a \u010fal\u0161\u00ed \u00fa\u010dastn\u00edci konferencie programu Interreg Po\u013esko-Slovensko.\" class=\"img_all\">\n                    <div class=\"row\">\n\n                      <div class=\"col-xxl-12 col-xl-12 col-lg-12 col-md-12 col-sm-12\">\n                        <div class=\"img_caption\">\n                          <div class=\"cap_text\">\n                            \n                                                      <\/div>\n                          <div class=\"cap_num\">\n                            <strong> 11 z 11<\/strong>\n                          <\/div>\n\n                        <\/div>\n                      <\/div>\n\n                    <\/div>\n                  <\/div>\n                                  <\/div>\n              <\/div>\n\n            <\/div>\n            <div class=\"col-xxl-2 col-xl-2 col-lg-2 col-md-2 col-sm-12 gal_arrow mb-30px\">\n              <img decoding=\"async\" src=\"https:\/\/plsk.eu\/wp-content\/themes\/fundusze\/assets\/images\/back.svg\"\n                data-bs-target=\"#carouselExample3012mob3012\" data-bs-slide=\"prev\" alt=\"\"> <img decoding=\"async\"\n                src=\"https:\/\/plsk.eu\/wp-content\/themes\/fundusze\/assets\/images\/next.svg\"\n                data-bs-target=\"#carouselExample3012mob3012\" data-bs-slide=\"next\" alt=\"\">\n            <\/div>\n\n          <\/div>\n      <\/div>\n    <\/div>\n  <\/div>\n\n  ","protected":false},"excerpt":{"rendered":"<p>Z\u00e1stupcovia samospr\u00e1v a odborn\u00edci z akademickej obce sa stret\u00e1vaj\u00fa na spolo\u010dn\u00fdch konzult\u00e1ci\u00e1ch, aby diskutovali o rozvoji po\u013esko-slovensk\u00e9ho pohrani\u010dia. Aktivity realizovan\u00e9 v obci Gmina Jedlicze v spolupr\u00e1ci s partnermi z Po\u013eska a Slovenska predstavuj\u00fa k\u013e\u00fa\u010dov\u00fd prvok projektu: Veda pre cezhrani\u010dn\u00e9 funk\u010dn\u00e9 oblasti, ktor\u00fd sp\u00e1ja v\u00fdskumn\u00fd potenci\u00e1l s praktick\u00fdmi potrebami lok\u00e1lnych komun\u00edt. Odborn\u00fd dial\u00f3g a partnerstvo bez [&hellip;]<\/p>\n","protected":false},"author":22,"featured_media":45501,"comment_status":"closed","ping_status":"open","sticky":false,"template":"","format":"standard","meta":{"_acf_changed":false,"inline_featured_image":false,"_themeisle_gutenberg_block_has_review":false,"footnotes":"","_links_to":"","_links_to_target":""},"categories":[1839,1909],"tags":[],"class_list":["post-45503","post","type-post","status-publish","format-standard","has-post-thumbnail","hentry","category-bez-kategorii","category-strona-glowna-sk"],"acf":[],"_links":{"self":[{"href":"https:\/\/plsk.eu\/sk\/wp-json\/wp\/v2\/posts\/45503","targetHints":{"allow":["GET"]}}],"collection":[{"href":"https:\/\/plsk.eu\/sk\/wp-json\/wp\/v2\/posts"}],"about":[{"href":"https:\/\/plsk.eu\/sk\/wp-json\/wp\/v2\/types\/post"}],"author":[{"embeddable":true,"href":"https:\/\/plsk.eu\/sk\/wp-json\/wp\/v2\/users\/22"}],"replies":[{"embeddable":true,"href":"https:\/\/plsk.eu\/sk\/wp-json\/wp\/v2\/comments?post=45503"}],"version-history":[{"count":1,"href":"https:\/\/plsk.eu\/sk\/wp-json\/wp\/v2\/posts\/45503\/revisions"}],"predecessor-version":[{"id":45504,"href":"https:\/\/plsk.eu\/sk\/wp-json\/wp\/v2\/posts\/45503\/revisions\/45504"}],"wp:featuredmedia":[{"embeddable":true,"href":"https:\/\/plsk.eu\/sk\/wp-json\/wp\/v2\/media\/45501"}],"wp:attachment":[{"href":"https:\/\/plsk.eu\/sk\/wp-json\/wp\/v2\/media?parent=45503"}],"wp:term":[{"taxonomy":"category","embeddable":true,"href":"https:\/\/plsk.eu\/sk\/wp-json\/wp\/v2\/categories?post=45503"},{"taxonomy":"post_tag","embeddable":true,"href":"https:\/\/plsk.eu\/sk\/wp-json\/wp\/v2\/tags?post=45503"}],"curies":[{"name":"wp","href":"https:\/\/api.w.org\/{rel}","templated":true}]}}